{"id":72205,"date":"2020-09-10T17:49:27","date_gmt":"2020-09-10T17:49:27","guid":{"rendered":"http:\/\/folhadosudeste.com\/site\/?p=72205"},"modified":"2020-09-10T17:49:27","modified_gmt":"2020-09-10T17:49:27","slug":"muriae-ja-na-onda-verde-resolucao-no-20-de-10-de-setembro-20-traz-os-detalhes","status":"publish","type":"post","link":"http:\/\/folhadosudeste.com\/site\/?p=72205","title":{"rendered":"MURIA\u00c9 J\u00c1 NA ONDA VERDE. RESOLU\u00c7\u00c3O N\u00ba 20 DE 10 DE SETEMBRO\/20 TRAZ OS DETALHES"},"content":{"rendered":"<p><img decoding=\"async\" src=\"http:\/\/www.silvanalves.com.br\/portal\/wp-content\/uploads\/2020\/09\/DSC_0046_707x471-2.jpg\"><\/p>\n<p>https:\/\/www.facebook.com\/gregomuriae\/videos\/920393855152709<\/p>\n<p><strong>RESOLU\u00c7\u00c3O NR.20 DE 10 DE SETEMBRO DE 2020 TRAZ TODOS OS DETALHES, CLIQUE NO BANNER:<\/strong><\/p>\n<p><a href=\"http:\/\/folhadosudeste.com\/site\/wp-content\/uploads\/2020\/09\/RESOLUCAO_N._20_COVID-19.pdf\">RESOLUCAO_N._20_COVID-19<\/a><\/p>\n<p style=\"text-align: justify;\">A cidade de Muria\u00e9, uma das principais cidades do estado de Minas Gerais, polo regional com destaque na sa\u00fade, com\u00e9rcio, confec\u00e7\u00e3o, agropecu\u00e1ria e outros setores, j\u00e1 est\u00e1 voltando \u00e0 sua normalidade. Apesar de haver ainda restri\u00e7\u00f5es com rela\u00e7\u00e3o a eventos que possam causar aglomera\u00e7\u00e3o, muita coisa passa a funcionar e muitas com hor\u00e1rio integral. A&nbsp;<strong>ONDA VERDE<\/strong>&nbsp;\u00e9 administrada pelo Estado, e por isso h\u00e1 a necessidade de continuar cumprindo os protocolos de preven\u00e7\u00e3o contra o coronav\u00edrus, caso contr\u00e1rio, o munic\u00edpio pode regredir nas ondas. Distanciamento social, m\u00e1scara, \u00e1lcool em gel e outros procedimentos continuar\u00e3o sendo cobrados. Mais detalhes na Resolu\u00e7\u00e3o Municipal 20 de 10\/09\/2020 publicada nesta quinta-feira. As imagens foram registradas por nossa reportagem na manh\u00e3 de hoje. <em><strong>Fonte: Silvan Alves<\/strong><\/em><\/p>\n","protected":false},"excerpt":{"rendered":"<p>https:\/\/www.facebook.com\/gregomuriae\/videos\/920393855152709 RESOLU\u00c7\u00c3O NR.20 DE 10 DE SETEMBRO DE 2020 TRAZ TODOS OS DETALHES, CLIQUE NO BANNER: RESOLUCAO_N._20_COVID-19 A cidade de Muria\u00e9, uma das principais cidades do estado de Minas Gerais, polo regional com destaque na sa\u00fade, com\u00e9rcio, confec\u00e7\u00e3o, agropecu\u00e1ria e outros setores, j\u00e1 est\u00e1 voltando \u00e0 sua normalidade. Apesar de haver ainda restri\u00e7\u00f5es com rela\u00e7\u00e3o [&hellip;]<\/p>\n","protected":false},"author":6,"featured_media":0,"comment_status":"open","ping_status":"closed","sticky":false,"template":"","format":"standard","meta":{"_joinchat":[],"footnotes":""},"categories":[1],"tags":[],"class_list":["post-72205","post","type-post","status-publish","format-standard","hentry","category-sem-categoria"],"_links":{"self":[{"href":"http:\/\/folhadosudeste.com\/site\/index.php?rest_route=\/wp\/v2\/posts\/72205","targetHints":{"allow":["GET"]}}],"collection":[{"href":"http:\/\/folhadosudeste.com\/site\/index.php?rest_route=\/wp\/v2\/posts"}],"about":[{"href":"http:\/\/folhadosudeste.com\/site\/index.php?rest_route=\/wp\/v2\/types\/post"}],"author":[{"embeddable":true,"href":"http:\/\/folhadosudeste.com\/site\/index.php?rest_route=\/wp\/v2\/users\/6"}],"replies":[{"embeddable":true,"href":"http:\/\/folhadosudeste.com\/site\/index.php?rest_route=%2Fwp%2Fv2%2Fcomments&post=72205"}],"version-history":[{"count":1,"href":"http:\/\/folhadosudeste.com\/site\/index.php?rest_route=\/wp\/v2\/posts\/72205\/revisions"}],"predecessor-version":[{"id":72207,"href":"http:\/\/folhadosudeste.com\/site\/index.php?rest_route=\/wp\/v2\/posts\/72205\/revisions\/72207"}],"wp:attachment":[{"href":"http:\/\/folhadosudeste.com\/site\/index.php?rest_route=%2Fwp%2Fv2%2Fmedia&parent=72205"}],"wp:term":[{"taxonomy":"category","embeddable":true,"href":"http:\/\/folhadosudeste.com\/site\/index.php?rest_route=%2Fwp%2Fv2%2Fcategories&post=72205"},{"taxonomy":"post_tag","embeddable":true,"href":"http:\/\/folhadosudeste.com\/site\/index.php?rest_route=%2Fwp%2Fv2%2Ftags&post=72205"}],"curies":[{"name":"wp","href":"https:\/\/api.w.org\/{rel}","templated":true}]}}