{"id":72208,"date":"2020-09-11T00:30:15","date_gmt":"2020-09-11T00:30:15","guid":{"rendered":"http:\/\/folhadosudeste.com\/site\/?p=72208"},"modified":"2020-09-11T00:30:15","modified_gmt":"2020-09-11T00:30:15","slug":"muriae-tem-74-novos-casos-e-mais-3-mortes-por-covid-total-de-pacientes-ativos-retorna-ao-patamar-mais-alto-de-3-semanas","status":"publish","type":"post","link":"http:\/\/folhadosudeste.com\/site\/?p=72208","title":{"rendered":"Muria\u00e9 tem 74 novos casos e mais 3 mortes por covid; total de pacientes ativos retorna ao patamar mais alto de 3 semanas"},"content":{"rendered":"<p><a href=\"http:\/\/folhadosudeste.com\/site\/wp-content\/uploads\/2020\/09\/33319b3f179475348199ad29bc824fba.10092020-11111-boletim.jpg\"><img loading=\"lazy\" decoding=\"async\" class=\"alignnone size-full wp-image-72209\" src=\"http:\/\/folhadosudeste.com\/site\/wp-content\/uploads\/2020\/09\/33319b3f179475348199ad29bc824fba.10092020-11111-boletim.jpg\" alt=\"\" width=\"700\" height=\"525\" srcset=\"http:\/\/folhadosudeste.com\/site\/wp-content\/uploads\/2020\/09\/33319b3f179475348199ad29bc824fba.10092020-11111-boletim.jpg 700w, http:\/\/folhadosudeste.com\/site\/wp-content\/uploads\/2020\/09\/33319b3f179475348199ad29bc824fba.10092020-11111-boletim-300x225.jpg 300w\" sizes=\"auto, (max-width: 700px) 100vw, 700px\" \/><\/a><\/p>\n<p>O n\u00famero de pacientes ativos da covid-19 em Muria\u00e9 nas \u00faltimas 24 horas e alcan\u00e7ou o patamar mais alto das \u00faltimas tr\u00eas semanas. Nesta quinta-feira, 173 pessoas (146 muriaeenses e 27 moradores de outras cidades) est\u00e3o em tratamento contra a doen\u00e7a, o maior \u00edndice desde o dia 21 de agosto.<\/p>\n<p>O crescimento do total de pessoas em recupera\u00e7\u00e3o aumentou em raz\u00e3o das 74 novas infec\u00e7\u00f5es que foram confirmadas de ontem para hoje (70 entre muriaeenses e quatro entre pessoas de fora). J\u00e1 o n\u00famero de curados no mesmo per\u00edodo ficou limitado a 40.<\/p>\n<p><!--more--><\/p>\n<p>A alta nos n\u00fameros pode ser resultado do ac\u00famulo de exames feitos durante o feriado prolongado, uma vez que os resultados s\u00f3 s\u00e3o computados no sistema em dias \u00fateis.<\/p>\n<p>\u201cVamos continuar monitorando a situa\u00e7\u00e3o nos pr\u00f3ximos dias\u201d, informa a enfermeira Laura Freitas, respons\u00e1vel pelo acompanhamento dos dados referentes \u00e0 covid-19 em Muria\u00e9.<\/p>\n<p><strong>\u00d3bitos &#8211;<\/strong>&nbsp;O boletim epidemiol\u00f3gico desta quinta-feira tamb\u00e9m trouxe a confirma\u00e7\u00e3o de mais tr\u00eas mortes provocadas pela covid-19.<\/p>\n<p>Dois pacientes (uma mulher de 63 anos, que tinha press\u00e3o alta, e um homem de 55, com doen\u00e7a neurol\u00f3gica) eram residentes em outras cidades. J\u00e1 o terceiro \u00f3bito foi de um morador de Muria\u00e9: um senhor de 86 anos, que tamb\u00e9m sofria de insufici\u00eancia renal e doen\u00e7a pulmonar.<\/p>\n<p>Veja os n\u00fameros completos de hoje (10\/09\/2020):<\/p>\n<p><strong>MORADORES DE MURIA\u00c9<\/strong><br \/>\nTotal de confirma\u00e7\u00f5es: 2.641 (em rela\u00e7\u00e3o ao boletim anterior: +70)<br \/>\nPacientes ativos: 146 (em rela\u00e7\u00e3o ao boletim anterior: +31)<br \/>\nPacientes curados: 2.425 (em rela\u00e7\u00e3o ao boletim anterior: +38)<br \/>\n\u00d3bitos: 70 (em rela\u00e7\u00e3o ao boletim anterior: +01)<br \/>\nEm investiga\u00e7\u00e3o (com exame): 33<br \/>\nEm monitoramento (sem exame): 415<br \/>\nNegativos: 3.496<\/p>\n<p><strong>MORADORES DE OUTRAS CIDADES<\/strong><br \/>\nTotal de confirma\u00e7\u00f5es: 249 (em rela\u00e7\u00e3o ao boletim anterior: +04)<br \/>\nPacientes ativos: 27 (em rela\u00e7\u00e3o ao boletim anterior: sem altera\u00e7\u00e3o)<br \/>\nPacientes curados: 182 (em rela\u00e7\u00e3o ao boletim anterior: +02)<br \/>\n\u00d3bitos: 40 (em rela\u00e7\u00e3o ao boletim anterior: +02)<br \/>\nEm investiga\u00e7\u00e3o (com exame): 14<br \/>\nEm monitoramento (sem exame): 03<br \/>\nNegativos: 484<\/p>\n<p>Fonte:&nbsp;https:\/\/muriae.mg.gov.br\/coronavirus\/<\/p>\n","protected":false},"excerpt":{"rendered":"<p>O n\u00famero de pacientes ativos da covid-19 em Muria\u00e9 nas \u00faltimas 24 horas e alcan\u00e7ou o patamar mais alto das \u00faltimas tr\u00eas semanas. Nesta quinta-feira, 173 pessoas (146 muriaeenses e 27 moradores de outras cidades) est\u00e3o em tratamento contra a doen\u00e7a, o maior \u00edndice desde o dia 21 de agosto. O crescimento do total de [&hellip;]<\/p>\n","protected":false},"author":6,"featured_media":0,"comment_status":"open","ping_status":"closed","sticky":false,"template":"","format":"standard","meta":{"_joinchat":[],"footnotes":""},"categories":[1],"tags":[],"class_list":["post-72208","post","type-post","status-publish","format-standard","hentry","category-sem-categoria"],"_links":{"self":[{"href":"http:\/\/folhadosudeste.com\/site\/index.php?rest_route=\/wp\/v2\/posts\/72208","targetHints":{"allow":["GET"]}}],"collection":[{"href":"http:\/\/folhadosudeste.com\/site\/index.php?rest_route=\/wp\/v2\/posts"}],"about":[{"href":"http:\/\/folhadosudeste.com\/site\/index.php?rest_route=\/wp\/v2\/types\/post"}],"author":[{"embeddable":true,"href":"http:\/\/folhadosudeste.com\/site\/index.php?rest_route=\/wp\/v2\/users\/6"}],"replies":[{"embeddable":true,"href":"http:\/\/folhadosudeste.com\/site\/index.php?rest_route=%2Fwp%2Fv2%2Fcomments&post=72208"}],"version-history":[{"count":1,"href":"http:\/\/folhadosudeste.com\/site\/index.php?rest_route=\/wp\/v2\/posts\/72208\/revisions"}],"predecessor-version":[{"id":72210,"href":"http:\/\/folhadosudeste.com\/site\/index.php?rest_route=\/wp\/v2\/posts\/72208\/revisions\/72210"}],"wp:attachment":[{"href":"http:\/\/folhadosudeste.com\/site\/index.php?rest_route=%2Fwp%2Fv2%2Fmedia&parent=72208"}],"wp:term":[{"taxonomy":"category","embeddable":true,"href":"http:\/\/folhadosudeste.com\/site\/index.php?rest_route=%2Fwp%2Fv2%2Fcategories&post=72208"},{"taxonomy":"post_tag","embeddable":true,"href":"http:\/\/folhadosudeste.com\/site\/index.php?rest_route=%2Fwp%2Fv2%2Ftags&post=72208"}],"curies":[{"name":"wp","href":"https:\/\/api.w.org\/{rel}","templated":true}]}}