{"id":72256,"date":"2020-09-17T00:41:19","date_gmt":"2020-09-17T00:41:19","guid":{"rendered":"http:\/\/folhadosudeste.com\/site\/?p=72256"},"modified":"2020-09-17T00:41:19","modified_gmt":"2020-09-17T00:41:19","slug":"nacional-adere-a-campanha-e-pede-doacao-dos-torcedores","status":"publish","type":"post","link":"http:\/\/folhadosudeste.com\/site\/?p=72256","title":{"rendered":"Nacional adere \u00e0 campanha e pede doa\u00e7\u00e3o dos torcedores"},"content":{"rendered":"<p><a href=\"http:\/\/folhadosudeste.com\/site\/wp-content\/uploads\/2020\/09\/c23e073c-bcbc-4665-9f4b-40f5ba7ef28a.jpg\"><img loading=\"lazy\" decoding=\"async\" class=\"alignnone size-full wp-image-72257\" src=\"http:\/\/folhadosudeste.com\/site\/wp-content\/uploads\/2020\/09\/c23e073c-bcbc-4665-9f4b-40f5ba7ef28a.jpg\" alt=\"\" width=\"1080\" height=\"1080\" srcset=\"http:\/\/folhadosudeste.com\/site\/wp-content\/uploads\/2020\/09\/c23e073c-bcbc-4665-9f4b-40f5ba7ef28a.jpg 1080w, http:\/\/folhadosudeste.com\/site\/wp-content\/uploads\/2020\/09\/c23e073c-bcbc-4665-9f4b-40f5ba7ef28a-150x150.jpg 150w, http:\/\/folhadosudeste.com\/site\/wp-content\/uploads\/2020\/09\/c23e073c-bcbc-4665-9f4b-40f5ba7ef28a-300x300.jpg 300w, http:\/\/folhadosudeste.com\/site\/wp-content\/uploads\/2020\/09\/c23e073c-bcbc-4665-9f4b-40f5ba7ef28a-768x768.jpg 768w, http:\/\/folhadosudeste.com\/site\/wp-content\/uploads\/2020\/09\/c23e073c-bcbc-4665-9f4b-40f5ba7ef28a-1024x1024.jpg 1024w\" sizes=\"auto, (max-width: 1080px) 100vw, 1080px\" \/><\/a><\/p>\n<p style=\"text-align: justify;\">Assim como todos os clubes, o Nacional tamb\u00e9m foi bastante impactado financeiramente por conta da pandemia e a diretoria vem buscando solu\u00e7\u00f5es para manter os compromissos em dia.<\/p>\n<p style=\"text-align: justify;\">Depois de lan\u00e7ar uma rifa de uma moto 0 Km (que continua sendo vendida), a nova iniciativa do clube foi aderir \u00e0 campanha \u201cEm Campo Pelo Interior\u201d, idealizada pelo site Largados Futebol Clube e o Cart\u00e3o Elo.<\/p>\n<p style=\"text-align: justify;\">Atrav\u00e9s da campanha, o torcedor poder\u00e1 fazer doa\u00e7\u00f5es de qualquer valor pela plataforma exclusiva da parceria. As doa\u00e7\u00f5es poder\u00e3o ser feitas atrav\u00e9s de cart\u00f5es de cr\u00e9dito de qualquer bandeira e tamb\u00e9m pelos aplicativos PayPal e PicPay.<\/p>\n<p><!--more--><\/p>\n<p style=\"text-align: justify;\">Para contribuir, basta acessar o link: doa.re\/nac-muriae , selecionar o valor e a forma de pagamento.<\/p>\n<p style=\"text-align: justify;\">Os doadores receber\u00e3o por e-mail um certificado de contribuinte personalizado com seu nome. Como forma de incentivar as doa\u00e7\u00f5es e tamb\u00e9m retribuir o apoio, o Nacional sortear\u00e1 uma camisa oficial &#8211; edi\u00e7\u00e3o 2020 \u2013 entre aqueles que doarem a partir de R$ 10. O sorteio ser\u00e1 realizado ao fim do M\u00f3dulo II.<\/p>\n<p style=\"text-align: justify;\">O valor arrecadado ser\u00e1 revertido exclusivamente para ajudar no pagamento de sal\u00e1rios de jogadores, comiss\u00e3o t\u00e9cnica e funcion\u00e1rios.<\/p>\n<p style=\"text-align: justify;\">O NAC est\u00e1 em pr\u00e9-temporada desde o dia 3 de setembro visando a retomada do M\u00f3dulo II do Campeonato Mineiro, competi\u00e7\u00e3o em que ocupa a vice-lideran\u00e7a.<\/p>\n","protected":false},"excerpt":{"rendered":"<p>Assim como todos os clubes, o Nacional tamb\u00e9m foi bastante impactado financeiramente por conta da pandemia e a diretoria vem buscando solu\u00e7\u00f5es para manter os compromissos em dia. Depois de lan\u00e7ar uma rifa de uma moto 0 Km (que continua sendo vendida), a nova iniciativa do clube foi aderir \u00e0 campanha \u201cEm Campo Pelo Interior\u201d, [&hellip;]<\/p>\n","protected":false},"author":6,"featured_media":0,"comment_status":"open","ping_status":"closed","sticky":false,"template":"","format":"standard","meta":{"_joinchat":[],"footnotes":""},"categories":[1],"tags":[],"class_list":["post-72256","post","type-post","status-publish","format-standard","hentry","category-sem-categoria"],"_links":{"self":[{"href":"http:\/\/folhadosudeste.com\/site\/index.php?rest_route=\/wp\/v2\/posts\/72256","targetHints":{"allow":["GET"]}}],"collection":[{"href":"http:\/\/folhadosudeste.com\/site\/index.php?rest_route=\/wp\/v2\/posts"}],"about":[{"href":"http:\/\/folhadosudeste.com\/site\/index.php?rest_route=\/wp\/v2\/types\/post"}],"author":[{"embeddable":true,"href":"http:\/\/folhadosudeste.com\/site\/index.php?rest_route=\/wp\/v2\/users\/6"}],"replies":[{"embeddable":true,"href":"http:\/\/folhadosudeste.com\/site\/index.php?rest_route=%2Fwp%2Fv2%2Fcomments&post=72256"}],"version-history":[{"count":1,"href":"http:\/\/folhadosudeste.com\/site\/index.php?rest_route=\/wp\/v2\/posts\/72256\/revisions"}],"predecessor-version":[{"id":72258,"href":"http:\/\/folhadosudeste.com\/site\/index.php?rest_route=\/wp\/v2\/posts\/72256\/revisions\/72258"}],"wp:attachment":[{"href":"http:\/\/folhadosudeste.com\/site\/index.php?rest_route=%2Fwp%2Fv2%2Fmedia&parent=72256"}],"wp:term":[{"taxonomy":"category","embeddable":true,"href":"http:\/\/folhadosudeste.com\/site\/index.php?rest_route=%2Fwp%2Fv2%2Fcategories&post=72256"},{"taxonomy":"post_tag","embeddable":true,"href":"http:\/\/folhadosudeste.com\/site\/index.php?rest_route=%2Fwp%2Fv2%2Ftags&post=72256"}],"curies":[{"name":"wp","href":"https:\/\/api.w.org\/{rel}","templated":true}]}}