{"id":72297,"date":"2020-09-17T20:12:41","date_gmt":"2020-09-17T20:12:41","guid":{"rendered":"http:\/\/folhadosudeste.com\/site\/?p=72297"},"modified":"2020-09-17T20:12:41","modified_gmt":"2020-09-17T20:12:41","slug":"muriae-registra-mais-4-mortes-por-covid-e-tem-terceiro-aumento-seguido-em-numero-de-pacientes-ativos","status":"publish","type":"post","link":"http:\/\/folhadosudeste.com\/site\/?p=72297","title":{"rendered":"Muria\u00e9 registra mais 4 mortes por covid e tem terceiro aumento seguido em n\u00famero de pacientes ativos"},"content":{"rendered":"<p><img decoding=\"async\" src=\"https:\/\/muriae.mg.gov.br\/wp-content\/uploads\/2020\/09\/17092020.png\" alt=\"17092020\"><\/p>\n<p style=\"text-align: justify;\">O boletim desta quinta-feira, dia 17 de setembro, trouxe mais registros de mortes provocadas pela covid-19 em Muria\u00e9. Al\u00e9m disso, o n\u00famero de novos casos da doen\u00e7a foi novamente maior que o de recuperados, fazendo o total de pacientes ativos (ou seja, que est\u00e3o em tratamento) subir pelo terceiro dia consecutivo.<\/p>\n<p style=\"text-align: justify;\">Foram quatro \u00f3bitos no total, dois deles de moradores locais: um homem de 44 anos, que tamb\u00e9m era hipertenso, e uma mulher de 63, com obesidade. As outras mortes foram de duas mulheres, uma de 55 e outra de 71 anos, que moravam em outras cidades. Ambas faziam tratamento contra c\u00e2ncer.<\/p>\n<p><!--more--><\/p>\n<p style=\"text-align: justify;\"><strong>Novos casos &#8211;<\/strong>&nbsp;Nas \u00faltimas 24 horas, foram confirmadas 32 novas infec\u00e7\u00f5es por coronav\u00edrus entre moradores de Muria\u00e9, contra 27 curados no mesmo per\u00edodo. O n\u00famero de muriaeenses que ainda est\u00e3o em tratamento subiu de 127 para 140 nos \u00faltimos tr\u00eas dias.<\/p>\n<p style=\"text-align: justify;\">Veja os n\u00fameros completos de hoje (17\/09\/2020):<\/p>\n<p style=\"text-align: justify;\"><strong>MORADORES DE MURIA\u00c9<\/strong><br \/>\nTotal de confirma\u00e7\u00f5es: 2.792 (em rela\u00e7\u00e3o ao boletim anterior: +32)<br \/>\nPacientes ativos: 140 (em rela\u00e7\u00e3o ao boletim anterior: +03)<br \/>\nPacientes curados: 2.577 (em rela\u00e7\u00e3o ao boletim anterior: +27)<br \/>\n\u00d3bitos: 75 (em rela\u00e7\u00e3o ao boletim anterior: +02)<br \/>\nEm investiga\u00e7\u00e3o (com exame): 38<br \/>\nEm monitoramento (sem exame): 421<br \/>\nNegativos: 3.689<\/p>\n<p style=\"text-align: justify;\"><strong>MORADORES DE OUTRAS CIDADES<\/strong><br \/>\nTotal de confirma\u00e7\u00f5es: 259 (em rela\u00e7\u00e3o ao boletim anterior: +04)<br \/>\nPacientes ativos: 24 (em rela\u00e7\u00e3o ao boletim anterior: +01)<br \/>\nPacientes curados: 192 (em rela\u00e7\u00e3o ao boletim anterior: +01)<br \/>\n\u00d3bitos: 43 (em rela\u00e7\u00e3o ao boletim anterior: +02)<br \/>\nEm investiga\u00e7\u00e3o (com exame): 07<br \/>\nEm monitoramento (sem exame): 03<br \/>\nNegativos: 508<\/p>\n","protected":false},"excerpt":{"rendered":"<p>O boletim desta quinta-feira, dia 17 de setembro, trouxe mais registros de mortes provocadas pela covid-19 em Muria\u00e9. Al\u00e9m disso, o n\u00famero de novos casos da doen\u00e7a foi novamente maior que o de recuperados, fazendo o total de pacientes ativos (ou seja, que est\u00e3o em tratamento) subir pelo terceiro dia consecutivo. Foram quatro \u00f3bitos no [&hellip;]<\/p>\n","protected":false},"author":6,"featured_media":0,"comment_status":"open","ping_status":"closed","sticky":false,"template":"","format":"standard","meta":{"_joinchat":[],"footnotes":""},"categories":[1],"tags":[],"class_list":["post-72297","post","type-post","status-publish","format-standard","hentry","category-sem-categoria"],"_links":{"self":[{"href":"http:\/\/folhadosudeste.com\/site\/index.php?rest_route=\/wp\/v2\/posts\/72297","targetHints":{"allow":["GET"]}}],"collection":[{"href":"http:\/\/folhadosudeste.com\/site\/index.php?rest_route=\/wp\/v2\/posts"}],"about":[{"href":"http:\/\/folhadosudeste.com\/site\/index.php?rest_route=\/wp\/v2\/types\/post"}],"author":[{"embeddable":true,"href":"http:\/\/folhadosudeste.com\/site\/index.php?rest_route=\/wp\/v2\/users\/6"}],"replies":[{"embeddable":true,"href":"http:\/\/folhadosudeste.com\/site\/index.php?rest_route=%2Fwp%2Fv2%2Fcomments&post=72297"}],"version-history":[{"count":1,"href":"http:\/\/folhadosudeste.com\/site\/index.php?rest_route=\/wp\/v2\/posts\/72297\/revisions"}],"predecessor-version":[{"id":72298,"href":"http:\/\/folhadosudeste.com\/site\/index.php?rest_route=\/wp\/v2\/posts\/72297\/revisions\/72298"}],"wp:attachment":[{"href":"http:\/\/folhadosudeste.com\/site\/index.php?rest_route=%2Fwp%2Fv2%2Fmedia&parent=72297"}],"wp:term":[{"taxonomy":"category","embeddable":true,"href":"http:\/\/folhadosudeste.com\/site\/index.php?rest_route=%2Fwp%2Fv2%2Fcategories&post=72297"},{"taxonomy":"post_tag","embeddable":true,"href":"http:\/\/folhadosudeste.com\/site\/index.php?rest_route=%2Fwp%2Fv2%2Ftags&post=72297"}],"curies":[{"name":"wp","href":"https:\/\/api.w.org\/{rel}","templated":true}]}}