{"id":72302,"date":"2020-09-19T00:46:10","date_gmt":"2020-09-19T00:46:10","guid":{"rendered":"http:\/\/folhadosudeste.com\/site\/?p=72302"},"modified":"2020-09-19T00:46:10","modified_gmt":"2020-09-19T00:46:10","slug":"com-alta-de-25-na-semana-numero-de-muriaeenses-com-covid-19-retorna-a-patamar-de-43-dias-atras","status":"publish","type":"post","link":"http:\/\/folhadosudeste.com\/site\/?p=72302","title":{"rendered":"Com alta de 25% na semana, n\u00famero de muriaeenses com covid-19 retorna a patamar de 43 dias atr\u00e1s"},"content":{"rendered":"<p><a href=\"http:\/\/folhadosudeste.com\/site\/wp-content\/uploads\/2020\/09\/informa\u00e7\u00f5es-Oficias-2048x666-1.png\"><img loading=\"lazy\" decoding=\"async\" class=\"alignnone size-full wp-image-72303\" src=\"http:\/\/folhadosudeste.com\/site\/wp-content\/uploads\/2020\/09\/informa\u00e7\u00f5es-Oficias-2048x666-1.png\" alt=\"\" width=\"2048\" height=\"666\" srcset=\"http:\/\/folhadosudeste.com\/site\/wp-content\/uploads\/2020\/09\/informa\u00e7\u00f5es-Oficias-2048x666-1.png 2048w, http:\/\/folhadosudeste.com\/site\/wp-content\/uploads\/2020\/09\/informa\u00e7\u00f5es-Oficias-2048x666-1-300x98.png 300w, http:\/\/folhadosudeste.com\/site\/wp-content\/uploads\/2020\/09\/informa\u00e7\u00f5es-Oficias-2048x666-1-768x250.png 768w, http:\/\/folhadosudeste.com\/site\/wp-content\/uploads\/2020\/09\/informa\u00e7\u00f5es-Oficias-2048x666-1-1024x333.png 1024w\" sizes=\"auto, (max-width: 2048px) 100vw, 2048px\" \/><\/a><\/p>\n<p>O n\u00famero de pessoas que est\u00e3o em tratamento contra a covid-19 subiu pelo quarto dia seguido em Muria\u00e9, resultando em alta de 25,2%% durante a semana.<\/p>\n<p>S\u00e3o 159 moradores locais infectados nesta sexta-feira, 32 a mais do que havia na segunda. O \u00edndice tamb\u00e9m \u00e9 o mais alto desde o dia 6 de agosto, quando a cidade contabilizava 162 pacientes ativos.<\/p>\n<p><!--more--><\/p>\n<p>Veja os n\u00fameros completos de hoje (18\/09\/2020):<\/p>\n<p><strong>MORADORES DE MURIA\u00c9<\/strong><br \/>\nTotal de confirma\u00e7\u00f5es: 2.835 (em rela\u00e7\u00e3o ao boletim anterior: +43)<br \/>\nPacientes ativos: 159 (em rela\u00e7\u00e3o ao boletim anterior: +19)<br \/>\nPacientes curados: 2.601 (em rela\u00e7\u00e3o ao boletim anterior: +24)<br \/>\n\u00d3bitos: 75 (em rela\u00e7\u00e3o ao boletim anterior: sem altera\u00e7\u00e3o)<br \/>\nEm investiga\u00e7\u00e3o (com exame): 47<br \/>\nEm monitoramento (sem exame): 428<br \/>\nNegativos: 3.747<\/p>\n<p><strong>MORADORES DE OUTRAS CIDADES<\/strong><br \/>\nTotal de confirma\u00e7\u00f5es: 265 (em rela\u00e7\u00e3o ao boletim anterior: +06)<br \/>\nPacientes ativos: 27 (em rela\u00e7\u00e3o ao boletim anterior: +03)<br \/>\nPacientes curados: 195 (em rela\u00e7\u00e3o ao boletim anterior: +03)<br \/>\n\u00d3bitos: 43 (em rela\u00e7\u00e3o ao boletim anterior: sem altera\u00e7\u00e3o)<br \/>\nEm investiga\u00e7\u00e3o (com exame): 11<br \/>\nEm monitoramento (sem exame): 03<br \/>\nNegativos: 514<\/p>\n<p>Fonte:&nbsp;https:\/\/muriae.mg.gov.br\/coronavirus\/<\/p>\n","protected":false},"excerpt":{"rendered":"<p>O n\u00famero de pessoas que est\u00e3o em tratamento contra a covid-19 subiu pelo quarto dia seguido em Muria\u00e9, resultando em alta de 25,2%% durante a semana. S\u00e3o 159 moradores locais infectados nesta sexta-feira, 32 a mais do que havia na segunda. O \u00edndice tamb\u00e9m \u00e9 o mais alto desde o dia 6 de agosto, quando [&hellip;]<\/p>\n","protected":false},"author":6,"featured_media":0,"comment_status":"open","ping_status":"closed","sticky":false,"template":"","format":"standard","meta":{"_joinchat":[],"footnotes":""},"categories":[1],"tags":[],"class_list":["post-72302","post","type-post","status-publish","format-standard","hentry","category-sem-categoria"],"_links":{"self":[{"href":"http:\/\/folhadosudeste.com\/site\/index.php?rest_route=\/wp\/v2\/posts\/72302","targetHints":{"allow":["GET"]}}],"collection":[{"href":"http:\/\/folhadosudeste.com\/site\/index.php?rest_route=\/wp\/v2\/posts"}],"about":[{"href":"http:\/\/folhadosudeste.com\/site\/index.php?rest_route=\/wp\/v2\/types\/post"}],"author":[{"embeddable":true,"href":"http:\/\/folhadosudeste.com\/site\/index.php?rest_route=\/wp\/v2\/users\/6"}],"replies":[{"embeddable":true,"href":"http:\/\/folhadosudeste.com\/site\/index.php?rest_route=%2Fwp%2Fv2%2Fcomments&post=72302"}],"version-history":[{"count":1,"href":"http:\/\/folhadosudeste.com\/site\/index.php?rest_route=\/wp\/v2\/posts\/72302\/revisions"}],"predecessor-version":[{"id":72304,"href":"http:\/\/folhadosudeste.com\/site\/index.php?rest_route=\/wp\/v2\/posts\/72302\/revisions\/72304"}],"wp:attachment":[{"href":"http:\/\/folhadosudeste.com\/site\/index.php?rest_route=%2Fwp%2Fv2%2Fmedia&parent=72302"}],"wp:term":[{"taxonomy":"category","embeddable":true,"href":"http:\/\/folhadosudeste.com\/site\/index.php?rest_route=%2Fwp%2Fv2%2Fcategories&post=72302"},{"taxonomy":"post_tag","embeddable":true,"href":"http:\/\/folhadosudeste.com\/site\/index.php?rest_route=%2Fwp%2Fv2%2Ftags&post=72302"}],"curies":[{"name":"wp","href":"https:\/\/api.w.org\/{rel}","templated":true}]}}