{"id":72337,"date":"2020-09-22T14:42:00","date_gmt":"2020-09-22T14:42:00","guid":{"rendered":"http:\/\/folhadosudeste.com\/site\/?p=72337"},"modified":"2020-09-22T14:42:00","modified_gmt":"2020-09-22T14:42:00","slug":"mais-3-mortes-por-covid-foram-registradas-em-muriae-no-fim-de-semana","status":"publish","type":"post","link":"http:\/\/folhadosudeste.com\/site\/?p=72337","title":{"rendered":"Mais 3 mortes por covid foram registradas em Muria\u00e9 no fim de semana"},"content":{"rendered":"<p><img decoding=\"async\" src=\"https:\/\/muriae.mg.gov.br\/wp-content\/uploads\/2020\/09\/2E60806D-29CE-45C0-9098-42B4909EAFAD.jpeg\" alt=\"2E60806D-29CE-45C0-9098-42B4909EAFAD\"><\/p>\n<p style=\"text-align: justify;\">O boletim desta segunda-feira, dia 21 de setembro, trouxe o registro de mais tr\u00eas \u00f3bitos em raz\u00e3o da covid-19 em Muria\u00e9.<\/p>\n<p style=\"text-align: justify;\">As novas v\u00edtimas da doen\u00e7a foram um homem de 71 anos com press\u00e3o alta e enfisema pulmonar; um de 62 anos que tinha c\u00e2ncer; e uma mulher de 55 anos, tamb\u00e9m com c\u00e2ncer. Todos os tr\u00eas pacientes eram moradores de outras cidades, mas estavam internados em hospitais muriaeenses.<\/p>\n<p style=\"text-align: justify;\"><strong>Novas infec\u00e7\u00f5es &#8211;<\/strong>&nbsp;O boletim tamb\u00e9m trouxe a confirma\u00e7\u00e3o de 16 novos casos de covid, sendo 15 deles entre moradores de Muria\u00e9 e um entre pessoas residentes em outros munic\u00edpios.<\/p>\n<p><!--more--><\/p>\n<p style=\"text-align: justify;\">Veja os n\u00fameros completos de hoje (21\/09\/2020), com dados retirados do sistema \u00e0s 9h:<\/p>\n<p style=\"text-align: justify;\"><strong>MORADORES DE MURIA\u00c9<\/strong><br \/>\nTotal de confirma\u00e7\u00f5es: 2.850 (em rela\u00e7\u00e3o ao boletim anterior: +15)<br \/>\nPacientes ativos: 110 (em rela\u00e7\u00e3o ao boletim anterior: -49)<br \/>\nPacientes curados: 2.665 (em rela\u00e7\u00e3o ao boletim anterior: +64)<br \/>\n\u00d3bitos: 75 (em rela\u00e7\u00e3o ao boletim anterior: sem altera\u00e7\u00e3o)<br \/>\nEm investiga\u00e7\u00e3o (com exame): 41<br \/>\nEm monitoramento (sem exame): 363<br \/>\nNegativos: 3.758<\/p>\n<p style=\"text-align: justify;\"><strong>MORADORES DE OUTRAS CIDADES<\/strong><br \/>\nTotal de confirma\u00e7\u00f5es: 266 (em rela\u00e7\u00e3o ao boletim anterior: +01)<br \/>\nPacientes ativos: 22 (em rela\u00e7\u00e3o ao boletim anterior: -05)<br \/>\nPacientes curados: 198 (em rela\u00e7\u00e3o ao boletim anterior: +03)<br \/>\n\u00d3bitos: 46 (em rela\u00e7\u00e3o ao boletim anterior: +03)<br \/>\nEm investiga\u00e7\u00e3o (com exame): 08<br \/>\nEm monitoramento (sem exame): 03<br \/>\nNegativos: 514<\/p>\n","protected":false},"excerpt":{"rendered":"<p>O boletim desta segunda-feira, dia 21 de setembro, trouxe o registro de mais tr\u00eas \u00f3bitos em raz\u00e3o da covid-19 em Muria\u00e9. As novas v\u00edtimas da doen\u00e7a foram um homem de 71 anos com press\u00e3o alta e enfisema pulmonar; um de 62 anos que tinha c\u00e2ncer; e uma mulher de 55 anos, tamb\u00e9m com c\u00e2ncer. Todos [&hellip;]<\/p>\n","protected":false},"author":6,"featured_media":0,"comment_status":"open","ping_status":"closed","sticky":false,"template":"","format":"standard","meta":{"_joinchat":[],"footnotes":""},"categories":[1],"tags":[],"class_list":["post-72337","post","type-post","status-publish","format-standard","hentry","category-sem-categoria"],"_links":{"self":[{"href":"http:\/\/folhadosudeste.com\/site\/index.php?rest_route=\/wp\/v2\/posts\/72337","targetHints":{"allow":["GET"]}}],"collection":[{"href":"http:\/\/folhadosudeste.com\/site\/index.php?rest_route=\/wp\/v2\/posts"}],"about":[{"href":"http:\/\/folhadosudeste.com\/site\/index.php?rest_route=\/wp\/v2\/types\/post"}],"author":[{"embeddable":true,"href":"http:\/\/folhadosudeste.com\/site\/index.php?rest_route=\/wp\/v2\/users\/6"}],"replies":[{"embeddable":true,"href":"http:\/\/folhadosudeste.com\/site\/index.php?rest_route=%2Fwp%2Fv2%2Fcomments&post=72337"}],"version-history":[{"count":1,"href":"http:\/\/folhadosudeste.com\/site\/index.php?rest_route=\/wp\/v2\/posts\/72337\/revisions"}],"predecessor-version":[{"id":72338,"href":"http:\/\/folhadosudeste.com\/site\/index.php?rest_route=\/wp\/v2\/posts\/72337\/revisions\/72338"}],"wp:attachment":[{"href":"http:\/\/folhadosudeste.com\/site\/index.php?rest_route=%2Fwp%2Fv2%2Fmedia&parent=72337"}],"wp:term":[{"taxonomy":"category","embeddable":true,"href":"http:\/\/folhadosudeste.com\/site\/index.php?rest_route=%2Fwp%2Fv2%2Fcategories&post=72337"},{"taxonomy":"post_tag","embeddable":true,"href":"http:\/\/folhadosudeste.com\/site\/index.php?rest_route=%2Fwp%2Fv2%2Ftags&post=72337"}],"curies":[{"name":"wp","href":"https:\/\/api.w.org\/{rel}","templated":true}]}}