{"id":72447,"date":"2020-10-06T22:02:42","date_gmt":"2020-10-06T22:02:42","guid":{"rendered":"http:\/\/folhadosudeste.com\/site\/?p=72447"},"modified":"2020-10-06T22:02:42","modified_gmt":"2020-10-06T22:02:42","slug":"numero-de-pacientes-ativos-da-covid-19-volta-a-cair-em-muriae-cidade-registrou-nova-morte-pela-doenca","status":"publish","type":"post","link":"http:\/\/folhadosudeste.com\/site\/?p=72447","title":{"rendered":"N\u00famero de pacientes ativos da covid-19 volta a cair em Muria\u00e9; cidade registrou nova morte pela doen\u00e7a"},"content":{"rendered":"<p><img decoding=\"async\" src=\"https:\/\/muriae.mg.gov.br\/wp-content\/uploads\/2020\/10\/06102020.png\" alt=\"06102020\"><\/p>\n<p style=\"text-align: justify;\">O n\u00famero de pacientes ativos da covid-19 em Muria\u00e9 teve redu\u00e7\u00e3o pelo segundo dia seguido. Nesta ter\u00e7a-feira, s\u00e3o 90 pacientes em tratamento contra a doen\u00e7a, tr\u00eas a menos do que havia ontem.<\/p>\n<p style=\"text-align: justify;\">Tamb\u00e9m pelo segundo dia consecutivo, o \u00edndice de novas infec\u00e7\u00f5es confirmadas em 24 horas foi menor que o n\u00famero de pacientes curados no mesmo per\u00edodo.<\/p>\n<p style=\"text-align: justify;\">Por outro lado, tamb\u00e9m foi registrada mais uma morte provocada pelo coronav\u00edrus. O \u00f3bito &#8211; o de n\u00famero 78 entre pessoas de Muria\u00e9 desde que a pandemia alcan\u00e7ou a cidade, h\u00e1 pouco mais de seis meses &#8211; foi de uma mulher de 53 anos. Ela tamb\u00e9m sofria de obesidade.<\/p>\n<p><!--more--><\/p>\n<p style=\"text-align: justify;\"><strong>N\u00fameros entre moradores de outras cidades &#8211;<\/strong>&nbsp;Entre as pessoas que residem em outros munic\u00edpios, mas foram ou ainda est\u00e3o sendo atendidas em Muria\u00e9, foram confirmados dois novos casos de covid-19. Tamb\u00e9m houve o \u00f3bito de uma mulher de 54 anos, que era ainda obesa, hipertensa e diab\u00e9tica.<\/p>\n<p style=\"text-align: justify;\">Vale lembrar que os dados referentes a pessoas de outras cidades n\u00e3o entram nas estat\u00edsticas de Muria\u00e9. A divulga\u00e7\u00e3o desses \u00edndices ocorre apenas a t\u00edtulo de informa\u00e7\u00e3o e transpar\u00eancia, mas s\u00e3o oficializados na contagem do munic\u00edpio de origem de cada paciente.<\/p>\n<p style=\"text-align: justify;\"><strong>Os dados de hoje (06\/10\/2020) foram retirados do sistema \u00e0s 9h. Veja os n\u00fameros completos:<\/strong><\/p>\n<p style=\"text-align: justify;\"><strong>MORADORES DE MURIA\u00c9<\/strong><br \/>\nTotal de confirma\u00e7\u00f5es: 3.130 (em rela\u00e7\u00e3o ao boletim anterior: +09)<br \/>\nPacientes ativos: 90 (em rela\u00e7\u00e3o ao boletim anterior: -03)<br \/>\nPacientes curados: 2.962 (em rela\u00e7\u00e3o ao boletim anterior: +11)<br \/>\n\u00d3bitos: 78 (em rela\u00e7\u00e3o ao boletim anterior: +01)<br \/>\nEm investiga\u00e7\u00e3o (com exame): 24<br \/>\nEm monitoramento (sem exame): 314<br \/>\nNegativos: 4.211<\/p>\n<p style=\"text-align: justify;\"><strong>MORADORES DE OUTRAS CIDADES (estes dados n\u00e3o entram nas estat\u00edsticas de Muria\u00e9; a divulga\u00e7\u00e3o ocorre apenas a t\u00edtulo de informa\u00e7\u00e3o e transpar\u00eancia)<\/strong><br \/>\nTotal de confirma\u00e7\u00f5es: 287 (em rela\u00e7\u00e3o ao boletim anterior: +02)<br \/>\nPacientes ativos: 22 (em rela\u00e7\u00e3o ao boletim anterior: +01)<br \/>\nPacientes curados: 214 (em rela\u00e7\u00e3o ao boletim anterior: sem altera\u00e7\u00e3o)<br \/>\n\u00d3bitos: 51 (em rela\u00e7\u00e3o ao boletim anterior: +01)<br \/>\nEm investiga\u00e7\u00e3o (com exame): 10<br \/>\nEm monitoramento (sem exame): 04<br \/>\nNegativos: 556<\/p>\n","protected":false},"excerpt":{"rendered":"<p>O n\u00famero de pacientes ativos da covid-19 em Muria\u00e9 teve redu\u00e7\u00e3o pelo segundo dia seguido. Nesta ter\u00e7a-feira, s\u00e3o 90 pacientes em tratamento contra a doen\u00e7a, tr\u00eas a menos do que havia ontem. Tamb\u00e9m pelo segundo dia consecutivo, o \u00edndice de novas infec\u00e7\u00f5es confirmadas em 24 horas foi menor que o n\u00famero de pacientes curados no [&hellip;]<\/p>\n","protected":false},"author":6,"featured_media":0,"comment_status":"open","ping_status":"closed","sticky":false,"template":"","format":"standard","meta":{"_joinchat":[],"footnotes":""},"categories":[1],"tags":[],"class_list":["post-72447","post","type-post","status-publish","format-standard","hentry","category-sem-categoria"],"_links":{"self":[{"href":"http:\/\/folhadosudeste.com\/site\/index.php?rest_route=\/wp\/v2\/posts\/72447","targetHints":{"allow":["GET"]}}],"collection":[{"href":"http:\/\/folhadosudeste.com\/site\/index.php?rest_route=\/wp\/v2\/posts"}],"about":[{"href":"http:\/\/folhadosudeste.com\/site\/index.php?rest_route=\/wp\/v2\/types\/post"}],"author":[{"embeddable":true,"href":"http:\/\/folhadosudeste.com\/site\/index.php?rest_route=\/wp\/v2\/users\/6"}],"replies":[{"embeddable":true,"href":"http:\/\/folhadosudeste.com\/site\/index.php?rest_route=%2Fwp%2Fv2%2Fcomments&post=72447"}],"version-history":[{"count":1,"href":"http:\/\/folhadosudeste.com\/site\/index.php?rest_route=\/wp\/v2\/posts\/72447\/revisions"}],"predecessor-version":[{"id":72448,"href":"http:\/\/folhadosudeste.com\/site\/index.php?rest_route=\/wp\/v2\/posts\/72447\/revisions\/72448"}],"wp:attachment":[{"href":"http:\/\/folhadosudeste.com\/site\/index.php?rest_route=%2Fwp%2Fv2%2Fmedia&parent=72447"}],"wp:term":[{"taxonomy":"category","embeddable":true,"href":"http:\/\/folhadosudeste.com\/site\/index.php?rest_route=%2Fwp%2Fv2%2Fcategories&post=72447"},{"taxonomy":"post_tag","embeddable":true,"href":"http:\/\/folhadosudeste.com\/site\/index.php?rest_route=%2Fwp%2Fv2%2Ftags&post=72447"}],"curies":[{"name":"wp","href":"https:\/\/api.w.org\/{rel}","templated":true}]}}