{"id":72476,"date":"2020-10-09T19:19:42","date_gmt":"2020-10-09T19:19:42","guid":{"rendered":"http:\/\/folhadosudeste.com\/site\/?p=72476"},"modified":"2020-10-09T19:19:42","modified_gmt":"2020-10-09T19:19:42","slug":"nota-oficial-da-prefeitura-de-muriae-sobre-furto-de-equipamentos","status":"publish","type":"post","link":"http:\/\/folhadosudeste.com\/site\/?p=72476","title":{"rendered":"Nota oficial da Prefeitura de Muria\u00e9 sobre furto de equipamentos"},"content":{"rendered":"<p><img decoding=\"async\" src=\"https:\/\/andira.pr.gov.br\/\/instances\/6\/uploads\/activities\/editor\/94c928c30e2e8796bf0457d47a3ec95df75b0a95.png\" alt=\"Nota Oficial - Prefeitura Municipal de Andir\u00e1 - Paran\u00e1\"><\/p>\n<p style=\"text-align: justify;\">A Prefeitura de Muria\u00e9 informa que o agente p\u00fablico suspeito de ser o respons\u00e1vel pelo furto de produtos e equipamentos no Almoxarifado Municipal foi detido pela Pol\u00edcia Civil. Boa parte dos objetos subtra\u00eddos j\u00e1 foi recuperada pela pol\u00edcia e repassada ao munic\u00edpio de Muria\u00e9.<u><\/u><u><\/u><u><\/u>&nbsp;<u><\/u><\/p>\n<p style=\"text-align: justify;\">Em cumprimento \u00e0 legisla\u00e7\u00e3o municipal, o fato ser\u00e1 comunicado \u00e0 Comiss\u00e3o de Processo Administrativo Disciplinar, para que se instaure uma sindic\u00e2ncia ou um Processo Administrativo Disciplinar (PAD), propriamente dito, contra o agente p\u00fablico, a fim de se apurar a falta cometida e aplicar as san\u00e7\u00f5es previstas em lei, se for o caso.<u><\/u><u><\/u><u><\/u>&nbsp;<u><\/u><\/p>\n<p style=\"text-align: justify;\">Al\u00e9m disso, a empresa contratada respons\u00e1vel pela gest\u00e3o deste agente p\u00fablico ser\u00e1 devidamente notificada, para que tome as provid\u00eancias cab\u00edveis contra o mesmo.<\/p>\n","protected":false},"excerpt":{"rendered":"<p>A Prefeitura de Muria\u00e9 informa que o agente p\u00fablico suspeito de ser o respons\u00e1vel pelo furto de produtos e equipamentos no Almoxarifado Municipal foi detido pela Pol\u00edcia Civil. Boa parte dos objetos subtra\u00eddos j\u00e1 foi recuperada pela pol\u00edcia e repassada ao munic\u00edpio de Muria\u00e9.&nbsp; Em cumprimento \u00e0 legisla\u00e7\u00e3o municipal, o fato ser\u00e1 comunicado \u00e0 Comiss\u00e3o [&hellip;]<\/p>\n","protected":false},"author":6,"featured_media":0,"comment_status":"open","ping_status":"closed","sticky":false,"template":"","format":"standard","meta":{"_joinchat":[],"footnotes":""},"categories":[1],"tags":[],"class_list":["post-72476","post","type-post","status-publish","format-standard","hentry","category-sem-categoria"],"_links":{"self":[{"href":"http:\/\/folhadosudeste.com\/site\/index.php?rest_route=\/wp\/v2\/posts\/72476","targetHints":{"allow":["GET"]}}],"collection":[{"href":"http:\/\/folhadosudeste.com\/site\/index.php?rest_route=\/wp\/v2\/posts"}],"about":[{"href":"http:\/\/folhadosudeste.com\/site\/index.php?rest_route=\/wp\/v2\/types\/post"}],"author":[{"embeddable":true,"href":"http:\/\/folhadosudeste.com\/site\/index.php?rest_route=\/wp\/v2\/users\/6"}],"replies":[{"embeddable":true,"href":"http:\/\/folhadosudeste.com\/site\/index.php?rest_route=%2Fwp%2Fv2%2Fcomments&post=72476"}],"version-history":[{"count":1,"href":"http:\/\/folhadosudeste.com\/site\/index.php?rest_route=\/wp\/v2\/posts\/72476\/revisions"}],"predecessor-version":[{"id":72477,"href":"http:\/\/folhadosudeste.com\/site\/index.php?rest_route=\/wp\/v2\/posts\/72476\/revisions\/72477"}],"wp:attachment":[{"href":"http:\/\/folhadosudeste.com\/site\/index.php?rest_route=%2Fwp%2Fv2%2Fmedia&parent=72476"}],"wp:term":[{"taxonomy":"category","embeddable":true,"href":"http:\/\/folhadosudeste.com\/site\/index.php?rest_route=%2Fwp%2Fv2%2Fcategories&post=72476"},{"taxonomy":"post_tag","embeddable":true,"href":"http:\/\/folhadosudeste.com\/site\/index.php?rest_route=%2Fwp%2Fv2%2Ftags&post=72476"}],"curies":[{"name":"wp","href":"https:\/\/api.w.org\/{rel}","templated":true}]}}