{"id":72487,"date":"2020-10-19T19:01:02","date_gmt":"2020-10-19T19:01:02","guid":{"rendered":"http:\/\/folhadosudeste.com\/site\/?p=72487"},"modified":"2020-10-19T19:01:02","modified_gmt":"2020-10-19T19:01:02","slug":"covid-19-numero-de-pacientes-ativos-em-muriae-tem-nova-reducao","status":"publish","type":"post","link":"http:\/\/folhadosudeste.com\/site\/?p=72487","title":{"rendered":"Covid-19: n\u00famero de pacientes ativos em Muria\u00e9 tem nova redu\u00e7\u00e3o"},"content":{"rendered":"<p><img decoding=\"async\" src=\"https:\/\/muriae.mg.gov.br\/wp-content\/uploads\/2020\/10\/19102020.png\" alt=\"19102020\"><\/p>\n<p style=\"text-align: justify;\">O boletim desta segunda-feira trouxe nova redu\u00e7\u00e3o do n\u00famero de pacientes ativos da covid-19 em Muria\u00e9. Agora s\u00e3o 75 pacientes em recupera\u00e7\u00e3o, sendo que apenas cinco deles s\u00e3o considerados como novos casos, em rela\u00e7\u00e3o ao levantamento da \u00faltima sexta, dia 16 de outubro.<\/p>\n<p style=\"text-align: justify;\"><strong>Pessoas de outras cidades &#8211;<\/strong>&nbsp;Apesar de n\u00e3o entrarem nas estat\u00edsticas de Muria\u00e9, os n\u00fameros referentes \u00e0s pessoas que residem em outros munic\u00edpios, mas foram ou ainda est\u00e3o sendo atendidos em hospitais muriaeenses, s\u00e3o divulgados no boletim a t\u00edtulo de informa\u00e7\u00e3o e transpar\u00eancia.<\/p>\n<p style=\"text-align: justify;\">Nesta segunda-feira, n\u00e3o houve confirma\u00e7\u00e3o de novos casos e o n\u00famero de pacientes ativos caiu 26% em rela\u00e7\u00e3o a sexta-feira. No entanto, foi registrado o falecimento de um senhor de 91 anos, que tamb\u00e9m sofria de c\u00e2ncer e hipertens\u00e3o.<\/p>\n<p style=\"text-align: justify;\">Os dados de hoje (19\/10\/2020) foram retirados do sistema \u00e0s 8h15. Veja os n\u00fameros completos:<\/p>\n<p style=\"text-align: justify;\"><strong>MORADORES DE MURIA\u00c9<\/strong><br \/>\nTotal de confirma\u00e7\u00f5es: 3.323 (em rela\u00e7\u00e3o ao boletim anterior: +05)<br \/>\nPacientes ativos: 75 (em rela\u00e7\u00e3o ao boletim anterior: -29)<br \/>\nPacientes curados: 3.168 (em rela\u00e7\u00e3o ao boletim anterior: +34)<br \/>\n\u00d3bitos: 80 (em rela\u00e7\u00e3o ao boletim anterior: sem altera\u00e7\u00e3o)<br \/>\nEm investiga\u00e7\u00e3o (com exame): 107<br \/>\nEm monitoramento (sem exame): 225<br \/>\nNegativos: 4.510<\/p>\n<p style=\"text-align: justify;\"><strong>MORADORES DE OUTRAS CIDADES (estes n\u00fameros n\u00e3o entram nas estat\u00edsticas de Muria\u00e9; a divulga\u00e7\u00e3o ocorre apenas a t\u00edtulo de informa\u00e7\u00e3o e transpar\u00eancia)<\/strong><br \/>\nTotal de confirma\u00e7\u00f5es: 322 (em rela\u00e7\u00e3o ao boletim anterior: sem altera\u00e7\u00e3o)<br \/>\nPacientes ativos: 26 (em rela\u00e7\u00e3o ao boletim anterior: -09)<br \/>\nPacientes curados: 239 (em rela\u00e7\u00e3o ao boletim anterior: +08)<br \/>\n\u00d3bitos: 57 (em rela\u00e7\u00e3o ao boletim anterior: +01)<br \/>\nEm investiga\u00e7\u00e3o (com exame): 12<br \/>\nEm monitoramento (sem exame): 03<br \/>\nNegativos: 585<\/p>\n","protected":false},"excerpt":{"rendered":"<p>O boletim desta segunda-feira trouxe nova redu\u00e7\u00e3o do n\u00famero de pacientes ativos da covid-19 em Muria\u00e9. Agora s\u00e3o 75 pacientes em recupera\u00e7\u00e3o, sendo que apenas cinco deles s\u00e3o considerados como novos casos, em rela\u00e7\u00e3o ao levantamento da \u00faltima sexta, dia 16 de outubro. Pessoas de outras cidades &#8211;&nbsp;Apesar de n\u00e3o entrarem nas estat\u00edsticas de Muria\u00e9, [&hellip;]<\/p>\n","protected":false},"author":6,"featured_media":0,"comment_status":"open","ping_status":"closed","sticky":false,"template":"","format":"standard","meta":{"_joinchat":[],"footnotes":""},"categories":[1],"tags":[],"class_list":["post-72487","post","type-post","status-publish","format-standard","hentry","category-sem-categoria"],"_links":{"self":[{"href":"http:\/\/folhadosudeste.com\/site\/index.php?rest_route=\/wp\/v2\/posts\/72487","targetHints":{"allow":["GET"]}}],"collection":[{"href":"http:\/\/folhadosudeste.com\/site\/index.php?rest_route=\/wp\/v2\/posts"}],"about":[{"href":"http:\/\/folhadosudeste.com\/site\/index.php?rest_route=\/wp\/v2\/types\/post"}],"author":[{"embeddable":true,"href":"http:\/\/folhadosudeste.com\/site\/index.php?rest_route=\/wp\/v2\/users\/6"}],"replies":[{"embeddable":true,"href":"http:\/\/folhadosudeste.com\/site\/index.php?rest_route=%2Fwp%2Fv2%2Fcomments&post=72487"}],"version-history":[{"count":1,"href":"http:\/\/folhadosudeste.com\/site\/index.php?rest_route=\/wp\/v2\/posts\/72487\/revisions"}],"predecessor-version":[{"id":72488,"href":"http:\/\/folhadosudeste.com\/site\/index.php?rest_route=\/wp\/v2\/posts\/72487\/revisions\/72488"}],"wp:attachment":[{"href":"http:\/\/folhadosudeste.com\/site\/index.php?rest_route=%2Fwp%2Fv2%2Fmedia&parent=72487"}],"wp:term":[{"taxonomy":"category","embeddable":true,"href":"http:\/\/folhadosudeste.com\/site\/index.php?rest_route=%2Fwp%2Fv2%2Fcategories&post=72487"},{"taxonomy":"post_tag","embeddable":true,"href":"http:\/\/folhadosudeste.com\/site\/index.php?rest_route=%2Fwp%2Fv2%2Ftags&post=72487"}],"curies":[{"name":"wp","href":"https:\/\/api.w.org\/{rel}","templated":true}]}}