{"id":72493,"date":"2020-10-19T19:10:26","date_gmt":"2020-10-19T19:10:26","guid":{"rendered":"http:\/\/folhadosudeste.com\/site\/?p=72493"},"modified":"2020-10-19T19:10:26","modified_gmt":"2020-10-19T19:10:26","slug":"eleicoes-2020-entenda-como-vai-funcionar-o-dia-da-votacao","status":"publish","type":"post","link":"http:\/\/folhadosudeste.com\/site\/?p=72493","title":{"rendered":"Elei\u00e7\u00f5es 2020: Entenda como vai funcionar o dia da vota\u00e7\u00e3o"},"content":{"rendered":"<p><img decoding=\"async\" src=\"https:\/\/s3.amazonaws.com\/reconta2019\/files\/2020\/10\/15174601\/WhatsApp-Image-2020-10-15-at-17.45.23.jpeg\" alt=\"elei\u00e7\u00f5es\"><\/p>\n<p style=\"text-align: justify;\">A pandemia do coronav\u00edrus fez com que muita coisa mudasse para as elei\u00e7\u00f5es municipais deste ano. A primeira delas foi em rela\u00e7\u00e3o \u00e0s datas. O primeiro turno ser\u00e1 no dia<strong>&nbsp;15 de novembro<\/strong>. J\u00e1 os locais em que houver segundo turno, a data para vota\u00e7\u00e3o ser\u00e1 dia&nbsp;<strong>29 de novembro<\/strong>.<\/p>\n<p style=\"text-align: justify;\">Outra mudan\u00e7a importante \u00e9 em rela\u00e7\u00e3o ao hor\u00e1rio de vota\u00e7\u00e3o. Os eleitores poder\u00e3o comparecer \u00e0s&nbsp;<strong>urnas de 7h \u00e0s 17h<\/strong>. De acordo com a Justi\u00e7a Eleitoral, o hor\u00e1rio&nbsp;<strong>entre 7h e 10h ser\u00e1 preferencial<\/strong>&nbsp;para pessoas acima de 60 anos.<\/p>\n<p style=\"text-align: justify;\"><strong>Aten\u00e7\u00e3o!<\/strong>&nbsp;Se estiver com febre ou apresentou sintomas da covid-19 nos 14 dias anteriores a vota\u00e7\u00e3o, fique em casa. Mas se estiver tudo certo,&nbsp;<strong>v\u00e1 de m\u00e1scara e leve uma caneta para o local de vota\u00e7\u00e3o<\/strong>.<\/p>\n<p style=\"text-align: justify;\">Evite levar crian\u00e7as e acompanhantes e, principalmente, n\u00e3o deixe para a \u00faltima hora. Permane\u00e7a no local de vota\u00e7\u00e3o apenas pelo tempo suficiente. Outra medida importante \u00e9 limpar as m\u00e3os com \u00e1lcool em gel antes e depois de votar.<\/p>\n<p style=\"text-align: justify;\">O Tribunal Superior Eleitoral (TSE) informa que \u00e9 preciso levar ao local de vota\u00e7\u00e3o um&nbsp;<strong>documento com foto e o t\u00edtulo de eleitor<\/strong>. No entanto, se o mes\u00e1rio achar necess\u00e1rio, ele pode pedir ao eleitor que se afaste da mesa e retire a m\u00e1scara para comprovar sua identidade.<\/p>\n<p style=\"text-align: justify;\">Saiba tamb\u00e9m que \u00e9 poss\u00edvel substituir o t\u00edtulo em papel por uma vers\u00e3o digital. \u00c9 s\u00f3 baixar o aplicativo&nbsp;<strong>e-T\u00edtulo<\/strong>.<\/p>\n<p><!--more--><\/p>\n<h2 style=\"text-align: justify;\">Usando o aplicativo e-T\u00edtulo nas elei\u00e7\u00f5es<\/h2>\n<p style=\"text-align: justify;\">Desenvolvido pelo TSE, o e-T\u00edtulo \u00e9 uma aplicativo para que o cidad\u00e3o tenha o t\u00edtulo de eleitor na palma da m\u00e3o. Inclusive ele \u00e9 acess\u00edvel para pessoas com defici\u00eancia visual.<\/p>\n<p style=\"text-align: justify;\">Al\u00e9m de informa\u00e7\u00f5es como nome, n\u00famero do t\u00edtulo e zona, se\u00e7\u00e3o e cidade de vota\u00e7\u00e3o, o aplicativo traz outras funcionalidades. Por ele \u00e9 poss\u00edvel consultar a situa\u00e7\u00e3o eleitoral, bem como acessar as certid\u00f5es de quita\u00e7\u00e3o eleitoral e de crimes eleitorais.<\/p>\n<p style=\"text-align: justify;\">De acordo com o TSE, tamb\u00e9m \u00e9 poss\u00edvel usar o e-T\u00edtulo para encontrar locais para justificar a aus\u00eancia no dia da elei\u00e7\u00e3o e, este ano, permite que os eleitores se cadastrem como mes\u00e1rios volunt\u00e1rios.<\/p>\n<figure class=\"wp-block-image size-large\" style=\"text-align: justify;\"><img decoding=\"async\" class=\"wp-image-22779\" src=\"https:\/\/s3.amazonaws.com\/reconta2019\/files\/2020\/10\/15173745\/Capturar5-1.png\" sizes=\"(max-width: 949px) 100vw, 949px\" srcset=\"https:\/\/s3.amazonaws.com\/reconta2019\/files\/2020\/10\/15173745\/Capturar5-1.png 949w, https:\/\/s3.amazonaws.com\/reconta2019\/files\/2020\/10\/15173745\/Capturar5-1-300x182.png 300w, https:\/\/s3.amazonaws.com\/reconta2019\/files\/2020\/10\/15173745\/Capturar5-1-768x467.png 768w\" alt=\"\"><\/figure>\n<h2 style=\"text-align: justify;\"><strong>Passo a passo para ter o aplicativo no seu celular<\/strong><\/h2>\n<p style=\"text-align: justify;\"><strong>1-<\/strong>&nbsp;Baixa o aplicativo, dispon\u00edvel para&nbsp;<strong>IOS<\/strong>&nbsp;(<strong><a href=\"https:\/\/apps.apple.com\/br\/app\/e-t%C3%ADtulo\/id1320338088\" target=\"_blank\" rel=\"nofollow external noopener noreferrer\" data-wpel-link=\"external\">clicando aqui<\/a><\/strong>) e&nbsp;<strong>Android<\/strong>&nbsp;(<strong><a href=\"https:\/\/play.google.com\/store\/apps\/details?id=br.jus.tse.eleitoral.etitulo&amp;hl=pt_BR\" target=\"_blank\" rel=\"nofollow external noopener noreferrer\" data-wpel-link=\"external\">clicando aqui<\/a><\/strong>). Ao abrir o e-T\u00edtulo passe pela apresenta\u00e7\u00e3o de depois leia os termos de uso. Clique em \u201cConcordo\u201d para continuar.<\/p>\n<figure class=\"wp-block-image size-large\" style=\"text-align: justify;\"><img decoding=\"async\" class=\"wp-image-22769\" src=\"https:\/\/s3.amazonaws.com\/reconta2019\/files\/2020\/10\/15170714\/Capturar1-1.png\" sizes=\"(max-width: 813px) 100vw, 813px\" srcset=\"https:\/\/s3.amazonaws.com\/reconta2019\/files\/2020\/10\/15170714\/Capturar1-1.png 813w, https:\/\/s3.amazonaws.com\/reconta2019\/files\/2020\/10\/15170714\/Capturar1-1-300x211.png 300w, https:\/\/s3.amazonaws.com\/reconta2019\/files\/2020\/10\/15170714\/Capturar1-1-768x539.png 768w\" alt=\"Elei\u00e7\u00f5es\"><\/figure>\n<p style=\"text-align: justify;\"><strong>2-<\/strong>&nbsp;Preencha os campos com o seu nome e data de nascimento. Em seguida, escolha o tipo de documento, que pode ser CPF ou o n\u00famero do t\u00edtulo de eleitor. Informe o nome da sua m\u00e3e e do seu pai e clique em \u201cEntrar no e-T\u00edtulo\u201d.<\/p>\n<p style=\"text-align: justify;\"><strong>3-<\/strong>&nbsp;Caso seja o seu primeiro acesso ao aplicativo, a pr\u00f3xima tela ser\u00e1 para criar uma senha num\u00e9rica contendo seis d\u00edgitos. Digite a mesma senha duas vezes e confirme.<\/p>\n<p style=\"text-align: justify;\"><strong>4-<\/strong>&nbsp;Se voc\u00ea tiver uma senha cadastrada mas n\u00e3o lembra dela, clique em \u201cesqueci minha senha\u201d e siga o passo a passo.<\/p>\n<figure class=\"wp-block-image size-large\" style=\"text-align: justify;\"><img decoding=\"async\" class=\"wp-image-22775\" src=\"https:\/\/s3.amazonaws.com\/reconta2019\/files\/2020\/10\/15172701\/Capturar4-1.png\" sizes=\"(max-width: 797px) 100vw, 797px\" srcset=\"https:\/\/s3.amazonaws.com\/reconta2019\/files\/2020\/10\/15172701\/Capturar4-1.png 797w, https:\/\/s3.amazonaws.com\/reconta2019\/files\/2020\/10\/15172701\/Capturar4-1-300x211.png 300w, https:\/\/s3.amazonaws.com\/reconta2019\/files\/2020\/10\/15172701\/Capturar4-1-768x541.png 768w\" alt=\"\"><\/figure>\n<p style=\"text-align: justify;\"><strong>5-<\/strong>&nbsp;Se o seu celular possui a op\u00e7\u00e3o de cadastrar biometria para proteger os aplicativos, fa\u00e7a o procedimento com o e-T\u00edtulo. \u00c9 s\u00f3 clicar em \u201cAtivar\u201d e pronto. \u00c9 sempre bom proteger ao m\u00e1ximo os dados pessoais.<\/p>\n<p style=\"text-align: justify;\"><strong>6-<\/strong>&nbsp;Est\u00e1 pronto o seu cadastro. Na tela principal ir\u00e3o aparecer as mesmas informa\u00e7\u00f5es do seu t\u00edtulo de eleitor. Al\u00e9m disso, ter\u00e1 um QR Code para leitura das autoridades que v\u00e3o validar as informa\u00e7\u00f5es que contam no seu perfil.<\/p>\n<figure class=\"wp-block-image size-large\" style=\"text-align: justify;\"><img decoding=\"async\" class=\"wp-image-22771\" src=\"https:\/\/s3.amazonaws.com\/reconta2019\/files\/2020\/10\/15170742\/Capturar3-1.png\" sizes=\"(max-width: 806px) 100vw, 806px\" srcset=\"https:\/\/s3.amazonaws.com\/reconta2019\/files\/2020\/10\/15170742\/Capturar3-1.png 806w, https:\/\/s3.amazonaws.com\/reconta2019\/files\/2020\/10\/15170742\/Capturar3-1-300x211.png 300w, https:\/\/s3.amazonaws.com\/reconta2019\/files\/2020\/10\/15170742\/Capturar3-1-768x541.png 768w\" alt=\"Elei\u00e7\u00f5es\"><\/figure>\n<p>Fonte:&nbsp;recontaai.com.br<\/p>\n","protected":false},"excerpt":{"rendered":"<p>A pandemia do coronav\u00edrus fez com que muita coisa mudasse para as elei\u00e7\u00f5es municipais deste ano. A primeira delas foi em rela\u00e7\u00e3o \u00e0s datas. O primeiro turno ser\u00e1 no dia&nbsp;15 de novembro. J\u00e1 os locais em que houver segundo turno, a data para vota\u00e7\u00e3o ser\u00e1 dia&nbsp;29 de novembro. Outra mudan\u00e7a importante \u00e9 em rela\u00e7\u00e3o ao [&hellip;]<\/p>\n","protected":false},"author":6,"featured_media":0,"comment_status":"open","ping_status":"closed","sticky":false,"template":"","format":"standard","meta":{"_joinchat":[],"footnotes":""},"categories":[1],"tags":[],"class_list":["post-72493","post","type-post","status-publish","format-standard","hentry","category-sem-categoria"],"_links":{"self":[{"href":"http:\/\/folhadosudeste.com\/site\/index.php?rest_route=\/wp\/v2\/posts\/72493","targetHints":{"allow":["GET"]}}],"collection":[{"href":"http:\/\/folhadosudeste.com\/site\/index.php?rest_route=\/wp\/v2\/posts"}],"about":[{"href":"http:\/\/folhadosudeste.com\/site\/index.php?rest_route=\/wp\/v2\/types\/post"}],"author":[{"embeddable":true,"href":"http:\/\/folhadosudeste.com\/site\/index.php?rest_route=\/wp\/v2\/users\/6"}],"replies":[{"embeddable":true,"href":"http:\/\/folhadosudeste.com\/site\/index.php?rest_route=%2Fwp%2Fv2%2Fcomments&post=72493"}],"version-history":[{"count":1,"href":"http:\/\/folhadosudeste.com\/site\/index.php?rest_route=\/wp\/v2\/posts\/72493\/revisions"}],"predecessor-version":[{"id":72494,"href":"http:\/\/folhadosudeste.com\/site\/index.php?rest_route=\/wp\/v2\/posts\/72493\/revisions\/72494"}],"wp:attachment":[{"href":"http:\/\/folhadosudeste.com\/site\/index.php?rest_route=%2Fwp%2Fv2%2Fmedia&parent=72493"}],"wp:term":[{"taxonomy":"category","embeddable":true,"href":"http:\/\/folhadosudeste.com\/site\/index.php?rest_route=%2Fwp%2Fv2%2Fcategories&post=72493"},{"taxonomy":"post_tag","embeddable":true,"href":"http:\/\/folhadosudeste.com\/site\/index.php?rest_route=%2Fwp%2Fv2%2Ftags&post=72493"}],"curies":[{"name":"wp","href":"https:\/\/api.w.org\/{rel}","templated":true}]}}