{"id":72498,"date":"2020-10-22T17:01:52","date_gmt":"2020-10-22T17:01:52","guid":{"rendered":"http:\/\/folhadosudeste.com\/site\/?p=72498"},"modified":"2020-10-22T17:01:52","modified_gmt":"2020-10-22T17:01:52","slug":"secretaria-de-estado-de-cultura-e-turismo-mg-anuncia-reabertura-de-seus-espacos-culturais","status":"publish","type":"post","link":"http:\/\/folhadosudeste.com\/site\/?p=72498","title":{"rendered":"Secretaria de Estado de Cultura e Turismo MG anuncia reabertura de seus espa\u00e7os culturais"},"content":{"rendered":"<p><a href=\"http:\/\/folhadosudeste.com\/site\/wp-content\/uploads\/2020\/10\/Museu-Mineiro_Izabel-Chumbinho.jpeg\"><img loading=\"lazy\" decoding=\"async\" class=\"alignnone size-full wp-image-72499\" src=\"http:\/\/folhadosudeste.com\/site\/wp-content\/uploads\/2020\/10\/Museu-Mineiro_Izabel-Chumbinho.jpeg\" alt=\"\" width=\"800\" height=\"533\" srcset=\"http:\/\/folhadosudeste.com\/site\/wp-content\/uploads\/2020\/10\/Museu-Mineiro_Izabel-Chumbinho.jpeg 800w, http:\/\/folhadosudeste.com\/site\/wp-content\/uploads\/2020\/10\/Museu-Mineiro_Izabel-Chumbinho-300x200.jpeg 300w, http:\/\/folhadosudeste.com\/site\/wp-content\/uploads\/2020\/10\/Museu-Mineiro_Izabel-Chumbinho-768x512.jpeg 768w, http:\/\/folhadosudeste.com\/site\/wp-content\/uploads\/2020\/10\/Museu-Mineiro_Izabel-Chumbinho-120x80.jpeg 120w, http:\/\/folhadosudeste.com\/site\/wp-content\/uploads\/2020\/10\/Museu-Mineiro_Izabel-Chumbinho-345x230.jpeg 345w\" sizes=\"auto, (max-width: 800px) 100vw, 800px\" \/><\/a><\/p>\n<p style=\"font-weight: 400; text-align: justify;\"><em>Equipamentos da Secult garantem reabertura com at\u00e9 50% de sua capacidade m\u00e1xima e seguir\u00e3o r\u00edgidos protocolos de seguran\u00e7a e sa\u00fade<\/em><\/p>\n<p style=\"font-weight: 400; text-align: justify;\">Com a entrada de munic\u00edpios mineiros nas ondas amarela e verde do Plano Minas Consciente, museus, galerias, salas de espet\u00e1culo e teatros geridos pela Secretaria de Estado de Cultura e Turismo de Minas Gerais (Secult) e a ela vinculados j\u00e1 t\u00eam data para a reabertura de suas portas ao p\u00fablico: 3 de novembro.<\/p>\n<p style=\"font-weight: 400; text-align: justify;\">Um r\u00edgido protocolo de seguran\u00e7a est\u00e1 sendo implantando para garantir o retorno seguro das atividades presenciais, que estavam suspensas h\u00e1 cerca de sete meses. As medidas de sa\u00fade e seguran\u00e7a para a reabertura est\u00e3o sendo estabelecidas de acordo com as caracter\u00edsticas espec\u00edficas de cada espa\u00e7o. Os equipamentos sob gest\u00e3o de parceiros, como alguns espa\u00e7os do Circuito Liberdade, em Belo Horizonte, por exemplo, t\u00eam autonomia sobre o retorno do atendimento presencial e isso est\u00e1 sendo avaliado caso a caso.&nbsp;<\/p>\n<p><!--more--><\/p>\n<p style=\"font-weight: 400; text-align: justify;\">No interior, os museus sob administra\u00e7\u00e3o estadual s\u00e3o Casa Alphonsus de Guimaraens (em Mariana), Casa Guignard (em Ouro Preto) e Casa Guimar\u00e3es Rosa (em Cordisburgo). A reabertura de cada um deles depende do avan\u00e7o das ondas do programa Minas Consciente e tamb\u00e9m da libera\u00e7\u00e3o das prefeituras, mas, por enquanto, est\u00e1 prevista para o dia 3 de novembro nas tr\u00eas cidades.&nbsp;A Biblioteca Estadual e o Arquivo P\u00fablico Mineiro ainda n\u00e3o est\u00e3o autorizados a reabrir por parte de decreto municipal.<\/p>\n<p style=\"font-weight: 400; text-align: justify;\">\u201cEstamos comemorando a volta das exposi\u00e7\u00f5es, espet\u00e1culos e museus do Sistema Estadual de Cultura. Essa reabertura tem sido bastante aguardada pelo pu\u0301blico e por toda equipe. Importante ressaltar que tudo est\u00e1&nbsp; sendo conduzido com seguranc\u0327a e respeito aos protocolos do Minas Consciente para que o pu\u0301blico possa vivenciar novas e inesqueci\u0301veis experie\u0302ncias culturais com total seguranc\u0327a\u201d, aponta Leo\u0302nidas Oliveira, secreta\u0301rio de Estado de Cultura e Turismo de Minas Gerais.<\/p>\n<p style=\"font-weight: 400; text-align: justify;\">O secret\u00e1rio destaca tamb\u00e9m que, durante os meses de paralisa\u00e7\u00e3o das atra\u00e7\u00f5es presenciais, foram feitas adequa\u00e7\u00f5es na programa\u00e7\u00e3o dos espa\u00e7os culturais sob gest\u00e3o do Estado, para garantir a oferta de atividades virtuais e diversificadas para o p\u00fablico.<\/p>\n<p style=\"font-weight: 400; text-align: justify;\"><strong>Protocolos de funcionamento<\/strong><\/p>\n<p style=\"font-weight: 400; text-align: justify;\">Al\u00e9m da abertura com at\u00e9 50% da capacidade do atrativo, os espa\u00e7os da Secult ir\u00e3o estabelecer a ocupa\u00e7\u00e3o das \u00e1reas com distanciamento de 2 metros entre as pessoas. Haver\u00e1 avalia\u00e7\u00e3o a cada 21 dias para amplia\u00e7\u00e3o do limite de participantes das atividades.&nbsp;<\/p>\n<p style=\"font-weight: 400; text-align: justify;\">Os protocolos possuem especificidades dependendo do tipo de local, assim, para a ocupa\u00e7\u00e3o em teatros e espa\u00e7os de espet\u00e1culos haver\u00e1 marca\u00e7\u00e3o de assentos; j\u00e1 para museus haver\u00e1 limita\u00e7\u00e3o de um visitante a cada 5m\u00b2, agendamento pr\u00e9vio, al\u00e9m da habitual obrigatoriedade do uso de m\u00e1scara e da utiliza\u00e7\u00e3o de \u00e1lcool em gel.<\/p>\n<p style=\"font-weight: 400; text-align: justify;\">Como forma de alcan\u00e7ar um p\u00fablico mais amplo, as atividades e a\u00e7\u00f5es virtuais devem continuar nestes espa\u00e7os, ou seja, haver\u00e1 uma programa\u00e7\u00e3o h\u00edbrida, parte presencial, parte on-line.<\/p>\n<p style=\"font-weight: 400; text-align: justify;\"><strong>Inaugura\u00e7\u00e3o de mostra no Pal\u00e1cio das Artes<\/strong><\/p>\n<p style=\"font-weight: 400; text-align: justify;\">Uma exposi\u00e7\u00e3o in\u00e9dita e gratuita marca a reabertura do Pal\u00e1cio das Artes, da Funda\u00e7\u00e3o Cl\u00f3vis Salgado (FCS), vinculada \u00e0 Secult, tamb\u00e9m no dia 3\/11. A Grande Galeria Alberto da Veiga Guignard recebe obras dos cinco artistas contemplados com o Pr\u00eamio Ind\u00fastria Nacional Marcantonio Vila\u00e7a. A entrada do p\u00fablico seguir\u00e1 as diretrizes do protocolo Minas Consciente, com hor\u00e1rio reduzido, distanciamento social, higieniza\u00e7\u00e3o e demais medidas sanit\u00e1rias.<\/p>\n<p style=\"font-weight: 400; text-align: justify;\">A exposi\u00e7\u00e3o faz parta da 7\u00aa edi\u00e7\u00e3o da maior premia\u00e7\u00e3o das artes visuais do Brasil, uma iniciativa da Confedera\u00e7\u00e3o Nacional da Ind\u00fastria (CNI), do Servi\u00e7o Social da Ind\u00fastria (SESI) e do Servi\u00e7o Nacional de Aprendizagem Industrial (SENAI). A sele\u00e7\u00e3o de obras \u00e0 disposi\u00e7\u00e3o do p\u00fablico mineiro contar\u00e1 ainda com trabalhos da artista Anna Bella Geiger, grande expoente da primeira gera\u00e7\u00e3o de artistas conceituais latino-americanos e uma das artistas mais importantes do Brasil no s\u00e9culo 20, que \u00e9 homenageada nesta edi\u00e7\u00e3o do Pr\u00eamio.<\/p>\n<p style=\"font-weight: 400; text-align: justify;\">A galeria contar\u00e1 com sinaliza\u00e7\u00e3o nas \u00e1reas externas e internas para garantir distanciamento m\u00ednimo de 2 metros entre qualquer pessoa dentro do estabelecimento. O uso de m\u00e1scaras \u2013 tanto para visitantes quanto funcion\u00e1rios \u2013 ser\u00e1 obrigat\u00f3rio.<\/p>\n<p style=\"font-weight: 400; text-align: justify;\">Todos os ambientes do Pal\u00e1cio das Artes ser\u00e3o higienizados diariamente antes da abertura ao p\u00fablico e ser\u00e3o disponibilizados tapetes para a limpeza de sapatos, assim como \u00e1lcool em gel 70% para desinfec\u00e7\u00e3o das m\u00e3os. Al\u00e9m disso, a entrada de sacolas, mochilas e afins n\u00e3o ser\u00e1 permitida para diminuir a contamina\u00e7\u00e3o dos espa\u00e7os.<\/p>\n<p style=\"font-weight: 400; text-align: justify;\">Ser\u00e3o permitidos at\u00e9 12&nbsp;visitantes por vez na Grande Galeria Alberto da Veiga Guignard, que dever\u00e3o seguir recomenda\u00e7\u00f5es como evitar conversar, manusear o telefone celular, ou tocar no rosto durante a perman\u00eancia no interior do centro cultural; cobrir o nariz e a boca ao tossir ou espirrar; higienizar as m\u00e3os ao entrar e sair do espa\u00e7o; seguir sempre as instru\u00e7\u00f5es dos funcion\u00e1rios e n\u00e3o frequentar a galeria caso apresente qualquer sintoma de resfriado ou gripe.<\/p>\n<p style=\"font-weight: 400; text-align: justify;\">Durante a primeira fase de retomada, a visita\u00e7\u00e3o de escolas e atividades educativas ser\u00e3o suspensas e s\u00f3 retornar\u00e3o quando houver sinaliza\u00e7\u00e3o de estabiliza\u00e7\u00e3o da pandemia pelo Estado de Minas Gerais.<\/p>\n<p style=\"font-weight: 400; text-align: justify;\"><strong>Reabertura 3\/11:<\/strong><\/p>\n<p style=\"font-weight: 400; text-align: justify;\"><strong>Museu Mineiro, Centro de Arte Popular, Museu dos Militares Mineiros, Pal\u00e1cio das Artes, C\u00e2meraSete, Museu Casa Guimar\u00e3es Rosa, Museu Guignard, Museu Casa Alphonsus de Guimaraens<\/strong><\/p>\n<p style=\"font-weight: 400; text-align: justify;\"><strong>Confira programa\u00e7\u00e3o e hor\u00e1rios de atendimento em&nbsp;<a href=\"http:\/\/secult.mg.gov.br\/\" data-saferedirecturl=\"https:\/\/www.google.com\/url?q=http:\/\/secult.mg.gov.br&amp;source=gmail&amp;ust=1603469913483000&amp;usg=AFQjCNFhdFVNOzI6qMTMLeAkO_Kn_ps_0g\">secult.mg.gov.br<\/a><\/strong><\/p>\n","protected":false},"excerpt":{"rendered":"<p>Equipamentos da Secult garantem reabertura com at\u00e9 50% de sua capacidade m\u00e1xima e seguir\u00e3o r\u00edgidos protocolos de seguran\u00e7a e sa\u00fade Com a entrada de munic\u00edpios mineiros nas ondas amarela e verde do Plano Minas Consciente, museus, galerias, salas de espet\u00e1culo e teatros geridos pela Secretaria de Estado de Cultura e Turismo de Minas Gerais (Secult) [&hellip;]<\/p>\n","protected":false},"author":6,"featured_media":0,"comment_status":"open","ping_status":"closed","sticky":false,"template":"","format":"standard","meta":{"_joinchat":[],"footnotes":""},"categories":[1],"tags":[],"class_list":["post-72498","post","type-post","status-publish","format-standard","hentry","category-sem-categoria"],"_links":{"self":[{"href":"http:\/\/folhadosudeste.com\/site\/index.php?rest_route=\/wp\/v2\/posts\/72498","targetHints":{"allow":["GET"]}}],"collection":[{"href":"http:\/\/folhadosudeste.com\/site\/index.php?rest_route=\/wp\/v2\/posts"}],"about":[{"href":"http:\/\/folhadosudeste.com\/site\/index.php?rest_route=\/wp\/v2\/types\/post"}],"author":[{"embeddable":true,"href":"http:\/\/folhadosudeste.com\/site\/index.php?rest_route=\/wp\/v2\/users\/6"}],"replies":[{"embeddable":true,"href":"http:\/\/folhadosudeste.com\/site\/index.php?rest_route=%2Fwp%2Fv2%2Fcomments&post=72498"}],"version-history":[{"count":1,"href":"http:\/\/folhadosudeste.com\/site\/index.php?rest_route=\/wp\/v2\/posts\/72498\/revisions"}],"predecessor-version":[{"id":72500,"href":"http:\/\/folhadosudeste.com\/site\/index.php?rest_route=\/wp\/v2\/posts\/72498\/revisions\/72500"}],"wp:attachment":[{"href":"http:\/\/folhadosudeste.com\/site\/index.php?rest_route=%2Fwp%2Fv2%2Fmedia&parent=72498"}],"wp:term":[{"taxonomy":"category","embeddable":true,"href":"http:\/\/folhadosudeste.com\/site\/index.php?rest_route=%2Fwp%2Fv2%2Fcategories&post=72498"},{"taxonomy":"post_tag","embeddable":true,"href":"http:\/\/folhadosudeste.com\/site\/index.php?rest_route=%2Fwp%2Fv2%2Ftags&post=72498"}],"curies":[{"name":"wp","href":"https:\/\/api.w.org\/{rel}","templated":true}]}}