{"id":72525,"date":"2020-10-26T19:51:59","date_gmt":"2020-10-26T19:51:59","guid":{"rendered":"http:\/\/folhadosudeste.com\/site\/?p=72525"},"modified":"2020-10-26T19:51:59","modified_gmt":"2020-10-26T19:51:59","slug":"total-de-pacientes-ativos-da-covid-19-em-muriae-e-o-mais-baixo-em-5-meses","status":"publish","type":"post","link":"http:\/\/folhadosudeste.com\/site\/?p=72525","title":{"rendered":"Total de pacientes ativos da covid-19 em Muria\u00e9 \u00e9 o mais baixo em 5 meses"},"content":{"rendered":"<p><img decoding=\"async\" src=\"https:\/\/muriae.mg.gov.br\/wp-content\/uploads\/2020\/10\/26102020.png\" alt=\"26102020\"><\/p>\n<p style=\"text-align: justify;\">Muria\u00e9 tem, nesta segunda-feira, 64 pessoas em recupera\u00e7\u00e3o da covid-19. O \u00edndice \u00e9 o mais baixo desde o dia 27 de maio, h\u00e1 cinco meses.<\/p>\n<p style=\"text-align: justify;\">O n\u00famero de novas infec\u00e7\u00f5es tamb\u00e9m foi baixo pelo segundo boletim seguido: apenas quatro novos casos confirmados, o mesmo n\u00famero que havia sido verificado na sexta-feira.<\/p>\n<p style=\"text-align: justify;\">Apesar da consider\u00e1vel redu\u00e7\u00e3o dos n\u00fameros, ainda permanecem as orienta\u00e7\u00f5es para uso constante de m\u00e1scara, limpeza frequente das m\u00e3os com \u00e1gua e sab\u00e3o ou com \u00e1lcool a 70%, bem como manter dist\u00e2ncia de aproximadamente dois metros de outras pessoas ao conversar.<\/p>\n<p><!--more--><\/p>\n<p style=\"text-align: justify;\">Os dados de hoje (26\/10\/2020) foram retirados do sistema \u00e0s 7h54. Veja os n\u00fameros completos:<\/p>\n<p style=\"text-align: justify;\"><strong>MORADORES DE MURIA\u00c9<\/strong><br \/>\nTotal de confirma\u00e7\u00f5es: 3.419 (em rela\u00e7\u00e3o ao boletim anterior: +04)<br \/>\nPacientes ativos: 64 (em rela\u00e7\u00e3o ao boletim anterior: -30)<br \/>\nPacientes curados: 3.274 (em rela\u00e7\u00e3o ao boletim anterior: +34)<br \/>\n\u00d3bitos: 81 (em rela\u00e7\u00e3o ao boletim anterior: sem altera\u00e7\u00e3o)<br \/>\nEm investiga\u00e7\u00e3o (com exame): 201<br \/>\nEm monitoramento (sem exame): 463<br \/>\nNegativos: 4.688<\/p>\n<p style=\"text-align: justify;\"><strong>MORADORES DE OUTRAS CIDADES (estes n\u00fameros n\u00e3o entram nas estat\u00edsticas de Muria\u00e9; a divulga\u00e7\u00e3o ocorre apenas a t\u00edtulo de informa\u00e7\u00e3o e transpar\u00eancia)<\/strong><br \/>\nTotal de confirma\u00e7\u00f5es: 334 (em rela\u00e7\u00e3o ao boletim anterior: sem altera\u00e7\u00e3o)<br \/>\nPacientes ativos: 25 (em rela\u00e7\u00e3o ao boletim anterior: -04)<br \/>\nPacientes curados: 248 (em rela\u00e7\u00e3o ao boletim anterior: +04)<br \/>\n\u00d3bitos: 61 (em rela\u00e7\u00e3o ao boletim anterior: sem altera\u00e7\u00e3o)<br \/>\nEm investiga\u00e7\u00e3o (com exame): 34<br \/>\nEm monitoramento (sem exame): 05<br \/>\nNegativos: 603<\/p>\n","protected":false},"excerpt":{"rendered":"<p>Muria\u00e9 tem, nesta segunda-feira, 64 pessoas em recupera\u00e7\u00e3o da covid-19. O \u00edndice \u00e9 o mais baixo desde o dia 27 de maio, h\u00e1 cinco meses. O n\u00famero de novas infec\u00e7\u00f5es tamb\u00e9m foi baixo pelo segundo boletim seguido: apenas quatro novos casos confirmados, o mesmo n\u00famero que havia sido verificado na sexta-feira. Apesar da consider\u00e1vel redu\u00e7\u00e3o [&hellip;]<\/p>\n","protected":false},"author":6,"featured_media":0,"comment_status":"open","ping_status":"closed","sticky":false,"template":"","format":"standard","meta":{"_joinchat":[],"footnotes":""},"categories":[1],"tags":[],"class_list":["post-72525","post","type-post","status-publish","format-standard","hentry","category-sem-categoria"],"_links":{"self":[{"href":"http:\/\/folhadosudeste.com\/site\/index.php?rest_route=\/wp\/v2\/posts\/72525","targetHints":{"allow":["GET"]}}],"collection":[{"href":"http:\/\/folhadosudeste.com\/site\/index.php?rest_route=\/wp\/v2\/posts"}],"about":[{"href":"http:\/\/folhadosudeste.com\/site\/index.php?rest_route=\/wp\/v2\/types\/post"}],"author":[{"embeddable":true,"href":"http:\/\/folhadosudeste.com\/site\/index.php?rest_route=\/wp\/v2\/users\/6"}],"replies":[{"embeddable":true,"href":"http:\/\/folhadosudeste.com\/site\/index.php?rest_route=%2Fwp%2Fv2%2Fcomments&post=72525"}],"version-history":[{"count":1,"href":"http:\/\/folhadosudeste.com\/site\/index.php?rest_route=\/wp\/v2\/posts\/72525\/revisions"}],"predecessor-version":[{"id":72526,"href":"http:\/\/folhadosudeste.com\/site\/index.php?rest_route=\/wp\/v2\/posts\/72525\/revisions\/72526"}],"wp:attachment":[{"href":"http:\/\/folhadosudeste.com\/site\/index.php?rest_route=%2Fwp%2Fv2%2Fmedia&parent=72525"}],"wp:term":[{"taxonomy":"category","embeddable":true,"href":"http:\/\/folhadosudeste.com\/site\/index.php?rest_route=%2Fwp%2Fv2%2Fcategories&post=72525"},{"taxonomy":"post_tag","embeddable":true,"href":"http:\/\/folhadosudeste.com\/site\/index.php?rest_route=%2Fwp%2Fv2%2Ftags&post=72525"}],"curies":[{"name":"wp","href":"https:\/\/api.w.org\/{rel}","templated":true}]}}