{"id":72537,"date":"2020-10-28T19:30:46","date_gmt":"2020-10-28T19:30:46","guid":{"rendered":"http:\/\/folhadosudeste.com\/site\/?p=72537"},"modified":"2020-10-28T19:30:46","modified_gmt":"2020-10-28T19:30:46","slug":"operacao-conjunta-resulta-em-prisao-de-dupla-por-roubo-de-cargas","status":"publish","type":"post","link":"http:\/\/folhadosudeste.com\/site\/?p=72537","title":{"rendered":"Opera\u00e7\u00e3o conjunta resulta em pris\u00e3o de dupla por roubo de cargas"},"content":{"rendered":"<p><img decoding=\"async\" src=\"https:\/\/www.policiacivil.mg.gov.br\/uploads\/Image\/MODELOS%20DE%20BANNER\/site_PRISAO%20EFETIVADA.jpeg\"><\/p>\n<p style=\"text-align: justify;\">A Pol\u00edcia Civil de Minas Gerais (PCMG), em parceria com a Pol\u00edcia Rodovi\u00e1ria Federal e com a Pol\u00edcia Militar, realizaram, na tarde dessa ter\u00e7a-feira (27), opera\u00e7\u00e3o na cidade de Muria\u00e9, na Zona da Mata, contra uma associa\u00e7\u00e3o criminosa especializada em roubos de cargas.<\/p>\n<p style=\"text-align: justify;\">Ao todo, foram cumpridos seis mandados de busca e apreens\u00e3o e dois de pris\u00e3o. O terceiro investigado n\u00e3o foi localizado e \u00e9 considerado foragido da justi\u00e7a. O grupo atua nos estados de Minas Gerais, Esp\u00edrito Santo e Rio de Janeiro, sendo um dos mais atuantes na regi\u00e3o da Zona da Mata mineira nessa modalidade de crime.<\/p>\n<p style=\"text-align: justify;\">As investiga\u00e7\u00f5es originaram na Delegacia Especializada em Investiga\u00e7\u00e3o e Repress\u00e3o ao Furto, Roubo e Desvio de Cargas, do Departamento Estadual de Investiga\u00e7\u00e3o de Crimes Contra o Patrim\u00f4nio (Depatri), sendo que o cumprimento dos mandados contou com o apoio da 4\u00aa Delegacia Regional em Muria\u00e9.<\/p>\n<p><!--more--><\/p>\n<p style=\"text-align: justify;\">Conforme levantamentos, outros integrantes desse grupo j\u00e1 haviam sido presos h\u00e1 alguns meses, durante a\u00e7\u00e3o do 4\u00ba Departamento da Pol\u00edcia Civil. Com mais essas duas pris\u00f5es, a Pol\u00edcia acredita que haver\u00e1 uma diminui\u00e7\u00e3o significativa desse tipo crime na regi\u00e3o.<\/p>\n<p style=\"text-align: justify;\">O delegado regional em Muria\u00e9, Alessandro Amaro da Matta, ressalta que \u201cO sucesso da opera\u00e7\u00e3o se deve ao compartilhamento de informa\u00e7\u00f5es entre as for\u00e7as de seguran\u00e7a, entre elas, as pol\u00edcias Civil, Militar e Rodovi\u00e1ria Federal. Com equipes empenhadas, foi poss\u00edvel alcan\u00e7ar esse excelente resultado que culminou na pris\u00e3o de dois suspeitos\u201d.<\/p>\n<p style=\"text-align: justify;\">J\u00e1 o chefe do 4\u00ba Departamento de Pol\u00edcia Civil em Juiz de Fora (unidade que abrange as Delegacias Regionais em Juiz de Fora, Ub\u00e1, Leopoldina, Muria\u00e9 e Vi\u00e7osa), delegado Gustavo Adelio Lara Ferreira, refor\u00e7a a import\u00e2ncia da opera\u00e7\u00e3o. \u201cSabemos das dificuldades em chegar aos autores, pois essas organiza\u00e7\u00f5es criminosas t\u00eam v\u00e1rias dimens\u00f5es. No entanto, com uma investiga\u00e7\u00e3o qualificada como essa, os suspeitos de atuarem na quadrilha foram presos\u201d, destaca.<\/p>\n<p style=\"text-align: justify;\">O delegado tamb\u00e9m exaltou o trabalho desempenhado pelo Depatri, sobretudo a investiga\u00e7\u00e3o conduzida pela Delegacia Especializada em Investiga\u00e7\u00e3o e Repress\u00e3o ao Furto, Roubo e Desvio de Cargas.<\/p>\n<p style=\"text-align: justify;\">As investiga\u00e7\u00f5es prosseguem a fim de identificar e prender os demais integrantes da associa\u00e7\u00e3o criminosa.<\/p>\n","protected":false},"excerpt":{"rendered":"<p>A Pol\u00edcia Civil de Minas Gerais (PCMG), em parceria com a Pol\u00edcia Rodovi\u00e1ria Federal e com a Pol\u00edcia Militar, realizaram, na tarde dessa ter\u00e7a-feira (27), opera\u00e7\u00e3o na cidade de Muria\u00e9, na Zona da Mata, contra uma associa\u00e7\u00e3o criminosa especializada em roubos de cargas. Ao todo, foram cumpridos seis mandados de busca e apreens\u00e3o e dois [&hellip;]<\/p>\n","protected":false},"author":6,"featured_media":0,"comment_status":"open","ping_status":"closed","sticky":false,"template":"","format":"standard","meta":{"_joinchat":[],"footnotes":""},"categories":[1],"tags":[],"class_list":["post-72537","post","type-post","status-publish","format-standard","hentry","category-sem-categoria"],"_links":{"self":[{"href":"http:\/\/folhadosudeste.com\/site\/index.php?rest_route=\/wp\/v2\/posts\/72537","targetHints":{"allow":["GET"]}}],"collection":[{"href":"http:\/\/folhadosudeste.com\/site\/index.php?rest_route=\/wp\/v2\/posts"}],"about":[{"href":"http:\/\/folhadosudeste.com\/site\/index.php?rest_route=\/wp\/v2\/types\/post"}],"author":[{"embeddable":true,"href":"http:\/\/folhadosudeste.com\/site\/index.php?rest_route=\/wp\/v2\/users\/6"}],"replies":[{"embeddable":true,"href":"http:\/\/folhadosudeste.com\/site\/index.php?rest_route=%2Fwp%2Fv2%2Fcomments&post=72537"}],"version-history":[{"count":1,"href":"http:\/\/folhadosudeste.com\/site\/index.php?rest_route=\/wp\/v2\/posts\/72537\/revisions"}],"predecessor-version":[{"id":72538,"href":"http:\/\/folhadosudeste.com\/site\/index.php?rest_route=\/wp\/v2\/posts\/72537\/revisions\/72538"}],"wp:attachment":[{"href":"http:\/\/folhadosudeste.com\/site\/index.php?rest_route=%2Fwp%2Fv2%2Fmedia&parent=72537"}],"wp:term":[{"taxonomy":"category","embeddable":true,"href":"http:\/\/folhadosudeste.com\/site\/index.php?rest_route=%2Fwp%2Fv2%2Fcategories&post=72537"},{"taxonomy":"post_tag","embeddable":true,"href":"http:\/\/folhadosudeste.com\/site\/index.php?rest_route=%2Fwp%2Fv2%2Ftags&post=72537"}],"curies":[{"name":"wp","href":"https:\/\/api.w.org\/{rel}","templated":true}]}}