{"id":72564,"date":"2020-11-04T14:07:40","date_gmt":"2020-11-04T14:07:40","guid":{"rendered":"http:\/\/folhadosudeste.com\/site\/?p=72564"},"modified":"2020-11-04T14:07:40","modified_gmt":"2020-11-04T14:07:40","slug":"rede-atividade-fara-no-dia-10-o-debate-dos-candidatos-a-prefeito-de-muriae","status":"publish","type":"post","link":"http:\/\/folhadosudeste.com\/site\/?p=72564","title":{"rendered":"REDE ATIVIDADE FAR\u00c1 NO DIA 10 O DEBATE DOS CANDIDATOS A PREFEITO DE MURIA\u00c9"},"content":{"rendered":"<p style=\"text-align: justify;\"><img decoding=\"async\" src=\"https:\/\/www.silvanalves.com.br\/portal\/wp-content\/uploads\/2020\/11\/DSC00009_707x530-707x405.jpg\"><\/p>\n<p style=\"text-align: justify;\">A Rede Atividade ir\u00e1 realizar no dia 10 de novembro o debate com os candidatos \u00e0 Prefeitura de Muria\u00e9. Ser\u00e1 em uma ter\u00e7a-feira, a partir das 20h. O evento ser\u00e1 no Audit\u00f3rio do Memorial Cristiano Varella e a plateia ser\u00e1 composta apenas por convidados e associados da organiza\u00e7\u00e3o. Uma reuni\u00e3o na tarde desta quarta-feira (28) com os candidatos, e representantes de candidatos, apresentou as regras para o debate eleitoral. A Rede Atividade convidou os 5 candidatos \u00e0 Prefeitura de Muria\u00e9: Grego (PSD); Joel Abreu (PT); Jos\u00e9 Braz (PP); Manoel Carvalho (MDB) e Silvinho Soares (PRTB).<\/p>\n<p><!--more--><\/p>\n<p style=\"text-align: justify;\"><img decoding=\"async\" src=\"http:\/\/www.silvanalves.com.br\/portal\/wp-content\/uploads\/2020\/11\/WhatsApp-Image-2020-10-28-at-16.50.15-e1603989225152_707x431.jpeg\"><\/p>\n<p style=\"text-align: justify;\"><img decoding=\"async\" src=\"http:\/\/www.silvanalves.com.br\/portal\/wp-content\/uploads\/2020\/11\/WhatsApp-Image-2020-10-28-at-16.50.14-696x522-1_679x328.jpeg\"><\/p>\n<p style=\"text-align: justify;\">O debate ser\u00e1 transmitido com v\u00eddeo ao vivo pelo YouTube e Facebook da Rede Atividade, pelas r\u00e1dios 94 Atividade FM, 870 AM e tamb\u00e9m pelo Canal FCV.<\/p>\n<p style=\"text-align: justify;\"><strong>Estrutura do debate:<\/strong>&nbsp;O debate ser\u00e1 dividido em quatro blocos. No primeiro, os candidatos far\u00e3o apresenta\u00e7\u00f5es livres, contando sua trajet\u00f3ria pol\u00edtica, plano de governo e demais informa\u00e7\u00f5es que o candidato julgar pertinente.<\/p>\n<p style=\"text-align: justify;\">No segundo bloco, os candidatos responder\u00e3o \u00e0 perguntas elaboradas por profissionais da emissora e p\u00fablico geral. O apresentador do debate retirar\u00e1 uma ficha contendo a pergunta e o meio pela qual a mesma foi encaminhada. Ao todo, ser\u00e3o 15 perguntas de 12 temas, sendo 10 da comiss\u00e3o organizadora e 5 de participa\u00e7\u00e3o p\u00fablica. As perguntas ser\u00e3o divididas igualmente para cada candidato.<\/p>\n<p style=\"text-align: justify;\">No terceiro bloco, os candidatos realizam perguntas entre si, de acordo com o tema sorteado. Em seguida, sorteia-se o candidato, que far\u00e1 a pergunta sobre o tema selecionado, em at\u00e9 30 segundos, e este escolher\u00e1 quem responder\u00e1. O candidato escolhido ter\u00e1 1 minuto e 30 segundos para responder a pergunta. A replica e tr\u00e9plica ser\u00e3o de 45 segundos.<\/p>\n<p style=\"text-align: justify;\"><strong>O quarto e \u00faltimo bloco ser\u00e1 voltado para as considera\u00e7\u00f5es finais.<\/strong><\/p>\n<p style=\"text-align: justify;\"><strong>Ofensas:<\/strong>&nbsp;Em caso de ofensa moral e pessoal, o candidato poder\u00e1 pedir o direito de resposta, que ser\u00e1 submetido a Banca Julgadora, composta pelo representante jur\u00eddico da Funda\u00e7\u00e3o Cristiano Varella, de um representante da imprensa e um representante da sociedade civil.<\/p>\n<p style=\"text-align: justify;\"><strong>Preven\u00e7\u00e3o \u00e0 COVID-19:<\/strong>&nbsp;A Rede Atividade adotar\u00e1 todos os protocolos sanit\u00e1rios devido \u00e0 pandemia de covid-19. Os candidatos que participarem dever\u00e3o portar \u00e1lcool em gel e m\u00e1scara para si e seus assessores.<\/p>\n<p style=\"text-align: justify;\">O uso da m\u00e1scara ser\u00e1 obrigat\u00f3rio em todo o debate, inclusive quando o candidato estiver formulando perguntas ou respondendo aos questionamentos.&nbsp;<em>Fonte: Rede Atividade<\/em><\/p>\n","protected":false},"excerpt":{"rendered":"<p>A Rede Atividade ir\u00e1 realizar no dia 10 de novembro o debate com os candidatos \u00e0 Prefeitura de Muria\u00e9. Ser\u00e1 em uma ter\u00e7a-feira, a partir das 20h. O evento ser\u00e1 no Audit\u00f3rio do Memorial Cristiano Varella e a plateia ser\u00e1 composta apenas por convidados e associados da organiza\u00e7\u00e3o. Uma reuni\u00e3o na tarde desta quarta-feira (28) [&hellip;]<\/p>\n","protected":false},"author":6,"featured_media":0,"comment_status":"open","ping_status":"closed","sticky":false,"template":"","format":"standard","meta":{"_joinchat":[],"footnotes":""},"categories":[1],"tags":[],"class_list":["post-72564","post","type-post","status-publish","format-standard","hentry","category-sem-categoria"],"_links":{"self":[{"href":"http:\/\/folhadosudeste.com\/site\/index.php?rest_route=\/wp\/v2\/posts\/72564","targetHints":{"allow":["GET"]}}],"collection":[{"href":"http:\/\/folhadosudeste.com\/site\/index.php?rest_route=\/wp\/v2\/posts"}],"about":[{"href":"http:\/\/folhadosudeste.com\/site\/index.php?rest_route=\/wp\/v2\/types\/post"}],"author":[{"embeddable":true,"href":"http:\/\/folhadosudeste.com\/site\/index.php?rest_route=\/wp\/v2\/users\/6"}],"replies":[{"embeddable":true,"href":"http:\/\/folhadosudeste.com\/site\/index.php?rest_route=%2Fwp%2Fv2%2Fcomments&post=72564"}],"version-history":[{"count":1,"href":"http:\/\/folhadosudeste.com\/site\/index.php?rest_route=\/wp\/v2\/posts\/72564\/revisions"}],"predecessor-version":[{"id":72565,"href":"http:\/\/folhadosudeste.com\/site\/index.php?rest_route=\/wp\/v2\/posts\/72564\/revisions\/72565"}],"wp:attachment":[{"href":"http:\/\/folhadosudeste.com\/site\/index.php?rest_route=%2Fwp%2Fv2%2Fmedia&parent=72564"}],"wp:term":[{"taxonomy":"category","embeddable":true,"href":"http:\/\/folhadosudeste.com\/site\/index.php?rest_route=%2Fwp%2Fv2%2Fcategories&post=72564"},{"taxonomy":"post_tag","embeddable":true,"href":"http:\/\/folhadosudeste.com\/site\/index.php?rest_route=%2Fwp%2Fv2%2Ftags&post=72564"}],"curies":[{"name":"wp","href":"https:\/\/api.w.org\/{rel}","templated":true}]}}