{"id":72566,"date":"2020-11-04T14:10:22","date_gmt":"2020-11-04T14:10:22","guid":{"rendered":"http:\/\/folhadosudeste.com\/site\/?p=72566"},"modified":"2020-11-04T14:10:22","modified_gmt":"2020-11-04T14:10:22","slug":"campanha-de-vacinacao-contra-polio-e-multivacinacao-prossegue-em-muriae-ate-20-de-novembro","status":"publish","type":"post","link":"http:\/\/folhadosudeste.com\/site\/?p=72566","title":{"rendered":"Campanha de vacina\u00e7\u00e3o contra p\u00f3lio e multivacina\u00e7\u00e3o prossegue em Muria\u00e9 at\u00e9 20 de novembro"},"content":{"rendered":"<p><a href=\"http:\/\/folhadosudeste.com\/site\/wp-content\/uploads\/2020\/11\/DSC_0450.jpg\"><img loading=\"lazy\" decoding=\"async\" class=\"alignnone size-full wp-image-72567\" src=\"http:\/\/folhadosudeste.com\/site\/wp-content\/uploads\/2020\/11\/DSC_0450.jpg\" alt=\"\" width=\"580\" height=\"450\" srcset=\"http:\/\/folhadosudeste.com\/site\/wp-content\/uploads\/2020\/11\/DSC_0450.jpg 580w, http:\/\/folhadosudeste.com\/site\/wp-content\/uploads\/2020\/11\/DSC_0450-300x233.jpg 300w\" sizes=\"auto, (max-width: 580px) 100vw, 580px\" \/><\/a><\/p>\n<p style=\"text-align: justify;\"><i>Doses est\u00e3o dispon\u00edveis de segunda a sexta, das 8h \u00e0s 16h30min, em todas unidades de sa\u00fade<u><\/u><u><\/u><\/i>&nbsp;<u><\/u><u><\/u><\/p>\n<p style=\"text-align: justify;\">A campanha de multivacina\u00e7\u00e3o e vacina\u00e7\u00e3o contra a poliomielite foi prorrogada at\u00e9 20 de novembro e, com isso, prossegue em Muria\u00e9 at\u00e9 esta data. O objetivo \u00e9 atualizar o calend\u00e1rio vacinal (no caso da multivacina\u00e7\u00e3o) e reduzir o risco de reintrodu\u00e7\u00e3o do poliov\u00edrus selvagem no Brasil (no caso da vacina contra a p\u00f3lio).<u><\/u><u><\/u>&nbsp;<u><\/u><u><\/u><\/p>\n<p style=\"text-align: justify;\">As doses est\u00e3o dispon\u00edveis de segunda a sexta, das 8h \u00e0s 16h30min (exceto feriados), em todas as unidades de sa\u00fade da cidade e distritos. \u00c9 necess\u00e1ria a apresenta\u00e7\u00e3o da carteira de vacina\u00e7\u00e3o.<u><\/u><u><\/u><u><\/u>&nbsp;<u><\/u><\/p>\n<p><!--more--><\/p>\n<p style=\"text-align: justify;\">A dose extra contra a poliomielite tem como p\u00fablico-alvo crian\u00e7as entre 12 meses a menores de 5 anos (4 anos, 11 meses e 29 dias). J\u00e1 a multivacina\u00e7\u00e3o tem como grupo a ser imunizado crian\u00e7as e adolescentes de 0 a menores 15 anos (14 anos, 11 meses e 29 dias).<u><\/u><u><\/u>&nbsp;<u><\/u><u><\/u><\/p>\n<p style=\"text-align: justify;\">A meta da campanha contra a poliomielite \u00e9 imunizar 95% do grupo eleg\u00edvel de forma indiscriminada \u2013 o que corresponde a 4.985 crian\u00e7as em Muria\u00e9. J\u00e1 para a multivacina\u00e7\u00e3o, o objetivo \u00e9 diminuir o risco de doen\u00e7as imunopreven\u00edveis e reduzir as taxas de cart\u00e3o vacinal incompleto.<u><\/u><u><\/u>&nbsp;<u><\/u><u><\/u><\/p>\n<p style=\"text-align: justify;\">Devido \u00e0 pandemia, todos os atendimentos ser\u00e3o realizados obedecendo as medidas de higiene e preven\u00e7\u00e3o \u00e0 covid-19, como uso de m\u00e1scaras e \u00e1lcool em gel ou 70%.<u><\/u><\/p>\n<p style=\"text-align: justify;\"><b>Vacina\u00e7\u00e3o contra sarampo para adultos tamb\u00e9m continua &#8211;&nbsp;<\/b>A imuniza\u00e7\u00e3o contra o sarampo para adultos de 20 a 49 anos tamb\u00e9m prossegue na cidade.<u><\/u><u><\/u><u><\/u>&nbsp;<u><\/u><\/p>\n<p style=\"text-align: justify;\">Al\u00e9m do pr\u00f3prio sarampo, a tr\u00edplice viral protege ainda contra rub\u00e9ola e caxumba.<u><\/u><u><\/u>&nbsp;<u><\/u><u><\/u><\/p>\n<p style=\"text-align: justify;\">A \u201cDose Zero\u201d \u00e9 uma estrat\u00e9gia imediata do Minist\u00e9rio da Sa\u00fade para barrar a transmiss\u00e3o do v\u00edrus do sarampo que foi reintroduzido no pa\u00eds em 2019.<u><\/u><u><\/u><u><\/u>&nbsp;<u><\/u><u><\/u>&nbsp;<u><\/u><\/p>\n<p style=\"text-align: justify;\"><i>*Esta mat\u00e9ria est\u00e1 devidamente autorizada pela Justi\u00e7a Eleitoral<u><\/u><u><\/u><\/i><\/p>\n","protected":false},"excerpt":{"rendered":"<p>Doses est\u00e3o dispon\u00edveis de segunda a sexta, das 8h \u00e0s 16h30min, em todas unidades de sa\u00fade&nbsp; A campanha de multivacina\u00e7\u00e3o e vacina\u00e7\u00e3o contra a poliomielite foi prorrogada at\u00e9 20 de novembro e, com isso, prossegue em Muria\u00e9 at\u00e9 esta data. O objetivo \u00e9 atualizar o calend\u00e1rio vacinal (no caso da multivacina\u00e7\u00e3o) e reduzir o risco [&hellip;]<\/p>\n","protected":false},"author":6,"featured_media":0,"comment_status":"open","ping_status":"closed","sticky":false,"template":"","format":"standard","meta":{"_joinchat":[],"footnotes":""},"categories":[1],"tags":[],"class_list":["post-72566","post","type-post","status-publish","format-standard","hentry","category-sem-categoria"],"_links":{"self":[{"href":"http:\/\/folhadosudeste.com\/site\/index.php?rest_route=\/wp\/v2\/posts\/72566","targetHints":{"allow":["GET"]}}],"collection":[{"href":"http:\/\/folhadosudeste.com\/site\/index.php?rest_route=\/wp\/v2\/posts"}],"about":[{"href":"http:\/\/folhadosudeste.com\/site\/index.php?rest_route=\/wp\/v2\/types\/post"}],"author":[{"embeddable":true,"href":"http:\/\/folhadosudeste.com\/site\/index.php?rest_route=\/wp\/v2\/users\/6"}],"replies":[{"embeddable":true,"href":"http:\/\/folhadosudeste.com\/site\/index.php?rest_route=%2Fwp%2Fv2%2Fcomments&post=72566"}],"version-history":[{"count":1,"href":"http:\/\/folhadosudeste.com\/site\/index.php?rest_route=\/wp\/v2\/posts\/72566\/revisions"}],"predecessor-version":[{"id":72568,"href":"http:\/\/folhadosudeste.com\/site\/index.php?rest_route=\/wp\/v2\/posts\/72566\/revisions\/72568"}],"wp:attachment":[{"href":"http:\/\/folhadosudeste.com\/site\/index.php?rest_route=%2Fwp%2Fv2%2Fmedia&parent=72566"}],"wp:term":[{"taxonomy":"category","embeddable":true,"href":"http:\/\/folhadosudeste.com\/site\/index.php?rest_route=%2Fwp%2Fv2%2Fcategories&post=72566"},{"taxonomy":"post_tag","embeddable":true,"href":"http:\/\/folhadosudeste.com\/site\/index.php?rest_route=%2Fwp%2Fv2%2Ftags&post=72566"}],"curies":[{"name":"wp","href":"https:\/\/api.w.org\/{rel}","templated":true}]}}