{"id":72573,"date":"2020-11-04T14:14:37","date_gmt":"2020-11-04T14:14:37","guid":{"rendered":"http:\/\/folhadosudeste.com\/site\/?p=72573"},"modified":"2020-11-04T14:14:37","modified_gmt":"2020-11-04T14:14:37","slug":"governo-de-minas-permite-eventos-com-ate-500-pessoas-em-cidades-avancadas-na-flexibilizacao","status":"publish","type":"post","link":"http:\/\/folhadosudeste.com\/site\/?p=72573","title":{"rendered":"Governo de Minas permite eventos com at\u00e9 500 pessoas em cidades avan\u00e7adas na flexibiliza\u00e7\u00e3o"},"content":{"rendered":"<p style=\"text-align: justify;\">Eventos p\u00fablicos e privados em Minas Gerais poder\u00e3o contar com a presen\u00e7a de at\u00e9 500 pessoas. A&nbsp;decis\u00e3o do Comit\u00ea Extraordin\u00e1rio Covid-19 foi publicada nesta quinta-feira (29) no Di\u00e1rio Oficial do Estado. A permiss\u00e3o \u00e9 v\u00e1lida apenas para as regi\u00f5es que est\u00e3o na Onda Verde do programa Minas Consciente.<\/p>\n<p style=\"text-align: justify;\">Mesmo assim, os produtores dos eventos dever\u00e3o observar as regras sanit\u00e1rias e evitar aglomera\u00e7\u00f5es. O c\u00e1lculo do p\u00fablico deve ser feito conforme o espa\u00e7o. Em locais fechados, o c\u00e1lculo \u00e9 de uma pessoa a cada 10 metros quadrados.<\/p>\n<p style=\"text-align: justify;\">As regi\u00f5es do Tri\u00e2ngulo do Sul e Vale do A\u00e7o avan\u00e7aram para a Onda Verde ap\u00f3s passarem 28 dias est\u00e1veis na onda amarela. Agora, apenas as macrorregi\u00f5es Nordeste, Tri\u00e2ngulo do Norte e Leste do Sul permanecem na onda amarela, est\u00e1gio intermedi\u00e1rio para retomada de atividades.<\/p>\n<p style=\"text-align: justify;\">Veja quais s\u00e3o as regi\u00f5es que est\u00e3o nas ondas Verde e Amarela do programa Minas Consciente:<\/p>\n<p style=\"text-align: justify;\"><img decoding=\"async\" src=\"https:\/\/www.hojeemdia.com.br\/polopoly_fs\/1.809757!\/image\/image.png_gen\/derivatives\/landscape_653\/image.png\" alt=\"minas consciente\"><\/p>\n<p style=\"text-align: justify;\">Na onda Verde, s\u00e3o permitidos:<\/p>\n<p style=\"text-align: justify;\">&#8211; Atividades art\u00edsticas, como produ\u00e7\u00e3o teatral, musical e de dan\u00e7a e circo;<\/p>\n<p style=\"text-align: justify;\"><!--more--><br \/>\n&#8211; Cinemas, bibliotecas, museus, arquivos;<br \/>\n&#8211; Parques, zool\u00f3gicos e jardins;<br \/>\n&#8211; Feiras, congressos, exposi\u00e7\u00f5es, filmagens de festas, casas de festas, buf\u00ea;<br \/>\n&#8211; Parques de divers\u00e3o, discotecas, boliches, sinuca;<br \/>\n&#8211; Bares com entretenimento (shows e espet\u00e1culos);<br \/>\n&#8211; Servi\u00e7os de coloca\u00e7\u00e3o de piercings e tatuagens.<\/p>\n<p style=\"text-align: justify;\">Na onda Amarela, s\u00e3o permitidos:<\/p>\n<p style=\"text-align: justify;\">&#8211; Bares (consumo no local);<br \/>\n&#8211; Autoescolas e cursos de pilotagem;<br \/>\n&#8211; Sal\u00f5es de beleza e atividades de est\u00e9tica;<br \/>\n&#8211; Com\u00e9rcio de eletrodom\u00e9sticos e equipamentos de \u00e1udio e v\u00eddeo;<br \/>\n&#8211; Papelarias, lojas de livros, discos e revistas;<br \/>\n&#8211; Lojas de roupas, bijuterias, joias, cal\u00e7ados, e artigos de viagem;<br \/>\n&#8211; Com\u00e9rcio de itens de cama, mesa e banho;<br \/>\n&#8211; Lojas de m\u00f3veis e lustres;<br \/>\n&#8211; Imobili\u00e1rias;<br \/>\n&#8211; Lojas de departamento e duty free;<br \/>\n&#8211; Lojas de brinquedos;<br \/>\n&#8211; Academias (com restri\u00e7\u00f5es);<br \/>\n&#8211; Ag\u00eancias de viagem;<br \/>\n&#8211; Clubes.&nbsp;<\/p>\n<p>Fonte:&nbsp;www.hojeemdia.com.br<\/p>\n","protected":false},"excerpt":{"rendered":"<p>Eventos p\u00fablicos e privados em Minas Gerais poder\u00e3o contar com a presen\u00e7a de at\u00e9 500 pessoas. A&nbsp;decis\u00e3o do Comit\u00ea Extraordin\u00e1rio Covid-19 foi publicada nesta quinta-feira (29) no Di\u00e1rio Oficial do Estado. A permiss\u00e3o \u00e9 v\u00e1lida apenas para as regi\u00f5es que est\u00e3o na Onda Verde do programa Minas Consciente. Mesmo assim, os produtores dos eventos dever\u00e3o [&hellip;]<\/p>\n","protected":false},"author":6,"featured_media":0,"comment_status":"open","ping_status":"closed","sticky":false,"template":"","format":"standard","meta":{"_joinchat":[],"footnotes":""},"categories":[1],"tags":[],"class_list":["post-72573","post","type-post","status-publish","format-standard","hentry","category-sem-categoria"],"_links":{"self":[{"href":"http:\/\/folhadosudeste.com\/site\/index.php?rest_route=\/wp\/v2\/posts\/72573","targetHints":{"allow":["GET"]}}],"collection":[{"href":"http:\/\/folhadosudeste.com\/site\/index.php?rest_route=\/wp\/v2\/posts"}],"about":[{"href":"http:\/\/folhadosudeste.com\/site\/index.php?rest_route=\/wp\/v2\/types\/post"}],"author":[{"embeddable":true,"href":"http:\/\/folhadosudeste.com\/site\/index.php?rest_route=\/wp\/v2\/users\/6"}],"replies":[{"embeddable":true,"href":"http:\/\/folhadosudeste.com\/site\/index.php?rest_route=%2Fwp%2Fv2%2Fcomments&post=72573"}],"version-history":[{"count":1,"href":"http:\/\/folhadosudeste.com\/site\/index.php?rest_route=\/wp\/v2\/posts\/72573\/revisions"}],"predecessor-version":[{"id":72574,"href":"http:\/\/folhadosudeste.com\/site\/index.php?rest_route=\/wp\/v2\/posts\/72573\/revisions\/72574"}],"wp:attachment":[{"href":"http:\/\/folhadosudeste.com\/site\/index.php?rest_route=%2Fwp%2Fv2%2Fmedia&parent=72573"}],"wp:term":[{"taxonomy":"category","embeddable":true,"href":"http:\/\/folhadosudeste.com\/site\/index.php?rest_route=%2Fwp%2Fv2%2Fcategories&post=72573"},{"taxonomy":"post_tag","embeddable":true,"href":"http:\/\/folhadosudeste.com\/site\/index.php?rest_route=%2Fwp%2Fv2%2Ftags&post=72573"}],"curies":[{"name":"wp","href":"https:\/\/api.w.org\/{rel}","templated":true}]}}