{"id":72594,"date":"2020-11-05T01:14:12","date_gmt":"2020-11-05T01:14:12","guid":{"rendered":"http:\/\/folhadosudeste.com\/site\/?p=72594"},"modified":"2020-11-05T01:14:12","modified_gmt":"2020-11-05T01:14:12","slug":"classificado-para-o-quadrangular-final-nac-reforca-o-elenco-com-o-meia-atacante-weverth","status":"publish","type":"post","link":"http:\/\/folhadosudeste.com\/site\/?p=72594","title":{"rendered":"Classificado para o quadrangular final, NAC refor\u00e7a o elenco com o meia-atacante Weverth"},"content":{"rendered":"<p style=\"text-align: justify;\"><a href=\"http:\/\/folhadosudeste.com\/site\/wp-content\/uploads\/2020\/11\/22423f36-4ac8-429d-956c-e77156cb22c7.jpeg\"><img loading=\"lazy\" decoding=\"async\" class=\"alignnone size-full wp-image-72595\" src=\"http:\/\/folhadosudeste.com\/site\/wp-content\/uploads\/2020\/11\/22423f36-4ac8-429d-956c-e77156cb22c7.jpeg\" alt=\"\" width=\"1080\" height=\"1080\" srcset=\"http:\/\/folhadosudeste.com\/site\/wp-content\/uploads\/2020\/11\/22423f36-4ac8-429d-956c-e77156cb22c7.jpeg 1080w, http:\/\/folhadosudeste.com\/site\/wp-content\/uploads\/2020\/11\/22423f36-4ac8-429d-956c-e77156cb22c7-150x150.jpeg 150w, http:\/\/folhadosudeste.com\/site\/wp-content\/uploads\/2020\/11\/22423f36-4ac8-429d-956c-e77156cb22c7-300x300.jpeg 300w, http:\/\/folhadosudeste.com\/site\/wp-content\/uploads\/2020\/11\/22423f36-4ac8-429d-956c-e77156cb22c7-768x768.jpeg 768w, http:\/\/folhadosudeste.com\/site\/wp-content\/uploads\/2020\/11\/22423f36-4ac8-429d-956c-e77156cb22c7-1024x1024.jpeg 1024w\" sizes=\"auto, (max-width: 1080px) 100vw, 1080px\" \/><\/a><\/p>\n<p style=\"text-align: justify;\">Ap\u00f3s assegurar uma vaga na fase final do Campeonato Mineiro do M\u00f3dulo II, o Nacional acertou a contrata\u00e7\u00e3o do meia-atacante Weverth, de 23 anos.<\/p>\n<p style=\"text-align: justify;\">Weverth foi revelado pelo Villa Nova\/MG e teve passagens ainda pelas categorias de base do Arax\u00e1\/MG, Atl\u00e9tico\/MG e Atl\u00e9tico\/GO.<\/p>\n<p style=\"text-align: justify;\">Como profissional, defendeu o Tupynamb\u00e1s no M\u00f3dulo II de 2018 e ajudou a equipe de Juiz de Fora a conseguir o acesso para a elite do futebol mineiro. Ainda em 2018, atuou pela Caldense na S\u00e9rie D do Campeonato Brasileiro.<\/p>\n<p style=\"text-align: justify;\">Nas \u00faltimas duas temporadas, jogou no futebol portugu\u00eas, onde defendeu o Esmoriz e o AD Sanjoanense, seu \u00faltimo clube.<\/p>\n<p style=\"text-align: justify;\">Weverth j\u00e1 est\u00e1 em Muria\u00e9 e inclusive realizou o primeiro treino ao lado dos novos companheiros na manh\u00e3 desta ter\u00e7a-feira.<\/p>\n<p style=\"text-align: justify;\">FICHA T\u00c9CNICA<br \/>\nWEVERTH<br \/>\nNome Completo: Weverth Carlos Nascimento<br \/>\nPosi\u00e7\u00e3o: Meia-atacante<br \/>\nIdade: 23 anos (21\/04\/1997)<br \/>\nAltura: 1,75m<br \/>\nClubes: AD Sanjoanense\/POR (19-20); Esmoriz\/POR (19); Caldense\/MG (18); Tupynamb\u00e1s\/MG (18); Atl\u00e9tico\/MG (base); Arax\u00e1\/MG (base); Atl\u00e9tico\/GO (base); Villa Nova\/MG (base)<\/p>\n<h4 style=\"text-align: justify;\">Atacante Caio Vieira \u00e9 mais um refor\u00e7o do NAC para a fase final do M\u00f3dulo II<\/h4>\n<p><!--more--><\/p>\n<p><a href=\"http:\/\/folhadosudeste.com\/site\/wp-content\/uploads\/2020\/11\/e1233513-054d-43de-885d-5c780b0ac807.jpeg\"><img loading=\"lazy\" decoding=\"async\" class=\"alignnone size-full wp-image-72597\" src=\"http:\/\/folhadosudeste.com\/site\/wp-content\/uploads\/2020\/11\/e1233513-054d-43de-885d-5c780b0ac807.jpeg\" alt=\"\" width=\"1080\" height=\"1080\" srcset=\"http:\/\/folhadosudeste.com\/site\/wp-content\/uploads\/2020\/11\/e1233513-054d-43de-885d-5c780b0ac807.jpeg 1080w, http:\/\/folhadosudeste.com\/site\/wp-content\/uploads\/2020\/11\/e1233513-054d-43de-885d-5c780b0ac807-150x150.jpeg 150w, http:\/\/folhadosudeste.com\/site\/wp-content\/uploads\/2020\/11\/e1233513-054d-43de-885d-5c780b0ac807-300x300.jpeg 300w, http:\/\/folhadosudeste.com\/site\/wp-content\/uploads\/2020\/11\/e1233513-054d-43de-885d-5c780b0ac807-768x768.jpeg 768w, http:\/\/folhadosudeste.com\/site\/wp-content\/uploads\/2020\/11\/e1233513-054d-43de-885d-5c780b0ac807-1024x1024.jpeg 1024w\" sizes=\"auto, (max-width: 1080px) 100vw, 1080px\" \/><\/a><\/p>\n<p style=\"text-align: justify;\">O Nacional tem mais um refor\u00e7o confirmado para o quadrangular final do Campeonato Mineiro do M\u00f3dulo II: trata-se do atacante Caio Vieira, de 24 anos, que teve como \u00faltimo clube o Desportivo Brasil, onde disputou a S\u00e9rie A3 do Campeonato Paulista.<\/p>\n<p style=\"text-align: justify;\">Caio Vieira fez grande parte de sua carreira no futebol paulista, come\u00e7ando nas categorias de base do S\u00e3o Caetano. Jogou ainda por Gr\u00eamio Barueri, S\u00e3o Carlos, Atibaia e Tabo\u00e3o da Serra.<\/p>\n<p style=\"text-align: justify;\">Por este \u00faltimo, se destacou na S\u00e9rie A3 de 2018, quando marcou oito gols e brigou pela artilharia. Ainda em 2018, foi contratado pelo Botafogo de Ribeir\u00e3o Preto e fez parte do elenco que conseguiu o acesso para a S\u00e9rie B do Campeonato Brasileiro.<\/p>\n<p style=\"text-align: justify;\">No ano seguinte, atuou pelo Comercial na S\u00e9rie A3 e foi o vice-artilheiro da competi\u00e7\u00e3o, com nove gols. No mesmo ano, defendeu o Pouso Alegre na 2\u00aa Divis\u00e3o do Campeonato Mineiro e se sagrou campe\u00e3o, conseguindo o acesso para o M\u00f3dulo II.<\/p>\n<p style=\"text-align: justify;\">Ap\u00f3s jogar pelo Desportivo Brasil no primeiro semestre de 2020, Caio chega ao Nacional para tentar mais um acesso na carreira. O atleta j\u00e1 est\u00e1 em Muria\u00e9 e fez o primeiro treinamento nesta ter\u00e7a-feira.<\/p>\n<p style=\"text-align: justify;\">FICHA T\u00c9CNICA<br \/>\nCAIO VIEIRA<br \/>\nNome Completo: Caio Vieira<br \/>\nPosi\u00e7\u00e3o: Atacante<br \/>\nIdade: 24 anos (16\/07\/1996)<br \/>\nClubes: Desportivo Brasil\/SP (20); Pouso Alegre\/MG (19); Comercial\/SP (19); Botafogo\/SP (18); Tabo\u00e3o da Serra\/SP (15-18); Atibaia\/SP (17); S\u00e3o Carlos\/SP (base); Gr\u00eamio Barueri\/SP (base); S\u00e3o Caetano\/SP (base)<\/p>\n<h4 style=\"text-align: justify;\">Nacional acerta a contrata\u00e7\u00e3o do lateral-direito Vitor Hugo<\/h4>\n<p style=\"text-align: justify;\"><a href=\"http:\/\/folhadosudeste.com\/site\/wp-content\/uploads\/2020\/11\/WhatsApp-Image-2020-11-04-at-19.37.26.jpeg\"><img loading=\"lazy\" decoding=\"async\" class=\"alignnone size-full wp-image-72596\" src=\"http:\/\/folhadosudeste.com\/site\/wp-content\/uploads\/2020\/11\/WhatsApp-Image-2020-11-04-at-19.37.26.jpeg\" alt=\"\" width=\"1080\" height=\"1080\" srcset=\"http:\/\/folhadosudeste.com\/site\/wp-content\/uploads\/2020\/11\/WhatsApp-Image-2020-11-04-at-19.37.26.jpeg 1080w, http:\/\/folhadosudeste.com\/site\/wp-content\/uploads\/2020\/11\/WhatsApp-Image-2020-11-04-at-19.37.26-150x150.jpeg 150w, http:\/\/folhadosudeste.com\/site\/wp-content\/uploads\/2020\/11\/WhatsApp-Image-2020-11-04-at-19.37.26-300x300.jpeg 300w, http:\/\/folhadosudeste.com\/site\/wp-content\/uploads\/2020\/11\/WhatsApp-Image-2020-11-04-at-19.37.26-768x768.jpeg 768w, http:\/\/folhadosudeste.com\/site\/wp-content\/uploads\/2020\/11\/WhatsApp-Image-2020-11-04-at-19.37.26-1024x1024.jpeg 1024w\" sizes=\"auto, (max-width: 1080px) 100vw, 1080px\" \/><\/a><\/p>\n<p style=\"text-align: justify;\">O lateral-direito Vitor Hugo, de 24 anos, \u00e9 mais um refor\u00e7o chegando ao NAC para a disputa do quadrangular final do M\u00f3dulo II. O atleta estava no Coimbra, onde jogou as \u00faltimas tr\u00eas temporadas.<\/p>\n<p style=\"text-align: justify;\">Vitor Hugo come\u00e7ou a carreira na base do Audax\/SP, jogando ainda por Red Bull\/SP e Desportivo Brasil\/SP. Em 2018 foi contratado pelo Coimbra e conseguiu dois acessos seguidos: da 2\u00aa Divis\u00e3o para o M\u00f3dulo II (2018) e do M\u00f3dulo II para o M\u00f3dulo I (2019).<\/p>\n<p style=\"text-align: justify;\">No ano passado, jogou as duas partidas contra o Nacional pelas semifinais do M\u00f3dulo II. Inclusive, foi ele quem cobrou o escanteio que culminou no gol contra de Bruno Sim\u00f5es, que acabou selando o acesso para o Coimbra.<\/p>\n<p style=\"text-align: justify;\">Neste ano, disputou a elite do Campeonato Mineiro e marcou um gol de falta na vit\u00f3ria por 1 a 0 sobre o Cruzeiro, resultado que foi essencial para a manuten\u00e7\u00e3o da equipe de Contagem no M\u00f3dulo I.<\/p>\n<p style=\"text-align: justify;\">O lateral se apresentou ao NAC nesta ter\u00e7a-feira e j\u00e1 est\u00e1 \u00e0 disposi\u00e7\u00e3o do treinador Gian Rodrigues.<\/p>\n<p style=\"text-align: justify;\">FICHA T\u00c9CNICA<br \/>\nVITOR HUGO<br \/>\nNome Completo: Vitor Hugo Leite Perusses<br \/>\nPosi\u00e7\u00e3o: Lateral-Direito<br \/>\nIdade: 24 anos (05\/05\/1996)<br \/>\nAltura: 1,72m<br \/>\nClubes: Coimbra\/MG (18-20); Desportivo Brasil\/SP (17); Red Bull Brasil\/SP (16 e base), Audax\/SP (base)<\/p>\n","protected":false},"excerpt":{"rendered":"<p>Ap\u00f3s assegurar uma vaga na fase final do Campeonato Mineiro do M\u00f3dulo II, o Nacional acertou a contrata\u00e7\u00e3o do meia-atacante Weverth, de 23 anos. Weverth foi revelado pelo Villa Nova\/MG e teve passagens ainda pelas categorias de base do Arax\u00e1\/MG, Atl\u00e9tico\/MG e Atl\u00e9tico\/GO. Como profissional, defendeu o Tupynamb\u00e1s no M\u00f3dulo II de 2018 e ajudou [&hellip;]<\/p>\n","protected":false},"author":6,"featured_media":0,"comment_status":"open","ping_status":"closed","sticky":false,"template":"","format":"standard","meta":{"_joinchat":[],"footnotes":""},"categories":[1],"tags":[],"class_list":["post-72594","post","type-post","status-publish","format-standard","hentry","category-sem-categoria"],"_links":{"self":[{"href":"http:\/\/folhadosudeste.com\/site\/index.php?rest_route=\/wp\/v2\/posts\/72594","targetHints":{"allow":["GET"]}}],"collection":[{"href":"http:\/\/folhadosudeste.com\/site\/index.php?rest_route=\/wp\/v2\/posts"}],"about":[{"href":"http:\/\/folhadosudeste.com\/site\/index.php?rest_route=\/wp\/v2\/types\/post"}],"author":[{"embeddable":true,"href":"http:\/\/folhadosudeste.com\/site\/index.php?rest_route=\/wp\/v2\/users\/6"}],"replies":[{"embeddable":true,"href":"http:\/\/folhadosudeste.com\/site\/index.php?rest_route=%2Fwp%2Fv2%2Fcomments&post=72594"}],"version-history":[{"count":1,"href":"http:\/\/folhadosudeste.com\/site\/index.php?rest_route=\/wp\/v2\/posts\/72594\/revisions"}],"predecessor-version":[{"id":72598,"href":"http:\/\/folhadosudeste.com\/site\/index.php?rest_route=\/wp\/v2\/posts\/72594\/revisions\/72598"}],"wp:attachment":[{"href":"http:\/\/folhadosudeste.com\/site\/index.php?rest_route=%2Fwp%2Fv2%2Fmedia&parent=72594"}],"wp:term":[{"taxonomy":"category","embeddable":true,"href":"http:\/\/folhadosudeste.com\/site\/index.php?rest_route=%2Fwp%2Fv2%2Fcategories&post=72594"},{"taxonomy":"post_tag","embeddable":true,"href":"http:\/\/folhadosudeste.com\/site\/index.php?rest_route=%2Fwp%2Fv2%2Ftags&post=72594"}],"curies":[{"name":"wp","href":"https:\/\/api.w.org\/{rel}","templated":true}]}}