{"id":72610,"date":"2020-11-07T00:58:35","date_gmt":"2020-11-07T00:58:35","guid":{"rendered":"http:\/\/folhadosudeste.com\/site\/?p=72610"},"modified":"2020-11-07T00:58:35","modified_gmt":"2020-11-07T00:58:35","slug":"ufv-e-cba-desenvolvem-projeto-de-monitoramento-de-nascentes-na-regiao","status":"publish","type":"post","link":"http:\/\/folhadosudeste.com\/site\/?p=72610","title":{"rendered":"UFV e CBA desenvolvem projeto de monitoramento de nascentes na regi\u00e3o"},"content":{"rendered":"<p><a href=\"http:\/\/folhadosudeste.com\/site\/wp-content\/uploads\/2020\/11\/Monitoramento-Nascentes_CBA_Zona-da-Mata-2_707x530-707x405.jpg\"><img loading=\"lazy\" decoding=\"async\" class=\"alignnone size-full wp-image-72611\" src=\"http:\/\/folhadosudeste.com\/site\/wp-content\/uploads\/2020\/11\/Monitoramento-Nascentes_CBA_Zona-da-Mata-2_707x530-707x405.jpg\" alt=\"\" width=\"707\" height=\"405\" srcset=\"http:\/\/folhadosudeste.com\/site\/wp-content\/uploads\/2020\/11\/Monitoramento-Nascentes_CBA_Zona-da-Mata-2_707x530-707x405.jpg 707w, http:\/\/folhadosudeste.com\/site\/wp-content\/uploads\/2020\/11\/Monitoramento-Nascentes_CBA_Zona-da-Mata-2_707x530-707x405-300x172.jpg 300w\" sizes=\"auto, (max-width: 707px) 100vw, 707px\" \/><\/a><\/p>\n<p style=\"text-align: justify;\">As pesquisas sobre hidrologia e preserva\u00e7\u00e3o de recursos h\u00eddricos avan\u00e7am no munic\u00edpio de Mira\u00ed e regi\u00e3o, em Minas Gerais. Realizado pela Universidade Federal de Vi\u00e7osa \u2013 UFV, em parceria com a Companhia Brasileira de Alum\u00ednio \u2013 CBA, o Programa de Estudos Hidrol\u00f3gicos (PEHidro) busca entender o comportamento h\u00eddrico em \u00e1reas de minera\u00e7\u00e3o. Uma das pesquisas envolve o monitoramento de nascentes, projeto rec\u00e9m-implantado para avaliar a influ\u00eancia da atividade miner\u00e1ria na qualidade e na quantidade de \u00e1gua nesses locais.<\/p>\n<p><!--more--><\/p>\n<p><a href=\"http:\/\/folhadosudeste.com\/site\/wp-content\/uploads\/2020\/11\/Monitoramento-Nascentes_CBA_Zona-da-Mata-1_707x530.jpg\"><img loading=\"lazy\" decoding=\"async\" class=\"alignnone size-full wp-image-72612\" src=\"http:\/\/folhadosudeste.com\/site\/wp-content\/uploads\/2020\/11\/Monitoramento-Nascentes_CBA_Zona-da-Mata-1_707x530.jpg\" alt=\"\" width=\"707\" height=\"530\" srcset=\"http:\/\/folhadosudeste.com\/site\/wp-content\/uploads\/2020\/11\/Monitoramento-Nascentes_CBA_Zona-da-Mata-1_707x530.jpg 707w, http:\/\/folhadosudeste.com\/site\/wp-content\/uploads\/2020\/11\/Monitoramento-Nascentes_CBA_Zona-da-Mata-1_707x530-300x225.jpg 300w\" sizes=\"auto, (max-width: 707px) 100vw, 707px\" \/><\/a><\/p>\n<p><a href=\"http:\/\/folhadosudeste.com\/site\/wp-content\/uploads\/2020\/11\/Monitoramento-Nascentes_CBA_Zona-da-Mata-4_707x530.jpg\"><img loading=\"lazy\" decoding=\"async\" class=\"alignnone size-full wp-image-72613\" src=\"http:\/\/folhadosudeste.com\/site\/wp-content\/uploads\/2020\/11\/Monitoramento-Nascentes_CBA_Zona-da-Mata-4_707x530.jpg\" alt=\"\" width=\"707\" height=\"530\" srcset=\"http:\/\/folhadosudeste.com\/site\/wp-content\/uploads\/2020\/11\/Monitoramento-Nascentes_CBA_Zona-da-Mata-4_707x530.jpg 707w, http:\/\/folhadosudeste.com\/site\/wp-content\/uploads\/2020\/11\/Monitoramento-Nascentes_CBA_Zona-da-Mata-4_707x530-300x225.jpg 300w\" sizes=\"auto, (max-width: 707px) 100vw, 707px\" \/><\/a><\/p>\n<p style=\"text-align: justify;\">Para dar in\u00edcio \u00e0 primeira etapa, os pesquisadores da universidade mapearam cerca de cem nascentes e selecionaram dez para monitoramento, localizadas nos munic\u00edpios de Mira\u00ed, Muria\u00e9, Ros\u00e1rio da Limeira e S\u00e3o Sebasti\u00e3o da Vargem Alegre. O objetivo \u00e9 acompanhar as bacias hidrogr\u00e1ficas de cabeceira que contenham jazidas de bauxita em sua \u00e1rea de drenagem, realizando um comparativo entre as fases pr\u00e9 e p\u00f3s-minera\u00e7\u00e3o de bauxita.<\/p>\n<p style=\"text-align: justify;\">O projeto conta com a parceria dos produtores rurais, propriet\u00e1rios das \u00e1reas que ser\u00e3o estudadas. \u201cEles t\u00eam orgulho e reconhecem o valor das suas nascentes. Tamb\u00e9m se preocupam com sua sustentabilidade, o que reflete na boa ades\u00e3o ao projeto\u201d, afirma o doutorando Lucas Jesus da Silveira, respons\u00e1vel pela condu\u00e7\u00e3o do estudo.<\/p>\n<p><a href=\"http:\/\/folhadosudeste.com\/site\/wp-content\/uploads\/2020\/11\/Monitoramento-Nascentes_CBA_Zona-da-Mata-1_707x398.jpeg\"><img loading=\"lazy\" decoding=\"async\" class=\"alignnone size-full wp-image-72614\" src=\"http:\/\/folhadosudeste.com\/site\/wp-content\/uploads\/2020\/11\/Monitoramento-Nascentes_CBA_Zona-da-Mata-1_707x398.jpeg\" alt=\"\" width=\"707\" height=\"398\" srcset=\"http:\/\/folhadosudeste.com\/site\/wp-content\/uploads\/2020\/11\/Monitoramento-Nascentes_CBA_Zona-da-Mata-1_707x398.jpeg 707w, http:\/\/folhadosudeste.com\/site\/wp-content\/uploads\/2020\/11\/Monitoramento-Nascentes_CBA_Zona-da-Mata-1_707x398-300x169.jpeg 300w\" sizes=\"auto, (max-width: 707px) 100vw, 707px\" \/><\/a><\/p>\n<p><a href=\"http:\/\/folhadosudeste.com\/site\/wp-content\/uploads\/2020\/11\/Monitoramento-Nascentes_CBA_Zona-da-Mata-3_707x530.jpg\"><img loading=\"lazy\" decoding=\"async\" class=\"alignnone size-full wp-image-72615\" src=\"http:\/\/folhadosudeste.com\/site\/wp-content\/uploads\/2020\/11\/Monitoramento-Nascentes_CBA_Zona-da-Mata-3_707x530.jpg\" alt=\"\" width=\"707\" height=\"530\" srcset=\"http:\/\/folhadosudeste.com\/site\/wp-content\/uploads\/2020\/11\/Monitoramento-Nascentes_CBA_Zona-da-Mata-3_707x530.jpg 707w, http:\/\/folhadosudeste.com\/site\/wp-content\/uploads\/2020\/11\/Monitoramento-Nascentes_CBA_Zona-da-Mata-3_707x530-300x225.jpg 300w\" sizes=\"auto, (max-width: 707px) 100vw, 707px\" \/><\/a><\/p>\n<p style=\"text-align: justify;\">O coordenador do programa e professor do Departamento de Engenharia Florestal da UFV, Herly Carlos Teixeira Dias, destaca o impacto positivo deste estudo para a comunidade. \u201cO PEHidro na CBA \u00e9 tratado com muita aten\u00e7\u00e3o por todos os envolvidos, propriet\u00e1rios, estudantes e empresa, pois cada projeto criado traz informa\u00e7\u00f5es relevantes para toda a comunidade. O monitoramento de nascentes n\u00e3o foge dessa linha. Entender a din\u00e2mica da \u00e1gua \u00e9 fundamental para todos n\u00f3s\u201d, completa.<\/p>\n<p style=\"text-align: justify;\">A partir dos resultados, a UFV e a CBA levam aos propriet\u00e1rios rurais o conhecimento sobre os cuidados com as \u00e1reas reabilitadas e a import\u00e2ncia desse processo para as nascentes da regi\u00e3o. \u201cTrabalhamos com a UFV desenvolvendo tecnologias associadas ao nosso processo de reabilita\u00e7\u00e3o ambiental e os resultados das pesquisas desenvolvidas demostram que a atividade miner\u00e1ria na regi\u00e3o tem sido realizada de forma respons\u00e1vel e sustent\u00e1vel. Al\u00e9m disso, a nossa parceria segue rendendo uma rica produ\u00e7\u00e3o cient\u00edfica, entre disserta\u00e7\u00f5es, teses e apresenta\u00e7\u00f5es em eventos acad\u00eamicos no Brasil e no exterior, dispon\u00edvel para ser utilizada pela sociedade em prol do meio ambiente\u201d, destaca o gerente das unidades da CBA na Zona da Mata, Christian Fonseca de Andrade.<\/p>\n<p style=\"text-align: justify;\">Projeto de escoamento chega \u00e0 \u00faltima etapa<\/p>\n<p style=\"text-align: justify;\">Al\u00e9m do monitoramento de nascentes, o Programa de Estudos Hidrol\u00f3gicos tamb\u00e9m realiza o Projeto de Escoamento Superficial, que tem como objetivo avaliar o escoamento da \u00e1gua sobre o solo, antes e depois da minera\u00e7\u00e3o. J\u00e1 no seu quinto ano de monitoramento, o estudo foi motivado a partir de questionamentos de moradores locais sobre a influ\u00eancia da minera\u00e7\u00e3o na infiltra\u00e7\u00e3o de \u00e1gua no solo em minas reabilitadas.<\/p>\n<p style=\"text-align: justify;\">Os resultados apontaram para uma redu\u00e7\u00e3o significativa do escoamento superficial da \u00e1gua de chuva, favorecendo a sua infiltra\u00e7\u00e3o no solo. O escoamento superficial em \u00e1rea reabilitada foi 67,45% menor que uma \u00e1rea ainda n\u00e3o-minerada, sob plantio de eucalipto, e comparando uma mesma \u00e1rea, houve redu\u00e7\u00e3o de 1,75 vezes no escoamento superficial ap\u00f3s a reabilita\u00e7\u00e3o. O projeto est\u00e1 na \u00faltima etapa, que \u00e9 a de valida\u00e7\u00e3o da metodologia aplicada.<\/p>\n<p style=\"text-align: justify;\">Parceria hist\u00f3rica<\/p>\n<p style=\"text-align: justify;\">Desde 2008, a CBA desenvolve melhorias em seu modelo de reabilita\u00e7\u00e3o ambiental, que tem contribu\u00eddo para estabelecer uma nova rela\u00e7\u00e3o entre a minera\u00e7\u00e3o, os produtores rurais e o meio ambiente. As pesquisas e o desenvolvimento de tecnologias vem sendo realizadas por meio de um trabalho continuado de 12 anos em parceria com a UFV.<\/p>\n<p style=\"text-align: justify;\">As \u00e1reas mineradas s\u00e3o submetidas a processos de reabilita\u00e7\u00e3o ambiental, que proporcionam sua reintegra\u00e7\u00e3o \u00e0 paisagem da regi\u00e3o, utilizando as melhores t\u00e9cnicas, que compreendem todas as etapas para a forma\u00e7\u00e3o de um ambiente natural e sustent\u00e1vel. Por meio da parceria com a UFV, as novas pr\u00e1ticas est\u00e3o sendo aplicadas para qualificar os processos de reabilita\u00e7\u00e3o, conquistando resultados tanto para a Companhia, quanto para a comunidade acad\u00eamica e, principalmente, para o produtor rural.<\/p>\n<p style=\"text-align: justify;\">A minera\u00e7\u00e3o de bauxita na Zona da Mata mineira \u00e9 pontual, tempor\u00e1ria e progressiva, com caracter\u00edsticas distintas dos min\u00e9rios extra\u00eddos em grandes cavas. O mineral se encontra em topos dos morros e meia encostas, em camadas rasas e de f\u00e1cil extra\u00e7\u00e3o, com pequenos rebaixamentos e sem necessidade de forma\u00e7\u00e3o de cavas, permitindo um retorno r\u00e1pido das atividades nas propriedades rurais.<\/p>\n","protected":false},"excerpt":{"rendered":"<p>As pesquisas sobre hidrologia e preserva\u00e7\u00e3o de recursos h\u00eddricos avan\u00e7am no munic\u00edpio de Mira\u00ed e regi\u00e3o, em Minas Gerais. Realizado pela Universidade Federal de Vi\u00e7osa \u2013 UFV, em parceria com a Companhia Brasileira de Alum\u00ednio \u2013 CBA, o Programa de Estudos Hidrol\u00f3gicos (PEHidro) busca entender o comportamento h\u00eddrico em \u00e1reas de minera\u00e7\u00e3o. Uma das pesquisas [&hellip;]<\/p>\n","protected":false},"author":6,"featured_media":0,"comment_status":"open","ping_status":"closed","sticky":false,"template":"","format":"standard","meta":{"_joinchat":[],"footnotes":""},"categories":[1],"tags":[],"class_list":["post-72610","post","type-post","status-publish","format-standard","hentry","category-sem-categoria"],"_links":{"self":[{"href":"http:\/\/folhadosudeste.com\/site\/index.php?rest_route=\/wp\/v2\/posts\/72610","targetHints":{"allow":["GET"]}}],"collection":[{"href":"http:\/\/folhadosudeste.com\/site\/index.php?rest_route=\/wp\/v2\/posts"}],"about":[{"href":"http:\/\/folhadosudeste.com\/site\/index.php?rest_route=\/wp\/v2\/types\/post"}],"author":[{"embeddable":true,"href":"http:\/\/folhadosudeste.com\/site\/index.php?rest_route=\/wp\/v2\/users\/6"}],"replies":[{"embeddable":true,"href":"http:\/\/folhadosudeste.com\/site\/index.php?rest_route=%2Fwp%2Fv2%2Fcomments&post=72610"}],"version-history":[{"count":1,"href":"http:\/\/folhadosudeste.com\/site\/index.php?rest_route=\/wp\/v2\/posts\/72610\/revisions"}],"predecessor-version":[{"id":72616,"href":"http:\/\/folhadosudeste.com\/site\/index.php?rest_route=\/wp\/v2\/posts\/72610\/revisions\/72616"}],"wp:attachment":[{"href":"http:\/\/folhadosudeste.com\/site\/index.php?rest_route=%2Fwp%2Fv2%2Fmedia&parent=72610"}],"wp:term":[{"taxonomy":"category","embeddable":true,"href":"http:\/\/folhadosudeste.com\/site\/index.php?rest_route=%2Fwp%2Fv2%2Fcategories&post=72610"},{"taxonomy":"post_tag","embeddable":true,"href":"http:\/\/folhadosudeste.com\/site\/index.php?rest_route=%2Fwp%2Fv2%2Ftags&post=72610"}],"curies":[{"name":"wp","href":"https:\/\/api.w.org\/{rel}","templated":true}]}}