{"id":72719,"date":"2020-11-11T18:45:31","date_gmt":"2020-11-11T18:45:31","guid":{"rendered":"http:\/\/folhadosudeste.com\/site\/?p=72719"},"modified":"2020-11-11T18:45:31","modified_gmt":"2020-11-11T18:45:31","slug":"candidata-do-mdb-a-vice-prefeita-paula-godinho-volta-atras-e-disse-que-concorrera-as-eleicoes-municipais","status":"publish","type":"post","link":"http:\/\/folhadosudeste.com\/site\/?p=72719","title":{"rendered":"Candidata do MDB a vice-prefeita Paula Godinho volta atr\u00e1s e disse que concorrer\u00e1 as elei\u00e7\u00f5es municipais"},"content":{"rendered":"<figure id=\"attachment_72720\" aria-describedby=\"caption-attachment-72720\" style=\"width: 700px\" class=\"wp-caption alignnone\"><a href=\"http:\/\/folhadosudeste.com\/site\/wp-content\/uploads\/2020\/11\/d8710ddd1f4950b7220526ee397a865f.01.jpeg\"><img loading=\"lazy\" decoding=\"async\" class=\"wp-image-72720 size-full\" src=\"http:\/\/folhadosudeste.com\/site\/wp-content\/uploads\/2020\/11\/d8710ddd1f4950b7220526ee397a865f.01.jpeg\" alt=\"\" width=\"700\" height=\"525\" srcset=\"http:\/\/folhadosudeste.com\/site\/wp-content\/uploads\/2020\/11\/d8710ddd1f4950b7220526ee397a865f.01.jpeg 700w, http:\/\/folhadosudeste.com\/site\/wp-content\/uploads\/2020\/11\/d8710ddd1f4950b7220526ee397a865f.01-300x225.jpeg 300w\" sizes=\"auto, (max-width: 700px) 100vw, 700px\" \/><\/a><figcaption id=\"caption-attachment-72720\" class=\"wp-caption-text\">Paula Godinho e Manoel Carvalho realizando campanha eleitoral no bairro Primavera &#8211; Foto: Redes Sociais<\/figcaption><\/figure>\n<p style=\"text-align: justify;\">A candidata a vice-prefeita Paula Godinho voltou atr\u00e1s em sua decis\u00e3o e disse nesta quarta-feira (11) que \u00e9 candidata a vice-prefeita pelo partido MDB, junto com o candidato Manoel Carvalho.<\/p>\n<p style=\"text-align: justify;\">De acordo com o protocolo enviado \u00e0 Justi\u00e7a Eleitoral, a candidata pediu que fosse desconsiderado o pedido de ren\u00fancia, enviado, atrav\u00e9s de uma procura\u00e7\u00e3o.<\/p>\n<p style=\"text-align: justify;\">A candidata informou que o equ\u00edvoco ocorreu devido a problemas particulares. O documento ressalta tamb\u00e9m que a democracia sempre tem que est\u00e1 acima de qualquer particularidade.<\/p>\n<p style=\"text-align: justify;\">O departamento de jornalismo entrou em contato com a candidata, mas n\u00e3o obteve nenhum retorno.<\/p>\n<p style=\"text-align: justify;\"><strong>Entenda o que aconteceu<\/strong><\/p>\n<p><!--more--><\/p>\n<p style=\"text-align: justify;\">No dia 09 de novembro a candidata, atrav\u00e9s de uma procura\u00e7\u00e3o, apresentou junto \u00e0 Justi\u00e7a Eleitoral um pedido renunciando sua candidatura \u00e0 vice-prefeita do partido MDB, da coliga\u00e7\u00e3o \u201cSimplicidade e Trabalho\u201d.<\/p>\n<p style=\"text-align: justify;\">A decis\u00e3o repentina, faltando menos de uma semana para as elei\u00e7\u00f5es, pegou todos os integrantes do partido de surpresa.<\/p>\n<p style=\"text-align: justify;\">Em nota, o partido MDB repudiou a decis\u00e3o da candidata e informou que a campanha n\u00e3o ser\u00e1 afetada. Disse tamb\u00e9m que manter\u00e1 o foco nesta reta final das elei\u00e7\u00f5es e caberia a Justi\u00e7a Eleitoral acatar ou n\u00e3o a decis\u00e3o da candidata.<\/p>\n<p>Fonte: radiomuriae.com.br<\/p>\n","protected":false},"excerpt":{"rendered":"<p>A candidata a vice-prefeita Paula Godinho voltou atr\u00e1s em sua decis\u00e3o e disse nesta quarta-feira (11) que \u00e9 candidata a vice-prefeita pelo partido MDB, junto com o candidato Manoel Carvalho. De acordo com o protocolo enviado \u00e0 Justi\u00e7a Eleitoral, a candidata pediu que fosse desconsiderado o pedido de ren\u00fancia, enviado, atrav\u00e9s de uma procura\u00e7\u00e3o. A [&hellip;]<\/p>\n","protected":false},"author":6,"featured_media":0,"comment_status":"open","ping_status":"closed","sticky":false,"template":"","format":"standard","meta":{"_joinchat":[],"footnotes":""},"categories":[1],"tags":[],"class_list":["post-72719","post","type-post","status-publish","format-standard","hentry","category-sem-categoria"],"_links":{"self":[{"href":"http:\/\/folhadosudeste.com\/site\/index.php?rest_route=\/wp\/v2\/posts\/72719","targetHints":{"allow":["GET"]}}],"collection":[{"href":"http:\/\/folhadosudeste.com\/site\/index.php?rest_route=\/wp\/v2\/posts"}],"about":[{"href":"http:\/\/folhadosudeste.com\/site\/index.php?rest_route=\/wp\/v2\/types\/post"}],"author":[{"embeddable":true,"href":"http:\/\/folhadosudeste.com\/site\/index.php?rest_route=\/wp\/v2\/users\/6"}],"replies":[{"embeddable":true,"href":"http:\/\/folhadosudeste.com\/site\/index.php?rest_route=%2Fwp%2Fv2%2Fcomments&post=72719"}],"version-history":[{"count":1,"href":"http:\/\/folhadosudeste.com\/site\/index.php?rest_route=\/wp\/v2\/posts\/72719\/revisions"}],"predecessor-version":[{"id":72721,"href":"http:\/\/folhadosudeste.com\/site\/index.php?rest_route=\/wp\/v2\/posts\/72719\/revisions\/72721"}],"wp:attachment":[{"href":"http:\/\/folhadosudeste.com\/site\/index.php?rest_route=%2Fwp%2Fv2%2Fmedia&parent=72719"}],"wp:term":[{"taxonomy":"category","embeddable":true,"href":"http:\/\/folhadosudeste.com\/site\/index.php?rest_route=%2Fwp%2Fv2%2Fcategories&post=72719"},{"taxonomy":"post_tag","embeddable":true,"href":"http:\/\/folhadosudeste.com\/site\/index.php?rest_route=%2Fwp%2Fv2%2Ftags&post=72719"}],"curies":[{"name":"wp","href":"https:\/\/api.w.org\/{rel}","templated":true}]}}