{"id":72722,"date":"2020-11-11T18:48:42","date_gmt":"2020-11-11T18:48:42","guid":{"rendered":"http:\/\/folhadosudeste.com\/site\/?p=72722"},"modified":"2020-11-11T18:48:42","modified_gmt":"2020-11-11T18:48:42","slug":"muriae-tem-26-novas-casos-e-mais-2-mortes-por-covid-19","status":"publish","type":"post","link":"http:\/\/folhadosudeste.com\/site\/?p=72722","title":{"rendered":"Muria\u00e9 tem 26 novas casos e mais 2 mortes por covid-19"},"content":{"rendered":"<p><img decoding=\"async\" src=\"https:\/\/muriae.mg.gov.br\/wp-content\/uploads\/2020\/11\/11112020.png\" alt=\"11112020\"><\/p>\n<p style=\"text-align: justify;\">Mais duas pessoas que moravam em Muria\u00e9 morreram em decorr\u00eancia da covid-19 nas \u00faltimas 24 horas.<\/p>\n<p style=\"text-align: justify;\">Ambas as v\u00edtimas eram mulheres. Uma delas, de 66 anos, estava internada em Juiz de Fora e tamb\u00e9m sofria de doen\u00e7a neurol\u00f3gica. J\u00e1 a segunda v\u00edtima estava com 67 anos e tinha obesidade como fator agravante da doen\u00e7a.<\/p>\n<p style=\"text-align: justify;\">O n\u00famero de pacientes ativos em Muria\u00e9 tamb\u00e9m subiu de ontem para hoje. Com 26 novas infec\u00e7\u00f5es confirmadas nas \u00faltimas 24 horas, o total de pessoas em recupera\u00e7\u00e3o da covid-19 fechou em 115 nesta quarta-feira.<\/p>\n<p style=\"text-align: justify;\">Os hospitais da cidade, por sua vez, contam com um total de 25 pacientes internados com suspeita ou confirma\u00e7\u00e3o da doen\u00e7a. Deste total, 15 est\u00e3o na UTI, sendo nove pelo SUS. A taxa de ocupa\u00e7\u00e3o das unidades de terapia intensiva p\u00fablicas \u00e9 de 43%.<\/p>\n<p><!--more--><\/p>\n<p style=\"text-align: justify;\">Os n\u00fameros de hoje (11\/11\/2020) foram retirados do sistema \u00e0s 6h10. Veja os n\u00fameros completos:<\/p>\n<p style=\"text-align: justify;\"><strong>MORADORES DE MURIA\u00c9<\/strong>Total de confirma\u00e7\u00f5es: 3.659 (em rela\u00e7\u00e3o ao boletim anterior: +26)<br \/>\nPacientes ativos: 115 (em rela\u00e7\u00e3o ao boletim anterior: +08)<br \/>\nPacientes curados: 3.457 (em rela\u00e7\u00e3o ao boletim anterior: +16)<br \/>\n\u00d3bitos: 87 (em rela\u00e7\u00e3o ao boletim anterior: +02)<br \/>\nEm investiga\u00e7\u00e3o (com exame): 84<br \/>\nEm monitoramento (sem exame): 304<br \/>\nNegativos: 5.291<\/p>\n<p style=\"text-align: justify;\"><strong>MORADORES DE OUTRAS CIDADES ATENDIDOS EM MURIA\u00c9 (estes n\u00fameros entram nas estat\u00edsticas das cidades de origem de cada paciente; a divulga\u00e7\u00e3o ocorre apenas a t\u00edtulo de informa\u00e7\u00e3o e transpar\u00eancia)<\/strong><br \/>\nTotal de confirma\u00e7\u00f5es: 353 (em rela\u00e7\u00e3o ao boletim anterior: +01)<br \/>\nPacientes ativos: 28 (em rela\u00e7\u00e3o ao boletim anterior: +01)<br \/>\nPacientes curados: 261 (em rela\u00e7\u00e3o ao boletim anterior: sem altera\u00e7\u00e3o)<br \/>\n\u00d3bitos: 64 (em rela\u00e7\u00e3o ao boletim anterior: sem altera\u00e7\u00e3o)<br \/>\nEm investiga\u00e7\u00e3o (com exame): 07<br \/>\nEm monitoramento (sem exame): 02<br \/>\nNegativos: 655<\/p>\n","protected":false},"excerpt":{"rendered":"<p>Mais duas pessoas que moravam em Muria\u00e9 morreram em decorr\u00eancia da covid-19 nas \u00faltimas 24 horas. Ambas as v\u00edtimas eram mulheres. Uma delas, de 66 anos, estava internada em Juiz de Fora e tamb\u00e9m sofria de doen\u00e7a neurol\u00f3gica. J\u00e1 a segunda v\u00edtima estava com 67 anos e tinha obesidade como fator agravante da doen\u00e7a. O [&hellip;]<\/p>\n","protected":false},"author":6,"featured_media":0,"comment_status":"open","ping_status":"closed","sticky":false,"template":"","format":"standard","meta":{"_joinchat":[],"footnotes":""},"categories":[1],"tags":[],"class_list":["post-72722","post","type-post","status-publish","format-standard","hentry","category-sem-categoria"],"_links":{"self":[{"href":"http:\/\/folhadosudeste.com\/site\/index.php?rest_route=\/wp\/v2\/posts\/72722","targetHints":{"allow":["GET"]}}],"collection":[{"href":"http:\/\/folhadosudeste.com\/site\/index.php?rest_route=\/wp\/v2\/posts"}],"about":[{"href":"http:\/\/folhadosudeste.com\/site\/index.php?rest_route=\/wp\/v2\/types\/post"}],"author":[{"embeddable":true,"href":"http:\/\/folhadosudeste.com\/site\/index.php?rest_route=\/wp\/v2\/users\/6"}],"replies":[{"embeddable":true,"href":"http:\/\/folhadosudeste.com\/site\/index.php?rest_route=%2Fwp%2Fv2%2Fcomments&post=72722"}],"version-history":[{"count":1,"href":"http:\/\/folhadosudeste.com\/site\/index.php?rest_route=\/wp\/v2\/posts\/72722\/revisions"}],"predecessor-version":[{"id":72723,"href":"http:\/\/folhadosudeste.com\/site\/index.php?rest_route=\/wp\/v2\/posts\/72722\/revisions\/72723"}],"wp:attachment":[{"href":"http:\/\/folhadosudeste.com\/site\/index.php?rest_route=%2Fwp%2Fv2%2Fmedia&parent=72722"}],"wp:term":[{"taxonomy":"category","embeddable":true,"href":"http:\/\/folhadosudeste.com\/site\/index.php?rest_route=%2Fwp%2Fv2%2Fcategories&post=72722"},{"taxonomy":"post_tag","embeddable":true,"href":"http:\/\/folhadosudeste.com\/site\/index.php?rest_route=%2Fwp%2Fv2%2Ftags&post=72722"}],"curies":[{"name":"wp","href":"https:\/\/api.w.org\/{rel}","templated":true}]}}