{"id":72757,"date":"2020-11-18T14:42:03","date_gmt":"2020-11-18T14:42:03","guid":{"rendered":"http:\/\/folhadosudeste.com\/site\/?p=72757"},"modified":"2020-11-18T14:42:03","modified_gmt":"2020-11-18T14:42:03","slug":"muriae-tem-61-novos-casos-e-mais-uma-morte-por-covid-19","status":"publish","type":"post","link":"http:\/\/folhadosudeste.com\/site\/?p=72757","title":{"rendered":"Muria\u00e9 tem 61 novos casos e mais uma morte por covid-19"},"content":{"rendered":"<p><img decoding=\"async\" src=\"https:\/\/muriae.mg.gov.br\/wp-content\/uploads\/2020\/11\/17112020.png\" alt=\"17112020\"><\/p>\n<p style=\"text-align: justify;\">Mais 61 pessoas testaram positivo para o coronav\u00edrus em Muria\u00e9. Al\u00e9m das dezenas de novas infec\u00e7\u00f5es, a cidade tamb\u00e9m registrou mais uma morte por covid-19 nas \u00faltimas 24 horas &#8211; a v\u00edtima foi uma mulher de 67 anos, que tamb\u00e9m sofria de hipertens\u00e3o, diabetes e obesidade.<\/p>\n<p style=\"text-align: justify;\">No boletim desta ter\u00e7a-feira, o n\u00famero de pacientes ativos da doen\u00e7a em Muria\u00e9 totalizou 135 pessoas (38 a mais do que ontem).<\/p>\n<p style=\"text-align: justify;\">Os hospitais da cidade est\u00e3o com 27 pacientes internados com suspeita ou confirma\u00e7\u00e3o da doen\u00e7a. Deste total, 18 est\u00e3o em UTI (sendo 10 pelo SUS) e quatro est\u00e3o intubados A taxa de ocupa\u00e7\u00e3o das unidades de terapia intensiva p\u00fablicas \u00e9 de 48%.<\/p>\n<p style=\"text-align: justify;\">Os n\u00fameros de hoje (17\/11\/2020) foram retirados do sistema \u00e0s 7h. Veja os n\u00fameros completos:<\/p>\n<p style=\"text-align: justify;\"><strong>MORADORES DE MURIA\u00c9<\/strong><\/p>\n<p style=\"text-align: justify;\"><!--more--><br \/>\nTotal de confirma\u00e7\u00f5es: 3.756 (em rela\u00e7\u00e3o ao boletim anterior: +61)<br \/>\nPacientes ativos: 135 (em rela\u00e7\u00e3o ao boletim anterior: +38)<br \/>\nPacientes curados: 3.533 (em rela\u00e7\u00e3o ao boletim anterior: +22)<br \/>\n\u00d3bitos: 88 (em rela\u00e7\u00e3o ao boletim anterior: +01)<br \/>\nEm investiga\u00e7\u00e3o (com exame): 172<br \/>\nEm monitoramento (sem exame): 303<br \/>\nNegativos: 5.435<\/p>\n<p style=\"text-align: justify;\"><strong>MORADORES DE OUTRAS CIDADES ATENDIDOS EM MURIA\u00c9 (estes n\u00fameros entram nas estat\u00edsticas das cidades de origem de cada paciente; a divulga\u00e7\u00e3o ocorre apenas a t\u00edtulo de informa\u00e7\u00e3o e transpar\u00eancia)<\/strong><br \/>\nTotal de confirma\u00e7\u00f5es: 358 (em rela\u00e7\u00e3o ao boletim anterior: +02)<br \/>\nPacientes ativos: 26 (em rela\u00e7\u00e3o ao boletim anterior: +02)<br \/>\nPacientes curados: 267 (em rela\u00e7\u00e3o ao boletim anterior: sem altera\u00e7\u00e3o)<br \/>\n\u00d3bitos: 65 (em rela\u00e7\u00e3o ao boletim anterior: sem altera\u00e7\u00e3o)<br \/>\nEm investiga\u00e7\u00e3o (com exame): 06<br \/>\nEm monitoramento (sem exame): 02<br \/>\nNegativos: 662<\/p>\n","protected":false},"excerpt":{"rendered":"<p>Mais 61 pessoas testaram positivo para o coronav\u00edrus em Muria\u00e9. Al\u00e9m das dezenas de novas infec\u00e7\u00f5es, a cidade tamb\u00e9m registrou mais uma morte por covid-19 nas \u00faltimas 24 horas &#8211; a v\u00edtima foi uma mulher de 67 anos, que tamb\u00e9m sofria de hipertens\u00e3o, diabetes e obesidade. No boletim desta ter\u00e7a-feira, o n\u00famero de pacientes ativos [&hellip;]<\/p>\n","protected":false},"author":6,"featured_media":0,"comment_status":"open","ping_status":"closed","sticky":false,"template":"","format":"standard","meta":{"_joinchat":[],"footnotes":""},"categories":[1],"tags":[],"class_list":["post-72757","post","type-post","status-publish","format-standard","hentry","category-sem-categoria"],"_links":{"self":[{"href":"http:\/\/folhadosudeste.com\/site\/index.php?rest_route=\/wp\/v2\/posts\/72757","targetHints":{"allow":["GET"]}}],"collection":[{"href":"http:\/\/folhadosudeste.com\/site\/index.php?rest_route=\/wp\/v2\/posts"}],"about":[{"href":"http:\/\/folhadosudeste.com\/site\/index.php?rest_route=\/wp\/v2\/types\/post"}],"author":[{"embeddable":true,"href":"http:\/\/folhadosudeste.com\/site\/index.php?rest_route=\/wp\/v2\/users\/6"}],"replies":[{"embeddable":true,"href":"http:\/\/folhadosudeste.com\/site\/index.php?rest_route=%2Fwp%2Fv2%2Fcomments&post=72757"}],"version-history":[{"count":1,"href":"http:\/\/folhadosudeste.com\/site\/index.php?rest_route=\/wp\/v2\/posts\/72757\/revisions"}],"predecessor-version":[{"id":72758,"href":"http:\/\/folhadosudeste.com\/site\/index.php?rest_route=\/wp\/v2\/posts\/72757\/revisions\/72758"}],"wp:attachment":[{"href":"http:\/\/folhadosudeste.com\/site\/index.php?rest_route=%2Fwp%2Fv2%2Fmedia&parent=72757"}],"wp:term":[{"taxonomy":"category","embeddable":true,"href":"http:\/\/folhadosudeste.com\/site\/index.php?rest_route=%2Fwp%2Fv2%2Fcategories&post=72757"},{"taxonomy":"post_tag","embeddable":true,"href":"http:\/\/folhadosudeste.com\/site\/index.php?rest_route=%2Fwp%2Fv2%2Ftags&post=72757"}],"curies":[{"name":"wp","href":"https:\/\/api.w.org\/{rel}","templated":true}]}}