{"id":72759,"date":"2020-11-18T14:44:28","date_gmt":"2020-11-18T14:44:28","guid":{"rendered":"http:\/\/folhadosudeste.com\/site\/?p=72759"},"modified":"2020-11-18T14:44:28","modified_gmt":"2020-11-18T14:44:28","slug":"soro-contra-a-covid-19-motiva-visita-a-fazenda-da-funed","status":"publish","type":"post","link":"http:\/\/folhadosudeste.com\/site\/?p=72759","title":{"rendered":"Soro contra a Covid-19 motiva visita a fazenda da Funed"},"content":{"rendered":"<figure style=\"width: 640px\" class=\"wp-caption alignnone\"><img loading=\"lazy\" decoding=\"async\" src=\"https:\/\/mediaserver.almg.gov.br\/acervo\/535\/905\/1535905.jpg?__scale=w:664,h:50\" alt=\"\" width=\"640\" height=\"427\"><figcaption class=\"wp-caption-text\">Em vota\u00e7\u00e3o remota, deputados ainda acataram requerimentos para a realiza\u00e7\u00e3o de duas audi\u00eancias &#8211; Foto:Willian Dias<\/figcaption><\/figure>\n<p style=\"text-align: justify;\"><em>Parlamentares querem conhecer local onde \u00e9 feita a inocula\u00e7\u00e3o de cavalos para a produ\u00e7\u00e3o de anticorpos contra o v\u00edrus<\/em><\/p>\n<p style=\"text-align: justify;\">A Funda\u00e7\u00e3o Ezequiel Dias (Funed) trabalha na produ\u00e7\u00e3o de um soro que visaria a reduzir a carga viral e minimizar os sintomas da Covid-19. A pesquisa est\u00e1 em desenvolvimento na Fazenda Experimental S\u00e3o Judas Tadeu, que pertence \u00e0 Funed e se localiza em Betim, na Regi\u00e3o Metropolitana de Belo Horizonte. Com o objetivo de conhecer de perto essa iniciativa, a Comiss\u00e3o de Agropecu\u00e1ria e Agroind\u00fastria da Assembleia Legislativa de Minas Gerais (ALMG), em reuni\u00e3o realizada nesta nesta ter\u00e7a-feira (17\/11\/20), aprovou requerimento de visita t\u00e9cnica \u00e0 fazenda.<\/p>\n<p style=\"text-align: justify;\">Segundo o requerimento, assinado pelo presidente da comiss\u00e3o, deputado Coronel Henrique (PSL), a Fazenda S\u00e3o Judas Tadeu \u00e9 especialista na produ\u00e7\u00e3o de soros antipe\u00e7onhentos, antit\u00f3xicos e antivirais. O soro para o tratamento da Covid-19 vem sendo desenvolvido a partir de anticorpos de cavalos inoculados com o v\u00edrus inativado.<\/p>\n<p><!--more--><\/p>\n<p style=\"text-align: justify;\">O portal da Funda\u00e7\u00e3o Ezequiel Dias informa que lotes-piloto do soro contra o novo coronav\u00edrus devem ser finalizados em janeiro de 2021. Ser\u00e3o 5 mil ampolas para estudos cl\u00ednicos, mas o uso ser\u00e1 restrito ao ambiente hospitalar e a partir de prescri\u00e7\u00e3o m\u00e9dica.<\/p>\n<p style=\"text-align: justify;\">Seca &#8211; Na mesma reuni\u00e3o, a comiss\u00e3o aprovou requerimento de audi\u00eancia p\u00fablica para debater, em car\u00e1ter de urg\u00eancia, com produtores rurais da regi\u00e3o cafeeira do Estado e institui\u00e7\u00f5es financeiras, a seca que amea\u00e7a o setor. Os deputados Coronel Henrique, Antonio Carlos Arantes (PSDB), Betinho Pinto Coelho (Solidariedade), Gustavo Santana (PL), Tito Torres (PSDB) e In\u00e1cio Franco (PV), autores do requerimento, tamb\u00e9m querem discutir, na mesma reuni\u00e3o, a renegocia\u00e7\u00e3o dos cr\u00e9ditos rurais e das d\u00edvidas dos agricultores afetados.<\/p>\n<p style=\"text-align: justify;\">Tamb\u00e9m foi aprovada a realiza\u00e7\u00e3o de audi\u00eancia para a entrega dos diplomas referentes a votos de congratula\u00e7\u00f5es destinados a associa\u00e7\u00f5es de produtores de queijo Minas artesanal. O motivo \u00e9 a passagem do Dia Internacional de Valoriza\u00e7\u00e3o dos Queijos de Leite Cru, comemorado em 17 de outubro.<\/p>\n","protected":false},"excerpt":{"rendered":"<p>Parlamentares querem conhecer local onde \u00e9 feita a inocula\u00e7\u00e3o de cavalos para a produ\u00e7\u00e3o de anticorpos contra o v\u00edrus A Funda\u00e7\u00e3o Ezequiel Dias (Funed) trabalha na produ\u00e7\u00e3o de um soro que visaria a reduzir a carga viral e minimizar os sintomas da Covid-19. A pesquisa est\u00e1 em desenvolvimento na Fazenda Experimental S\u00e3o Judas Tadeu, que [&hellip;]<\/p>\n","protected":false},"author":6,"featured_media":0,"comment_status":"open","ping_status":"closed","sticky":false,"template":"","format":"standard","meta":{"_joinchat":[],"footnotes":""},"categories":[1],"tags":[],"class_list":["post-72759","post","type-post","status-publish","format-standard","hentry","category-sem-categoria"],"_links":{"self":[{"href":"http:\/\/folhadosudeste.com\/site\/index.php?rest_route=\/wp\/v2\/posts\/72759","targetHints":{"allow":["GET"]}}],"collection":[{"href":"http:\/\/folhadosudeste.com\/site\/index.php?rest_route=\/wp\/v2\/posts"}],"about":[{"href":"http:\/\/folhadosudeste.com\/site\/index.php?rest_route=\/wp\/v2\/types\/post"}],"author":[{"embeddable":true,"href":"http:\/\/folhadosudeste.com\/site\/index.php?rest_route=\/wp\/v2\/users\/6"}],"replies":[{"embeddable":true,"href":"http:\/\/folhadosudeste.com\/site\/index.php?rest_route=%2Fwp%2Fv2%2Fcomments&post=72759"}],"version-history":[{"count":1,"href":"http:\/\/folhadosudeste.com\/site\/index.php?rest_route=\/wp\/v2\/posts\/72759\/revisions"}],"predecessor-version":[{"id":72760,"href":"http:\/\/folhadosudeste.com\/site\/index.php?rest_route=\/wp\/v2\/posts\/72759\/revisions\/72760"}],"wp:attachment":[{"href":"http:\/\/folhadosudeste.com\/site\/index.php?rest_route=%2Fwp%2Fv2%2Fmedia&parent=72759"}],"wp:term":[{"taxonomy":"category","embeddable":true,"href":"http:\/\/folhadosudeste.com\/site\/index.php?rest_route=%2Fwp%2Fv2%2Fcategories&post=72759"},{"taxonomy":"post_tag","embeddable":true,"href":"http:\/\/folhadosudeste.com\/site\/index.php?rest_route=%2Fwp%2Fv2%2Ftags&post=72759"}],"curies":[{"name":"wp","href":"https:\/\/api.w.org\/{rel}","templated":true}]}}