{"id":72839,"date":"2020-11-24T18:29:21","date_gmt":"2020-11-24T18:29:21","guid":{"rendered":"http:\/\/folhadosudeste.com\/site\/?p=72839"},"modified":"2020-11-24T18:31:02","modified_gmt":"2020-11-24T18:31:02","slug":"festa-promovida-por-boate-em-muriae-tem-aglomeracao-e-desrespeito-as-medidas-de-prevencao-a-covid-19","status":"publish","type":"post","link":"http:\/\/folhadosudeste.com\/site\/?p=72839","title":{"rendered":"Festa promovida por boate em Muria\u00e9 tem aglomera\u00e7\u00e3o e desrespeito \u00e0s medidas de preven\u00e7\u00e3o \u00e0 Covid-19"},"content":{"rendered":"<figure style=\"width: 740px\" class=\"wp-caption alignnone\"><img loading=\"lazy\" decoding=\"async\" class=\"\" src=\"https:\/\/s2.glbimg.com\/k12jfmvJI1GlGTo2M0AJumIcBNs=\/0x0:434x658\/984x0\/smart\/filters:strip_icc()\/i.s3.glbimg.com\/v1\/AUTH_59edd422c0c84a879bd37670ae4f538a\/internal_photos\/bs\/2020\/W\/A\/dcZZSMTmuLyMjZ8sH7Eg\/boatefourdisco.jpg\" alt=\"\" width=\"740\" height=\"1122\"><figcaption class=\"wp-caption-text\">Festa gerou aglomera\u00e7\u00e3o em boate de Muria\u00e9 \u2014 Foto: Instagram\/Reprodu\u00e7\u00e3o<\/figcaption><\/figure>\n<p style=\"text-align: justify;\"><em>De acordo com o Comit\u00ea Municipal de Enfrentamento \u00e0 Covid-19, est\u00e1 proibida a realiza\u00e7\u00e3o de shows e funcionamento de boates e casas noturnas no munic\u00edpio. Cidade est\u00e1 na Onda Verde do programa estadual &#8216;Minas Consciente&#8217; e tem mais de 3.800 casos confirmados de coronav\u00edrus<\/em><\/p>\n<p style=\"text-align: justify;\">Uma festa realizada na noite de s\u00e1bado (21) na boate Four Disco, em Muria\u00e9, gerou aglomera\u00e7\u00e3o e desrespeito \u00e0s medidas de enfrentamento \u00e0 Covid-19. Em imagens que foram divulgadas nas redes sociais, \u00e9 poss\u00edvel ver que n\u00e3o h\u00e1 utiliza\u00e7\u00e3o de m\u00e1scaras pelos frequentadores dentro da casa noturna.<\/p>\n<p style=\"text-align: justify;\">Muria\u00e9 tem 3.822 casos confirmados de Covid-19 desde o in\u00edcio da pandemia e 88 mortes pela doen\u00e7a segundo o Boletim Municipal de sexta-feira (20).<\/p>\n<p style=\"text-align: justify;\">A cidade est\u00e1 na Onda Verde do programa estadual &#8220;Minas Consciente&#8221; e tem um Comit\u00ea Municipal que estabelece diretrizes e resolu\u00e7\u00f5es com restri\u00e7\u00f5es ao funcionamento de alguns setores por conta da pandemia.<\/p>\n<figure style=\"width: 744px\" class=\"wp-caption alignnone\"><img loading=\"lazy\" decoding=\"async\" class=\"\" src=\"https:\/\/s2.glbimg.com\/3cN5h6FAqe2nk_lv0zVtqxex8KQ=\/0x0:980x400\/984x0\/smart\/filters:strip_icc()\/i.s3.glbimg.com\/v1\/AUTH_59edd422c0c84a879bd37670ae4f538a\/internal_photos\/bs\/2020\/H\/u\/wPmn8KS3iB5BZKFHpMFg\/slideafourtaon-980x400.jpg\" alt=\"\" width=\"744\" height=\"304\"><figcaption class=\"wp-caption-text\">Festa promovida nas redes sociais da boate Four Disco, que teve flagrante de aglomera\u00e7\u00e3o e pessoas sem m\u00e1scara \u2014 Foto: Reprodu\u00e7\u00e3o\/Site Four Disco<\/figcaption><\/figure>\n<p style=\"text-align: justify;\">Em nota ao MG1, a Prefeitura afirmou que est\u00e1 vedada a realiza\u00e7\u00e3o de shows, funcionamento de boates e casas de festas na cidade. A resolu\u00e7\u00e3o tamb\u00e9m pro\u00edbe reuni\u00f5es de pessoas com p\u00fablico superior a 100 indiv\u00edduos, seja em ambientes abertos ou fechados, p\u00fablicos ou privados.<\/p>\n<p style=\"text-align: justify;\">O evento da Four Disco foi divulgado nas redes sociais e no site da boate, onde ocorreu a venda de ingressos. Na descri\u00e7\u00e3o do evento, a empresa informou que &#8220;atentos ao cen\u00e1rio da Covid-19 no pa\u00eds, seguiremos todos os protocolos estabelecidos pelas autoridades de sa\u00fade&#8221;.<\/p>\n<p style=\"text-align: justify;\">A produ\u00e7\u00e3o da TV Integra\u00e7\u00e3o entrou em contato com a boate para saber mais informa\u00e7\u00f5es sobre a festa mas n\u00e3o obteve retorno at\u00e9 a \u00faltima atualiza\u00e7\u00e3o desta mat\u00e9ria.<\/p>\n<p style=\"text-align: justify;\">J\u00e1 a Prefeitura de Muria\u00e9 informou que est\u00e1 apurando as informa\u00e7\u00f5es para, diante dos fatos, tomar as provid\u00eancias necess\u00e1rias relacionadas ao caso.<\/p>\n<p><em><strong>Fonte: www.g1.globo.com<\/strong><\/em><\/p>\n","protected":false},"excerpt":{"rendered":"<p>De acordo com o Comit\u00ea Municipal de Enfrentamento \u00e0 Covid-19, est\u00e1 proibida a realiza\u00e7\u00e3o de shows e funcionamento de boates e casas noturnas no munic\u00edpio. Cidade est\u00e1 na Onda Verde do programa estadual &#8216;Minas Consciente&#8217; e tem mais de 3.800 casos confirmados de coronav\u00edrus Uma festa realizada na noite de s\u00e1bado (21) na boate Four [&hellip;]<\/p>\n","protected":false},"author":6,"featured_media":0,"comment_status":"open","ping_status":"closed","sticky":false,"template":"","format":"standard","meta":{"_joinchat":[],"footnotes":""},"categories":[1],"tags":[],"class_list":["post-72839","post","type-post","status-publish","format-standard","hentry","category-sem-categoria"],"_links":{"self":[{"href":"http:\/\/folhadosudeste.com\/site\/index.php?rest_route=\/wp\/v2\/posts\/72839","targetHints":{"allow":["GET"]}}],"collection":[{"href":"http:\/\/folhadosudeste.com\/site\/index.php?rest_route=\/wp\/v2\/posts"}],"about":[{"href":"http:\/\/folhadosudeste.com\/site\/index.php?rest_route=\/wp\/v2\/types\/post"}],"author":[{"embeddable":true,"href":"http:\/\/folhadosudeste.com\/site\/index.php?rest_route=\/wp\/v2\/users\/6"}],"replies":[{"embeddable":true,"href":"http:\/\/folhadosudeste.com\/site\/index.php?rest_route=%2Fwp%2Fv2%2Fcomments&post=72839"}],"version-history":[{"count":5,"href":"http:\/\/folhadosudeste.com\/site\/index.php?rest_route=\/wp\/v2\/posts\/72839\/revisions"}],"predecessor-version":[{"id":72844,"href":"http:\/\/folhadosudeste.com\/site\/index.php?rest_route=\/wp\/v2\/posts\/72839\/revisions\/72844"}],"wp:attachment":[{"href":"http:\/\/folhadosudeste.com\/site\/index.php?rest_route=%2Fwp%2Fv2%2Fmedia&parent=72839"}],"wp:term":[{"taxonomy":"category","embeddable":true,"href":"http:\/\/folhadosudeste.com\/site\/index.php?rest_route=%2Fwp%2Fv2%2Fcategories&post=72839"},{"taxonomy":"post_tag","embeddable":true,"href":"http:\/\/folhadosudeste.com\/site\/index.php?rest_route=%2Fwp%2Fv2%2Ftags&post=72839"}],"curies":[{"name":"wp","href":"https:\/\/api.w.org\/{rel}","templated":true}]}}