{"id":72849,"date":"2020-11-24T20:07:24","date_gmt":"2020-11-24T20:07:24","guid":{"rendered":"http:\/\/folhadosudeste.com\/site\/?p=72849"},"modified":"2020-11-24T20:07:24","modified_gmt":"2020-11-24T20:07:24","slug":"muriae-registra-mais-duas-mortes-e-18-novos-casos-de-covid-taxa-de-ocupacao-de-utis-sobe-para-67","status":"publish","type":"post","link":"http:\/\/folhadosudeste.com\/site\/?p=72849","title":{"rendered":"Muria\u00e9 registra mais duas mortes e 18 novos casos de covid; taxa de ocupa\u00e7\u00e3o de UTIs sobe para 67%"},"content":{"rendered":"<p><img decoding=\"async\" src=\"https:\/\/muriae.mg.gov.br\/wp-content\/uploads\/2020\/11\/24112020.png\" alt=\"24112020\"><\/p>\n<p style=\"text-align: justify;\">Com mais dois \u00f3bitos registrados, Muria\u00e9 chegou a 90 mortes provocadas pela covid-19 entre moradores do munic\u00edpio. As v\u00edtimas mais recentes foram duas senhoras: uma de 95 anos (tamb\u00e9m hipertensa) e outra de 78 (que, al\u00e9m de press\u00e3o alta, tamb\u00e9m tinha obesidade).<\/p>\n<p style=\"text-align: justify;\"><strong>Novos casos &#8211;<\/strong>&nbsp;Os resultados de exames laboratoriais confirmaram que Muria\u00e9 teve 18 novas infec\u00e7\u00f5es pelo coronav\u00edrus nas \u00faltimas 24 horas. J\u00e1 o n\u00famero de pacientes ativos fechou em 103 entre moradores locais, al\u00e9m de outros 28 que moram em outras cidades, mas foram ou ainda est\u00e3o sendo atendidos em institui\u00e7\u00f5es muriaeenses.<\/p>\n<p style=\"text-align: justify;\">Do total de pacientes, 34 est\u00e3o internados, sendo 12 em leitos de enfermaria. Outros 22 est\u00e3o em Unidades de Terapia Intensiva, dos quais quatro fazem uso de respiradores. A taxa de ocupa\u00e7\u00e3o de UTI (leitos credenciados ao SUS) est\u00e1 em 67%.<\/p>\n<p><!--more--><\/p>\n<p style=\"text-align: justify;\">Os n\u00fameros de hoje (24\/11\/2020) foram retirados do sistema \u00e0s 9h. Veja os n\u00fameros completos:<\/p>\n<p style=\"text-align: justify;\"><strong>MORADORES DE MURIA\u00c9<\/strong><br \/>\nTotal de confirma\u00e7\u00f5es: 3.856(em rela\u00e7\u00e3o ao boletim anterior: +18)<br \/>\nPacientes ativos: 103 (em rela\u00e7\u00e3o ao boletim anterior: -01)<br \/>\nPacientes curados: 3.663 (em rela\u00e7\u00e3o ao boletim anterior: +17)<br \/>\n\u00d3bitos: 90 (em rela\u00e7\u00e3o ao boletim anterior: +02)<br \/>\nEm investiga\u00e7\u00e3o (com exame): 305<br \/>\nEm monitoramento (sem exame): 304<br \/>\nNegativos: 5.620<\/p>\n<p style=\"text-align: justify;\"><strong>MORADORES DE OUTRAS CIDADES ATENDIDOS EM MURIA\u00c9 (estes n\u00fameros entram nas estat\u00edsticas das cidades de origem de cada paciente; a divulga\u00e7\u00e3o ocorre apenas a t\u00edtulo de informa\u00e7\u00e3o e transpar\u00eancia)<\/strong><br \/>\nTotal de confirma\u00e7\u00f5es: 371(em rela\u00e7\u00e3o ao boletim anterior: +02)<br \/>\nPacientes ativos: 28 (em rela\u00e7\u00e3o ao boletim anterior: sem altera\u00e7\u00e3o)<br \/>\nPacientes curados: 277 (em rela\u00e7\u00e3o ao boletim anterior: +02)<br \/>\n\u00d3bitos: 66 (em rela\u00e7\u00e3o ao boletim anterior: sem altera\u00e7\u00e3o)<br \/>\nEm investiga\u00e7\u00e3o (com exame): 25<br \/>\nEm monitoramento (sem exame): 03<br \/>\nNegativos: 679<\/p>\n","protected":false},"excerpt":{"rendered":"<p>Com mais dois \u00f3bitos registrados, Muria\u00e9 chegou a 90 mortes provocadas pela covid-19 entre moradores do munic\u00edpio. As v\u00edtimas mais recentes foram duas senhoras: uma de 95 anos (tamb\u00e9m hipertensa) e outra de 78 (que, al\u00e9m de press\u00e3o alta, tamb\u00e9m tinha obesidade). Novos casos &#8211;&nbsp;Os resultados de exames laboratoriais confirmaram que Muria\u00e9 teve 18 novas [&hellip;]<\/p>\n","protected":false},"author":6,"featured_media":0,"comment_status":"open","ping_status":"closed","sticky":false,"template":"","format":"standard","meta":{"_joinchat":[],"footnotes":""},"categories":[1],"tags":[],"class_list":["post-72849","post","type-post","status-publish","format-standard","hentry","category-sem-categoria"],"_links":{"self":[{"href":"http:\/\/folhadosudeste.com\/site\/index.php?rest_route=\/wp\/v2\/posts\/72849","targetHints":{"allow":["GET"]}}],"collection":[{"href":"http:\/\/folhadosudeste.com\/site\/index.php?rest_route=\/wp\/v2\/posts"}],"about":[{"href":"http:\/\/folhadosudeste.com\/site\/index.php?rest_route=\/wp\/v2\/types\/post"}],"author":[{"embeddable":true,"href":"http:\/\/folhadosudeste.com\/site\/index.php?rest_route=\/wp\/v2\/users\/6"}],"replies":[{"embeddable":true,"href":"http:\/\/folhadosudeste.com\/site\/index.php?rest_route=%2Fwp%2Fv2%2Fcomments&post=72849"}],"version-history":[{"count":1,"href":"http:\/\/folhadosudeste.com\/site\/index.php?rest_route=\/wp\/v2\/posts\/72849\/revisions"}],"predecessor-version":[{"id":72850,"href":"http:\/\/folhadosudeste.com\/site\/index.php?rest_route=\/wp\/v2\/posts\/72849\/revisions\/72850"}],"wp:attachment":[{"href":"http:\/\/folhadosudeste.com\/site\/index.php?rest_route=%2Fwp%2Fv2%2Fmedia&parent=72849"}],"wp:term":[{"taxonomy":"category","embeddable":true,"href":"http:\/\/folhadosudeste.com\/site\/index.php?rest_route=%2Fwp%2Fv2%2Fcategories&post=72849"},{"taxonomy":"post_tag","embeddable":true,"href":"http:\/\/folhadosudeste.com\/site\/index.php?rest_route=%2Fwp%2Fv2%2Ftags&post=72849"}],"curies":[{"name":"wp","href":"https:\/\/api.w.org\/{rel}","templated":true}]}}