{"id":72851,"date":"2020-11-24T21:40:53","date_gmt":"2020-11-24T21:40:53","guid":{"rendered":"http:\/\/folhadosudeste.com\/site\/?p=72851"},"modified":"2020-11-24T21:40:53","modified_gmt":"2020-11-24T21:40:53","slug":"jose-braz-envia-indicados-da-comissao-de-transicao-para-prefeitura","status":"publish","type":"post","link":"http:\/\/folhadosudeste.com\/site\/?p=72851","title":{"rendered":"Jos\u00e9 Braz envia indicados da Comiss\u00e3o de Transi\u00e7\u00e3o para prefeitura"},"content":{"rendered":"<p><a href=\"http:\/\/folhadosudeste.com\/site\/wp-content\/uploads\/2020\/11\/95f0879e22f63ca3c6ab1a92b677c7f2.jpeg\"><img loading=\"lazy\" decoding=\"async\" class=\"alignnone size-full wp-image-72852\" src=\"http:\/\/folhadosudeste.com\/site\/wp-content\/uploads\/2020\/11\/95f0879e22f63ca3c6ab1a92b677c7f2.jpeg\" alt=\"\" width=\"1032\" height=\"581\" srcset=\"http:\/\/folhadosudeste.com\/site\/wp-content\/uploads\/2020\/11\/95f0879e22f63ca3c6ab1a92b677c7f2.jpeg 1032w, http:\/\/folhadosudeste.com\/site\/wp-content\/uploads\/2020\/11\/95f0879e22f63ca3c6ab1a92b677c7f2-300x169.jpeg 300w, http:\/\/folhadosudeste.com\/site\/wp-content\/uploads\/2020\/11\/95f0879e22f63ca3c6ab1a92b677c7f2-768x432.jpeg 768w, http:\/\/folhadosudeste.com\/site\/wp-content\/uploads\/2020\/11\/95f0879e22f63ca3c6ab1a92b677c7f2-1024x576.jpeg 1024w\" sizes=\"auto, (max-width: 1032px) 100vw, 1032px\" \/><\/a><\/p>\n<p style=\"font-weight: 400; text-align: justify;\">A euforia da vit\u00f3ria nas elei\u00e7\u00f5es leva muitos prefeitos eleitos e sua equipe a se despreocuparem temporariamente, mas isso \u00e9 um equ\u00edvoco, pois para o encerramento de cada exerc\u00edcio financeiro, principalmente no \u00faltimo ano de mandato, exige uma s\u00e9rie de provid\u00eancias a serem adotadas e uma maior aten\u00e7\u00e3o de todos aqueles que lidam com a Administra\u00e7\u00e3o P\u00fablica.<\/p>\n<p><!--more--><\/p>\n<p style=\"font-weight: 400; text-align: justify;\">Trazendo tal contexto, para os sucessores \u201cnovos gestores\u201d, o trabalho inicia antes da posse, pois o trabalho de governar come\u00e7a antes do seu mandato.<\/p>\n<p style=\"font-weight: 400; text-align: justify;\">Na tarde desta ter\u00e7a-feira, os advogados Paulo S\u00e9rgio Pires do Amaral e Eduardo Marge estiveram no Centro Administrativo Tancredo Neves, sede da prefeitura de Muria\u00e9, para protocolar o documento indicando os membros da equipe de transi\u00e7\u00e3o por parte dos eleitos.<\/p>\n<p style=\"font-weight: 400; text-align: justify;\">V\u00e3o integrar a equipe de transi\u00e7\u00e3o indicada pelo prefeito eleito Jos\u00e9 Braz (Progressistas) e Dr. Marcos Guarino (PSB): Andr\u00e9a Pereira de Assis Paula Medina; Daniel Ant\u00f4nio Bouzada Fraga; Daniela Braz Tambasco Mendes; Eduardo Marge; Eveline Castro do Amaral; Francisco de Assis Souza J\u00fanior; Gilca Maria Hubner Napier; vereadora Miriam Facchini; Odair Jos\u00e9 da Silveira; Paulo S\u00e9rgio Pires do Amaral e Rodrigo Turetta da Silva.<\/p>\n<p style=\"font-weight: 400; text-align: justify;\">A Comiss\u00e3o de Transi\u00e7\u00e3o ser\u00e1 formada por membros da atual e da nova gest\u00e3o municipal, deve possuir conhecimentos t\u00e9cnicos sobre a administra\u00e7\u00e3o p\u00fablica municipal.<\/p>\n<p style=\"font-weight: 400; text-align: justify;\">O prefeito dever\u00e1 indicar nos pr\u00f3ximos dias os membros de sua comiss\u00e3o e, as duas, ter\u00e3o que trabalhar juntas para elaborar os relat\u00f3rios e pareceres.<\/p>\n<p style=\"font-weight: 400; text-align: justify;\">&nbsp;<\/p>\n<p style=\"font-weight: 400; text-align: justify;\">Equipe de Transi\u00e7\u00e3o<\/p>\n<p style=\"font-weight: 400; text-align: justify;\">Pois, o mesmo deve formar uma equipe, para assessor\u00e1-lo, na an\u00e1lise do relat\u00f3rio de situa\u00e7\u00e3o administrativa municipal, que deve ser entregue em at\u00e9 dez dias ap\u00f3s a proclama\u00e7\u00e3o do resultado da elei\u00e7\u00e3o pelo Juiz Eleitoral.<\/p>\n<p style=\"font-weight: 400; text-align: justify;\">O atual prefeito precisa promulgar decreto disciplinando a organiza\u00e7\u00e3o interna e o funcionamento do Gabinete de Transi\u00e7\u00e3o de 2020, o que vai permitir ao Chefe do Poder Executivo eleito e sua equipe receber as informa\u00e7\u00f5es indispens\u00e1veis \u00e0 elabora\u00e7\u00e3o e implementa\u00e7\u00e3o do programa do novo governo, evitando a descontinuidade de a\u00e7\u00f5es, servi\u00e7os e programas de interesse p\u00fablico.<\/p>\n<p style=\"font-weight: 400; text-align: justify;\">Esse momento \u00e9 previsto e, o prefeito que deixar\u00e1 o governo, ter\u00e1 a obrigatoriedade de prestar aos novos gestores todas informa\u00e7\u00f5es e documentos relativos \u00e0s contas p\u00fablicas, aos programas e aos projetos do governo, incluindo os conv\u00eanios, contratos de repasse e instrumentos correlatos, de modo a n\u00e3o prejudicar ou retardar as a\u00e7\u00f5es e servi\u00e7os p\u00fablicos, evitando a descontinuidade administrativa.<\/p>\n<p style=\"text-align: justify;\">&nbsp;<\/p>\n<p style=\"font-weight: 400; text-align: justify;\">Como a Comiss\u00e3o \u00e9 formada?<\/p>\n<p style=\"font-weight: 400; text-align: justify;\">Na comiss\u00e3o s\u00e3o institu\u00eddos os papeis de trabalho, planos e metas sobre as a\u00e7\u00f5es a serem realizadas.<\/p>\n<p style=\"font-weight: 400; text-align: justify;\">A equipe da Comiss\u00e3o de Transi\u00e7\u00e3o ter\u00e1 como papel fundamental, englobar as seguintes \u00e1reas:<\/p>\n<p style=\"font-weight: 400; text-align: justify;\">\u2013 estrutura org\u00e2nica \/ administrativa;<\/p>\n<p style=\"font-weight: 400; text-align: justify;\">\u2013 \u00e1rea de pessoal;<\/p>\n<p style=\"font-weight: 400; text-align: justify;\">\u2013 \u00e1rea previdenci\u00e1ria;<\/p>\n<p style=\"font-weight: 400; text-align: justify;\">\u2013 \u00e1rea cont\u00e1bil;<\/p>\n<p style=\"font-weight: 400; text-align: justify;\">\u2013 \u00e1rea financeira;<\/p>\n<p style=\"font-weight: 400; text-align: justify;\">\u2013 departamento de obras;<\/p>\n<p style=\"font-weight: 400; text-align: justify;\">\u2013 contratos p\u00fablicos.<\/p>\n<p><a href=\"http:\/\/folhadosudeste.com\/site\/wp-content\/uploads\/2020\/11\/ea8ac1035205a8d332cc6c2bb83235bb.jpeg\"><img loading=\"lazy\" decoding=\"async\" class=\"alignnone size-full wp-image-72853\" src=\"http:\/\/folhadosudeste.com\/site\/wp-content\/uploads\/2020\/11\/ea8ac1035205a8d332cc6c2bb83235bb.jpeg\" alt=\"\" width=\"800\" height=\"450\" srcset=\"http:\/\/folhadosudeste.com\/site\/wp-content\/uploads\/2020\/11\/ea8ac1035205a8d332cc6c2bb83235bb.jpeg 800w, http:\/\/folhadosudeste.com\/site\/wp-content\/uploads\/2020\/11\/ea8ac1035205a8d332cc6c2bb83235bb-300x169.jpeg 300w, http:\/\/folhadosudeste.com\/site\/wp-content\/uploads\/2020\/11\/ea8ac1035205a8d332cc6c2bb83235bb-768x432.jpeg 768w\" sizes=\"auto, (max-width: 800px) 100vw, 800px\" \/><\/a><\/p>\n<p>FONTE: cidadademuriae.com<\/p>\n","protected":false},"excerpt":{"rendered":"<p>A euforia da vit\u00f3ria nas elei\u00e7\u00f5es leva muitos prefeitos eleitos e sua equipe a se despreocuparem temporariamente, mas isso \u00e9 um equ\u00edvoco, pois para o encerramento de cada exerc\u00edcio financeiro, principalmente no \u00faltimo ano de mandato, exige uma s\u00e9rie de provid\u00eancias a serem adotadas e uma maior aten\u00e7\u00e3o de todos aqueles que lidam com a [&hellip;]<\/p>\n","protected":false},"author":6,"featured_media":0,"comment_status":"open","ping_status":"closed","sticky":false,"template":"","format":"standard","meta":{"_joinchat":[],"footnotes":""},"categories":[1],"tags":[],"class_list":["post-72851","post","type-post","status-publish","format-standard","hentry","category-sem-categoria"],"_links":{"self":[{"href":"http:\/\/folhadosudeste.com\/site\/index.php?rest_route=\/wp\/v2\/posts\/72851","targetHints":{"allow":["GET"]}}],"collection":[{"href":"http:\/\/folhadosudeste.com\/site\/index.php?rest_route=\/wp\/v2\/posts"}],"about":[{"href":"http:\/\/folhadosudeste.com\/site\/index.php?rest_route=\/wp\/v2\/types\/post"}],"author":[{"embeddable":true,"href":"http:\/\/folhadosudeste.com\/site\/index.php?rest_route=\/wp\/v2\/users\/6"}],"replies":[{"embeddable":true,"href":"http:\/\/folhadosudeste.com\/site\/index.php?rest_route=%2Fwp%2Fv2%2Fcomments&post=72851"}],"version-history":[{"count":1,"href":"http:\/\/folhadosudeste.com\/site\/index.php?rest_route=\/wp\/v2\/posts\/72851\/revisions"}],"predecessor-version":[{"id":72854,"href":"http:\/\/folhadosudeste.com\/site\/index.php?rest_route=\/wp\/v2\/posts\/72851\/revisions\/72854"}],"wp:attachment":[{"href":"http:\/\/folhadosudeste.com\/site\/index.php?rest_route=%2Fwp%2Fv2%2Fmedia&parent=72851"}],"wp:term":[{"taxonomy":"category","embeddable":true,"href":"http:\/\/folhadosudeste.com\/site\/index.php?rest_route=%2Fwp%2Fv2%2Fcategories&post=72851"},{"taxonomy":"post_tag","embeddable":true,"href":"http:\/\/folhadosudeste.com\/site\/index.php?rest_route=%2Fwp%2Fv2%2Ftags&post=72851"}],"curies":[{"name":"wp","href":"https:\/\/api.w.org\/{rel}","templated":true}]}}