{"id":72855,"date":"2020-11-26T12:27:13","date_gmt":"2020-11-26T12:27:13","guid":{"rendered":"http:\/\/folhadosudeste.com\/site\/?p=72855"},"modified":"2020-11-26T12:27:13","modified_gmt":"2020-11-26T12:27:13","slug":"apos-nova-prorrogacao-campanhas-de-multivacinacao-e-vacinacao-contra-polio-e-sarampo-continuam-em-muriae-ate-dia-4","status":"publish","type":"post","link":"http:\/\/folhadosudeste.com\/site\/?p=72855","title":{"rendered":"Ap\u00f3s nova prorroga\u00e7\u00e3o, campanhas de multivacina\u00e7\u00e3o e vacina\u00e7\u00e3o contra p\u00f3lio e sarampo continuam em Muria\u00e9 at\u00e9 dia 4"},"content":{"rendered":"<p><a href=\"http:\/\/folhadosudeste.com\/site\/wp-content\/uploads\/2020\/11\/DSC_0450-2.jpg\"><img loading=\"lazy\" decoding=\"async\" class=\"alignnone size-full wp-image-72856\" src=\"http:\/\/folhadosudeste.com\/site\/wp-content\/uploads\/2020\/11\/DSC_0450-2.jpg\" alt=\"\" width=\"580\" height=\"450\" srcset=\"http:\/\/folhadosudeste.com\/site\/wp-content\/uploads\/2020\/11\/DSC_0450-2.jpg 580w, http:\/\/folhadosudeste.com\/site\/wp-content\/uploads\/2020\/11\/DSC_0450-2-300x233.jpg 300w\" sizes=\"auto, (max-width: 580px) 100vw, 580px\" \/><\/a><\/p>\n<p style=\"text-align: justify;\"><i>Doses est\u00e3o dispon\u00edveis em todas unidades de sa\u00fade da cidade e distritos, de segunda a sexta, das 8h \u00e0s 16h30min<u><\/u><u><\/u><\/i><u><\/u>&nbsp;<u><\/u><\/p>\n<p style=\"text-align: justify;\">Ap\u00f3s o Minist\u00e9rio da Sa\u00fade divulgar nova prorroga\u00e7\u00e3o, as campanhas nacionais de multivacina\u00e7\u00e3o, vacina\u00e7\u00e3o contra a poliomielite e sarampo prosseguem em todas as unidades de sa\u00fade da cidade e distritos at\u00e9 o dia 4 de dezembro. As doses s\u00e3o aplicadas de segunda a sexta-feira, das 8h \u00e0s 16h30min.<u><\/u><u><\/u><u><\/u>&nbsp;<u><\/u><\/p>\n<p style=\"text-align: justify;\">O objetivo deste prolongamento do prazo \u00e9 atualizar o calend\u00e1rio vacinal e diminuir o risco de doen\u00e7as imunopreven\u00edveis (no caso da multivacina\u00e7\u00e3o), reduzir o risco de reintrodu\u00e7\u00e3o do poliov\u00edrus selvagem no Brasil (no caso da vacina contra a p\u00f3lio) e barrar a transmiss\u00e3o do v\u00edrus do sarampo que foi reintroduzido no pa\u00eds em 2019 (no que se refere \u00e0 vacina tr\u00edplice viral).<u><\/u><u><\/u><u><\/u>&nbsp;<u><\/u><\/p>\n<p style=\"text-align: justify;\">Para receber as doses, \u00e9 necess\u00e1ria a apresenta\u00e7\u00e3o da carteira de vacina\u00e7\u00e3o. Devido \u00e0 pandemia, todos os atendimentos ser\u00e3o realizados obedecendo as medidas de higiene e preven\u00e7\u00e3o \u00e0 covid-19, como uso de m\u00e1scaras e \u00e1lcool em gel ou 70%.<u><\/u><u><\/u><b><u><\/u>&nbsp;<u><\/u><\/b><\/p>\n<p><!--more--><\/p>\n<p style=\"text-align: justify;\"><b>Saiba quais s\u00e3o os p\u00fablicos-alvo de cada campanha:<u><\/u><u><\/u><\/b><\/p>\n<p style=\"text-align: justify;\"><b>&nbsp;&#8211; Campanha de vacina\u00e7\u00e3o contra o sarampo:<\/b>&nbsp;a imuniza\u00e7\u00e3o contra o sarampo tem como grupo eleg\u00edvel adultos de 20 a 49 anos. Al\u00e9m do pr\u00f3prio sarampo, a tr\u00edplice viral protege ainda contra rub\u00e9ola e caxumba.<u><\/u><u><\/u><u><\/u>&nbsp;<u><\/u><\/p>\n<p style=\"text-align: justify;\"><b>&nbsp;&#8211; Campanha de vacina\u00e7\u00e3o contra a p\u00f3lio:<\/b>&nbsp;a dose extra contra a poliomielite tem como p\u00fablico priorit\u00e1rio crian\u00e7as entre 12 meses a menores de 5 anos (4 anos, 11 meses e 29 dias).<u><\/u><u><\/u><u><\/u>&nbsp;<u><\/u><\/p>\n<p style=\"text-align: justify;\"><b>&nbsp;&#8211; Campanha de multivacina\u00e7\u00e3o:<\/b>&nbsp;a multivacina\u00e7\u00e3o tem como grupo a ser imunizado crian\u00e7as e adolescentes de 0 a menores 15 anos (14 anos, 11 meses e 29 dias).<u><\/u><u><\/u><u><\/u>&nbsp;<u><\/u><\/p>\n<p style=\"text-align: justify;\"><b>Balan\u00e7o da vacina\u00e7\u00e3o:<\/b><\/p>\n<p style=\"text-align: justify;\"><b><u><\/u><u><\/u><\/b><b>P\u00f3lio:<\/b>&nbsp;at\u00e9 o momento, 70,45% (ou seja, 3.512 pessoas) do grupo eleg\u00edvel j\u00e1 foi imunizado contra a p\u00f3lio. A meta \u00e9 vacinar 95% do p\u00fablico-alvo, o que equivale a 4.985 crian\u00e7as na cidade.<u><\/u><u><\/u><u><\/u>&nbsp;<u><\/u><\/p>\n<p style=\"text-align: justify;\"><b>Sarampo:<\/b>&nbsp;j\u00e1 em rela\u00e7\u00e3o ao sarampo, 13.617 doses foram aplicadas em pessoas de 20 a 49 anos, o que corresponde a apenas 28,42% do p\u00fablico que deve receber a tr\u00edplice viral em Muria\u00e9 \u2013 ou seja, um total de 47.904 pessoas.<\/p>\n","protected":false},"excerpt":{"rendered":"<p>Doses est\u00e3o dispon\u00edveis em todas unidades de sa\u00fade da cidade e distritos, de segunda a sexta, das 8h \u00e0s 16h30min&nbsp; Ap\u00f3s o Minist\u00e9rio da Sa\u00fade divulgar nova prorroga\u00e7\u00e3o, as campanhas nacionais de multivacina\u00e7\u00e3o, vacina\u00e7\u00e3o contra a poliomielite e sarampo prosseguem em todas as unidades de sa\u00fade da cidade e distritos at\u00e9 o dia 4 de [&hellip;]<\/p>\n","protected":false},"author":6,"featured_media":0,"comment_status":"open","ping_status":"closed","sticky":false,"template":"","format":"standard","meta":{"_joinchat":[],"footnotes":""},"categories":[1],"tags":[],"class_list":["post-72855","post","type-post","status-publish","format-standard","hentry","category-sem-categoria"],"_links":{"self":[{"href":"http:\/\/folhadosudeste.com\/site\/index.php?rest_route=\/wp\/v2\/posts\/72855","targetHints":{"allow":["GET"]}}],"collection":[{"href":"http:\/\/folhadosudeste.com\/site\/index.php?rest_route=\/wp\/v2\/posts"}],"about":[{"href":"http:\/\/folhadosudeste.com\/site\/index.php?rest_route=\/wp\/v2\/types\/post"}],"author":[{"embeddable":true,"href":"http:\/\/folhadosudeste.com\/site\/index.php?rest_route=\/wp\/v2\/users\/6"}],"replies":[{"embeddable":true,"href":"http:\/\/folhadosudeste.com\/site\/index.php?rest_route=%2Fwp%2Fv2%2Fcomments&post=72855"}],"version-history":[{"count":1,"href":"http:\/\/folhadosudeste.com\/site\/index.php?rest_route=\/wp\/v2\/posts\/72855\/revisions"}],"predecessor-version":[{"id":72857,"href":"http:\/\/folhadosudeste.com\/site\/index.php?rest_route=\/wp\/v2\/posts\/72855\/revisions\/72857"}],"wp:attachment":[{"href":"http:\/\/folhadosudeste.com\/site\/index.php?rest_route=%2Fwp%2Fv2%2Fmedia&parent=72855"}],"wp:term":[{"taxonomy":"category","embeddable":true,"href":"http:\/\/folhadosudeste.com\/site\/index.php?rest_route=%2Fwp%2Fv2%2Fcategories&post=72855"},{"taxonomy":"post_tag","embeddable":true,"href":"http:\/\/folhadosudeste.com\/site\/index.php?rest_route=%2Fwp%2Fv2%2Ftags&post=72855"}],"curies":[{"name":"wp","href":"https:\/\/api.w.org\/{rel}","templated":true}]}}