{"id":72866,"date":"2020-11-26T12:33:33","date_gmt":"2020-11-26T12:33:33","guid":{"rendered":"http:\/\/folhadosudeste.com\/site\/?p=72866"},"modified":"2020-11-26T12:34:28","modified_gmt":"2020-11-26T12:34:28","slug":"nordeste-de-minas-progride-para-onda-amarela-de-reabertura","status":"publish","type":"post","link":"http:\/\/folhadosudeste.com\/site\/?p=72866","title":{"rendered":"Nordeste de Minas progride para onda amarela de reabertura"},"content":{"rendered":"<figure style=\"width: 709px\" class=\"wp-caption alignnone\"><img loading=\"lazy\" decoding=\"async\" class=\"\" src=\"https:\/\/www.almg.gov.br\/system\/modules\/br.gov.almg.site.portal\/elements\/imagem.jpg?url=https:\/\/mediaserver.almg.gov.br\/acervo\/408\/139\/1408139.jpg\" alt=\"\" width=\"709\" height=\"472\"><figcaption class=\"wp-caption-text\">Jequitinhonha \u00e9 um dos munic\u00edpios beneficiados com o reposicionamento &#8211; Arquivo ALMG &#8211; Foto:Sarah Torres<\/figcaption><\/figure>\n<p style=\"text-align: justify;\"><em>Regi\u00e3o chegou a alcan\u00e7ar a faixa menos restritiva, mas regrediu para vermelha e agora retorna \u00e0 intermedi\u00e1ria<\/em><\/p>\n<p style=\"text-align: justify;\">A macrorregi\u00e3o de sa\u00fade Nordeste progrediu na fase de reabertura econ\u00f4mica do Plano Minas Consciente do governo do Estado. A regi\u00e3o passou da onda vermelha para a amarela. A reclassifica\u00e7\u00e3o foi publicada no Minas Gerais, Di\u00e1rio Oficial do Estado, desta quarta-feira (25\/11\/20), por meio da Delibera\u00e7\u00e3o 104 do Comit\u00ea Extraordin\u00e1rio Covid-19. A regi\u00e3o foi a \u00fanica que teve altera\u00e7\u00e3o nesta semana.<\/p>\n<p style=\"text-align: justify;\">O Nordeste do Estado chegou a ser classificado na onda verde, faixa de menor restri\u00e7\u00e3o socioecon\u00f4mica, que permite a reabertura de servi\u00e7os n\u00e3o essenciais e com alto risco de cont\u00e1gio, como atividades de lazer. Na semana passada, por\u00e9m, o comit\u00ea havia redefinido a sua classifica\u00e7\u00e3o, colocando-o na onda vermelha, que permite apenas servi\u00e7os essenciais, como supermercados e farm\u00e1cias.<\/p>\n<p><!--more--><\/p>\n<p style=\"text-align: justify;\">Agora, com o reposicionamento na faixa amarela, as cidades da regi\u00e3o, como Te\u00f3filo Otoni, Almenara e Jequitinhonha, poder\u00e3o ter reabertas atividades de m\u00e9dio risco de cont\u00e1gio, como lojas de vestu\u00e1rio e bijouterias, papelarias e sal\u00f5es de beleza.<\/p>\n<p style=\"text-align: justify;\">Com a reclassifica\u00e7\u00e3o do Nordeste de Minas, hoje, quatro das 14 macrorregi\u00f5es de sa\u00fade do Estado figuram na onda amarela, na qual constam tamb\u00e9m Leste-Sul, Sudeste e Vale do A\u00e7o. H\u00e1 nove na faixa verde: Centro, Centro-Sul, Jequitinhonha, Noroeste, Norte, Oeste, Sul, Tri\u00e2ngulo-Norte e Tri\u00e2ngulo-Sul. Apenas a regi\u00e3o Leste, que havia regredido na classifica\u00e7\u00e3o anterior, permanece na fase vermelha.<\/p>\n<p style=\"text-align: justify;\">Minas Consciente \u2013 O Plano \u00e9 uma ferramenta do governo mineiro para retomada sociecon\u00f4mica gradual, com controle da pandemia. O Comit\u00ea monitora aspectos relacionados a \u00edndices de cont\u00e1gio e percentuais de ocupa\u00e7\u00e3o de leitos, por exemplo, e, semanalmente, revisa e publica a reclassifica\u00e7\u00e3o das macrorregi\u00f5es de sa\u00fade.<\/p>\n<p style=\"text-align: justify;\">Os servi\u00e7os s\u00e3o agrupados em tr\u00eas ondas: vermelha (mais restritiva\/apenas atividades essenciais), como supermercados e farm\u00e1cias; amarela (intermedi\u00e1ria\/permite servi\u00e7os n\u00e3o-essenciais), como com\u00e9rcio de vestu\u00e1rio e papelaria; e verde (menos restritiva\/n\u00e3o-essenciais com maior risco de cont\u00e1gio), como cinemas e academias.<\/p>\n<p>Fonte:&nbsp;www.almg.gov.br<\/p>\n","protected":false},"excerpt":{"rendered":"<p>Regi\u00e3o chegou a alcan\u00e7ar a faixa menos restritiva, mas regrediu para vermelha e agora retorna \u00e0 intermedi\u00e1ria A macrorregi\u00e3o de sa\u00fade Nordeste progrediu na fase de reabertura econ\u00f4mica do Plano Minas Consciente do governo do Estado. A regi\u00e3o passou da onda vermelha para a amarela. A reclassifica\u00e7\u00e3o foi publicada no Minas Gerais, Di\u00e1rio Oficial do [&hellip;]<\/p>\n","protected":false},"author":6,"featured_media":0,"comment_status":"open","ping_status":"closed","sticky":false,"template":"","format":"standard","meta":{"_joinchat":[],"footnotes":""},"categories":[1],"tags":[],"class_list":["post-72866","post","type-post","status-publish","format-standard","hentry","category-sem-categoria"],"_links":{"self":[{"href":"http:\/\/folhadosudeste.com\/site\/index.php?rest_route=\/wp\/v2\/posts\/72866","targetHints":{"allow":["GET"]}}],"collection":[{"href":"http:\/\/folhadosudeste.com\/site\/index.php?rest_route=\/wp\/v2\/posts"}],"about":[{"href":"http:\/\/folhadosudeste.com\/site\/index.php?rest_route=\/wp\/v2\/types\/post"}],"author":[{"embeddable":true,"href":"http:\/\/folhadosudeste.com\/site\/index.php?rest_route=\/wp\/v2\/users\/6"}],"replies":[{"embeddable":true,"href":"http:\/\/folhadosudeste.com\/site\/index.php?rest_route=%2Fwp%2Fv2%2Fcomments&post=72866"}],"version-history":[{"count":3,"href":"http:\/\/folhadosudeste.com\/site\/index.php?rest_route=\/wp\/v2\/posts\/72866\/revisions"}],"predecessor-version":[{"id":72869,"href":"http:\/\/folhadosudeste.com\/site\/index.php?rest_route=\/wp\/v2\/posts\/72866\/revisions\/72869"}],"wp:attachment":[{"href":"http:\/\/folhadosudeste.com\/site\/index.php?rest_route=%2Fwp%2Fv2%2Fmedia&parent=72866"}],"wp:term":[{"taxonomy":"category","embeddable":true,"href":"http:\/\/folhadosudeste.com\/site\/index.php?rest_route=%2Fwp%2Fv2%2Fcategories&post=72866"},{"taxonomy":"post_tag","embeddable":true,"href":"http:\/\/folhadosudeste.com\/site\/index.php?rest_route=%2Fwp%2Fv2%2Ftags&post=72866"}],"curies":[{"name":"wp","href":"https:\/\/api.w.org\/{rel}","templated":true}]}}