{"id":72986,"date":"2020-12-07T20:49:01","date_gmt":"2020-12-07T20:49:01","guid":{"rendered":"http:\/\/folhadosudeste.com\/site\/?p=72986"},"modified":"2020-12-07T20:49:01","modified_gmt":"2020-12-07T20:49:01","slug":"lar-ozanam-promove-campanha-de-arrecadacao-de-itens-de-higiene-pessoal","status":"publish","type":"post","link":"http:\/\/folhadosudeste.com\/site\/?p=72986","title":{"rendered":"Lar Ozanam promove campanha de arrecada\u00e7\u00e3o de itens de higiene pessoal"},"content":{"rendered":"<p><a href=\"http:\/\/folhadosudeste.com\/site\/wp-content\/uploads\/2020\/12\/LAR-OZANAM-1.jpg\"><img loading=\"lazy\" decoding=\"async\" class=\"alignnone size-full wp-image-72987\" src=\"http:\/\/folhadosudeste.com\/site\/wp-content\/uploads\/2020\/12\/LAR-OZANAM-1.jpg\" alt=\"\" width=\"2048\" height=\"1960\" srcset=\"http:\/\/folhadosudeste.com\/site\/wp-content\/uploads\/2020\/12\/LAR-OZANAM-1.jpg 2048w, http:\/\/folhadosudeste.com\/site\/wp-content\/uploads\/2020\/12\/LAR-OZANAM-1-300x287.jpg 300w, http:\/\/folhadosudeste.com\/site\/wp-content\/uploads\/2020\/12\/LAR-OZANAM-1-768x735.jpg 768w, http:\/\/folhadosudeste.com\/site\/wp-content\/uploads\/2020\/12\/LAR-OZANAM-1-1024x980.jpg 1024w\" sizes=\"auto, (max-width: 2048px) 100vw, 2048px\" \/><\/a><\/p>\n<p><a href=\"http:\/\/folhadosudeste.com\/site\/wp-content\/uploads\/2020\/12\/LAR-OZANAM-2.jpg\"><img loading=\"lazy\" decoding=\"async\" class=\"alignnone size-full wp-image-72989\" src=\"http:\/\/folhadosudeste.com\/site\/wp-content\/uploads\/2020\/12\/LAR-OZANAM-2.jpg\" alt=\"\" width=\"2048\" height=\"1746\" srcset=\"http:\/\/folhadosudeste.com\/site\/wp-content\/uploads\/2020\/12\/LAR-OZANAM-2.jpg 2048w, http:\/\/folhadosudeste.com\/site\/wp-content\/uploads\/2020\/12\/LAR-OZANAM-2-300x256.jpg 300w, http:\/\/folhadosudeste.com\/site\/wp-content\/uploads\/2020\/12\/LAR-OZANAM-2-768x655.jpg 768w, http:\/\/folhadosudeste.com\/site\/wp-content\/uploads\/2020\/12\/LAR-OZANAM-2-1024x873.jpg 1024w\" sizes=\"auto, (max-width: 2048px) 100vw, 2048px\" \/><\/a> <a href=\"http:\/\/folhadosudeste.com\/site\/wp-content\/uploads\/2020\/12\/LAR-OZANAM-3.jpg\"><img loading=\"lazy\" decoding=\"async\" class=\"alignnone size-full wp-image-72990\" src=\"http:\/\/folhadosudeste.com\/site\/wp-content\/uploads\/2020\/12\/LAR-OZANAM-3.jpg\" alt=\"\" width=\"2048\" height=\"593\" srcset=\"http:\/\/folhadosudeste.com\/site\/wp-content\/uploads\/2020\/12\/LAR-OZANAM-3.jpg 2048w, http:\/\/folhadosudeste.com\/site\/wp-content\/uploads\/2020\/12\/LAR-OZANAM-3-300x87.jpg 300w, http:\/\/folhadosudeste.com\/site\/wp-content\/uploads\/2020\/12\/LAR-OZANAM-3-768x223.jpg 768w, http:\/\/folhadosudeste.com\/site\/wp-content\/uploads\/2020\/12\/LAR-OZANAM-3-1024x297.jpg 1024w\" sizes=\"auto, (max-width: 2048px) 100vw, 2048px\" \/><\/a><\/p>\n<p style=\"text-align: justify;\">N\u00e3o \u00e9 novidade que a Obra Unida Lar Ozanam \u00e9 uma das mais reconhecidas entidades de assist\u00eancia social de Muria\u00e9. No entanto, com os impactos da pandemia do Covid-19 em v\u00e1rios setores da sociedade, \u00e9 natural que a institui\u00e7\u00e3o passe por dificuldades, visto que depende majoritariamente de doa\u00e7\u00f5es para poder seguir abrigando os 48 idosos que l\u00e1 residem. Em uma entrevista \u00e0 reportagem ao Jornal Folha do Sudeste, o Diretor Administrativo Elder Moreira da Silva, comentou sobre os desafios do Lar em rela\u00e7\u00e3o \u00e0s adversidades do t\u00e3o comentado \u201cnovo normal\u201d e explicou sobre como ser\u00e3o recebidas as doa\u00e7\u00f5es de fim de ano.<\/p>\n<p style=\"text-align: justify;\">Elder contou \u00e0 nossa rep\u00f3rter que, para evitar o cont\u00e1gio dos idosos com o novo coronav\u00edrus, o Lar Ozanam precisou adotar uma s\u00e9rie de medidas de distanciamento social, conforme as normas propostas pela Organiza\u00e7\u00e3o Mundial da Sa\u00fade (OMS). \u201cA visita\u00e7\u00e3o foi encerrada desde o in\u00edcio da pandemia e s\u00f3 foi permitida durante a onda verde, quando autorizamos a entrada dos familiares, desde que fosse mantida uma dist\u00e2ncia de ao menos tr\u00eas metros entre eles e os idosos. Assim, n\u00f3s evit\u00e1vamos ao m\u00e1ximo o contato e, portanto, a contamina\u00e7\u00e3o. Agora, como estamos na onda amarela, cancelamos o contato presencial e o permitimos apenas por celular, atrav\u00e9s de videoconfer\u00eancia. Os familiares est\u00e3o cientes e de acordo com esta decis\u00e3o, uma vez que a maioria dos idosos que abrigamos pertence ao grupo de risco, pois \u00e9 hipertenso, diab\u00e9tico ou apresenta complica\u00e7\u00f5es card\u00edacas. Com isso, felizmente, nossas medidas de preven\u00e7\u00e3o t\u00eam dado certo\u201d, explicou.<\/p>\n<p style=\"text-align: justify;\">Quando perguntado sobre como tem sido poss\u00edvel o recolhimento das doa\u00e7\u00f5es, Elder falou sobre as principais necessidades da institui\u00e7\u00e3o no momento e frisou que esta \u00e9 uma d\u00favida bastante comum durante o per\u00edodo da pandemia. Al\u00e9m disso, ele tamb\u00e9m explicou sobre como podem ser efetivadas as doa\u00e7\u00f5es de presentes para a \u00e9poca do Natal. \u201cMuitas pessoas j\u00e1 nos ligaram, pois anualmente \u00e9 feito um kit para nossos idosos, e os doadores querem saber como ele ser\u00e1 feito neste ano. As doa\u00e7\u00f5es poder\u00e3o ser feitas normalmente, mas sem o contato. A institui\u00e7\u00e3o as receber\u00e1, deixar\u00e1 em um c\u00f4modo separado por 24 horas, e apenas ap\u00f3s este per\u00edodo elas ser\u00e3o entregues aos idosos. Nossa maior necessidade hoje \u00e9 de materiais de higiene pessoal, como pastas de dente, sabonetes e desodorantes spray. Seremos muito gratos a quem puder nos ajudar, uma vez que sempre recebemos com carinho a ajuda do povo de Muria\u00e9, que \u00e9 t\u00e3o solid\u00e1rio e tem Deus no cora\u00e7\u00e3o, ent\u00e3o, doa com alegria\u201d, finalizou.<\/p>\n<p style=\"text-align: justify;\">Quem quiser finalizar o ano com chave de ouro e o cora\u00e7\u00e3o limpo fazendo uma boa a\u00e7\u00e3o, pode deixar sua doa\u00e7\u00e3o aqui no Lar Ozanam, que fica na rua Zeno Luiz Mazzoco, 100, no bairro S\u00e3o Vicente de Paulo em Muria\u00e9. Se tiver alguma d\u00favida, pode tamb\u00e9m entrar em contato atrav\u00e9s do telefone (32) 3722-4367.<\/p>\n<p><a href=\"http:\/\/folhadosudeste.com\/site\/wp-content\/uploads\/2020\/12\/LAR-OZANAM.jpg\"><img loading=\"lazy\" decoding=\"async\" class=\"alignnone size-full wp-image-72988\" src=\"http:\/\/folhadosudeste.com\/site\/wp-content\/uploads\/2020\/12\/LAR-OZANAM.jpg\" alt=\"\" width=\"2048\" height=\"1588\" srcset=\"http:\/\/folhadosudeste.com\/site\/wp-content\/uploads\/2020\/12\/LAR-OZANAM.jpg 2048w, http:\/\/folhadosudeste.com\/site\/wp-content\/uploads\/2020\/12\/LAR-OZANAM-300x233.jpg 300w, http:\/\/folhadosudeste.com\/site\/wp-content\/uploads\/2020\/12\/LAR-OZANAM-768x596.jpg 768w, http:\/\/folhadosudeste.com\/site\/wp-content\/uploads\/2020\/12\/LAR-OZANAM-1024x794.jpg 1024w\" sizes=\"auto, (max-width: 2048px) 100vw, 2048px\" \/><\/a><\/p>\n","protected":false},"excerpt":{"rendered":"<p>N\u00e3o \u00e9 novidade que a Obra Unida Lar Ozanam \u00e9 uma das mais reconhecidas entidades de assist\u00eancia social de Muria\u00e9. No entanto, com os impactos da pandemia do Covid-19 em v\u00e1rios setores da sociedade, \u00e9 natural que a institui\u00e7\u00e3o passe por dificuldades, visto que depende majoritariamente de doa\u00e7\u00f5es para poder seguir abrigando os 48 idosos [&hellip;]<\/p>\n","protected":false},"author":6,"featured_media":0,"comment_status":"open","ping_status":"closed","sticky":false,"template":"","format":"standard","meta":{"_joinchat":[],"footnotes":""},"categories":[1],"tags":[],"class_list":["post-72986","post","type-post","status-publish","format-standard","hentry","category-sem-categoria"],"_links":{"self":[{"href":"http:\/\/folhadosudeste.com\/site\/index.php?rest_route=\/wp\/v2\/posts\/72986","targetHints":{"allow":["GET"]}}],"collection":[{"href":"http:\/\/folhadosudeste.com\/site\/index.php?rest_route=\/wp\/v2\/posts"}],"about":[{"href":"http:\/\/folhadosudeste.com\/site\/index.php?rest_route=\/wp\/v2\/types\/post"}],"author":[{"embeddable":true,"href":"http:\/\/folhadosudeste.com\/site\/index.php?rest_route=\/wp\/v2\/users\/6"}],"replies":[{"embeddable":true,"href":"http:\/\/folhadosudeste.com\/site\/index.php?rest_route=%2Fwp%2Fv2%2Fcomments&post=72986"}],"version-history":[{"count":1,"href":"http:\/\/folhadosudeste.com\/site\/index.php?rest_route=\/wp\/v2\/posts\/72986\/revisions"}],"predecessor-version":[{"id":72991,"href":"http:\/\/folhadosudeste.com\/site\/index.php?rest_route=\/wp\/v2\/posts\/72986\/revisions\/72991"}],"wp:attachment":[{"href":"http:\/\/folhadosudeste.com\/site\/index.php?rest_route=%2Fwp%2Fv2%2Fmedia&parent=72986"}],"wp:term":[{"taxonomy":"category","embeddable":true,"href":"http:\/\/folhadosudeste.com\/site\/index.php?rest_route=%2Fwp%2Fv2%2Fcategories&post=72986"},{"taxonomy":"post_tag","embeddable":true,"href":"http:\/\/folhadosudeste.com\/site\/index.php?rest_route=%2Fwp%2Fv2%2Ftags&post=72986"}],"curies":[{"name":"wp","href":"https:\/\/api.w.org\/{rel}","templated":true}]}}