{"id":73065,"date":"2020-12-12T22:48:57","date_gmt":"2020-12-12T22:48:57","guid":{"rendered":"http:\/\/folhadosudeste.com\/site\/?p=73065"},"modified":"2020-12-12T22:48:57","modified_gmt":"2020-12-12T22:48:57","slug":"cdl-prestigia-lancamento-do-selo-eu-amo-muriae","status":"publish","type":"post","link":"http:\/\/folhadosudeste.com\/site\/?p=73065","title":{"rendered":"CDL prestigia lan\u00e7amento do selo \u201cEu Amo Muria\u00e9"},"content":{"rendered":"<p><a href=\"http:\/\/folhadosudeste.com\/site\/wp-content\/uploads\/2020\/12\/DSC_0184-1.jpg\"><img loading=\"lazy\" decoding=\"async\" class=\"alignnone size-full wp-image-73068\" src=\"http:\/\/folhadosudeste.com\/site\/wp-content\/uploads\/2020\/12\/DSC_0184-1.jpg\" alt=\"\" width=\"2048\" height=\"1356\" srcset=\"http:\/\/folhadosudeste.com\/site\/wp-content\/uploads\/2020\/12\/DSC_0184-1.jpg 2048w, http:\/\/folhadosudeste.com\/site\/wp-content\/uploads\/2020\/12\/DSC_0184-1-300x199.jpg 300w, http:\/\/folhadosudeste.com\/site\/wp-content\/uploads\/2020\/12\/DSC_0184-1-768x509.jpg 768w, http:\/\/folhadosudeste.com\/site\/wp-content\/uploads\/2020\/12\/DSC_0184-1-1024x678.jpg 1024w, http:\/\/folhadosudeste.com\/site\/wp-content\/uploads\/2020\/12\/DSC_0184-1-120x80.jpg 120w, http:\/\/folhadosudeste.com\/site\/wp-content\/uploads\/2020\/12\/DSC_0184-1-590x390.jpg 590w\" sizes=\"auto, (max-width: 2048px) 100vw, 2048px\" \/><\/a><\/p>\n<p style=\"text-align: justify;\">A C\u00e2mara dos Dirigentes Lojistas e Associa\u00e7\u00e3o Comercial e Empresarial (CDL ACE) de Muria\u00e9 marcou presen\u00e7a no evento de lan\u00e7amento do Selo Comemorativo aos 165 anos de Emancipa\u00e7\u00e3o Pol\u00edtico &#8211; Administrativa do Munic\u00edpio. Uma realiza\u00e7\u00e3o da Prefeitura e dos Correios de Muria\u00e9. A pe\u00e7a filat\u00e9lica, que tem real valor de porte e pode ser utilizada no envio de documentos e objetos via correios, foi produzida especialmente para a ocasi\u00e3o do anivers\u00e1rio da cidade em 16 de maio do corrente ano, devido a pandemia do novo Coronav\u00edrus, o evento foi adiado e tem como estampa o monumento \u201cEu Amo Muria\u00e9\u201d, localizado na Lagoa da G\u00e1vea. Al\u00e9m de celebrar o anivers\u00e1rio de Emancipa\u00e7\u00e3o Pol\u00edtica de Muria\u00e9, o projeto visa propagar a imagem da cidade para os mais diversos lugares do mundo. O evento de lan\u00e7amento ocorreu na manh\u00e3 de quinta-feira (10), na Unica e contou com a presen\u00e7a de colecionadores e autoridades municipais. A cerim\u00f4nia foi marcada pela oblitera\u00e7\u00e3o de selos &#8211; que consiste em marcar o selo com o carimbo personalizado &#8211; feita por quatro convidados: o prefeito Grego, S\u00edlvia Vieira, filatelista Ant\u00f4nio Eug\u00eanio da Costa Almeida e o presidente da C\u00e2mara de Dirigentes Lojistas (CDL) de Muria\u00e9, Gustavo Ferreira.<\/p>\n<p><!--more--><\/p>\n<p style=\"text-align: justify;\">Em entrevista, Gustavo mostrou-se lisonjeado por ser incumbido de um ato t\u00e3o nobre e discorreu sobre a dimens\u00e3o do projeto. \u201c\u00c9 de grande import\u00e2ncia n\u00e3o s\u00f3 para a CDL ACE, como tamb\u00e9m para todos os muriaeenses ver que fomos reconhecidos perante as autoridades competentes do nosso munic\u00edpio. E, para mim, \u00e9 um orgulho receber este selo que representa os 165 anos de Emancipa\u00e7\u00e3o Pol\u00edtico-Administrativa da nossa cidade. Isso demonstra o crescimento e o desenvolvimento de Muria\u00e9, junto \u00e0s organiza\u00e7\u00f5es. Aos seus dez anos de exist\u00eancia, Muria\u00e9 j\u00e1 havia se tornado uma cidade. Isso demonstra que nossas ra\u00edzes j\u00e1 pensavam como nosso munic\u00edpio poderia se tornar um polo regional e, assim, demonstrar para todo o nosso pa\u00eds o conhecimento de que somos fortes, conhecedores e que sempre buscamos o melhor\u201d, avaliou.<\/p>\n<p style=\"text-align: justify;\">\u201cComo filatelista e cidad\u00e3o muriaeense, eu fico muito honrado de participar deste evento. Este selo \u00e9 o registro de uma hist\u00f3ria. Para os muriaeenses, \u00e9 uma pe\u00e7a de alto valor emocional e o reconhecimento por parte dos Correios da nossa hist\u00f3ria enquanto cidade. \u00c9 uma forma de divulga\u00e7\u00e3o n\u00e3o s\u00f3 para o Brasil, como para o mundo inteiro. Agrade\u00e7o em nome dos muriaeenses aos Correios e organizadores do projeto pela ideia da emiss\u00e3o deste selo\u201d, avalia Ant\u00f4nio Eug\u00eanio da Costa Almeida, um dos escolhidos para realizar a oblitera\u00e7\u00e3o do novo selo.<\/p>\n<p style=\"text-align: justify;\">&nbsp;\u201cHoje, cada muriaeense deve se sentir o grande homenageado pelo lan\u00e7amento deste selo. Essa parte da hist\u00f3ria de Muria\u00e9 fica eternizada para as futuras gera\u00e7\u00f5es e traz uma parte do que somos. Atrav\u00e9s deste selo, manteremos a chama viva deste amor por nossa cidade\u201d, diz o prefeito Grego.<\/p>\n<p style=\"text-align: justify;\">\u201cNa comemora\u00e7\u00e3o de mais de um s\u00e9culo e meio de hist\u00f3ria de Muria\u00e9, os Correios tamb\u00e9m t\u00eam motivo para celebrar, j\u00e1 que estivemos presentes aqui por toda essa trajet\u00f3ria, e continuaremos marcando presen\u00e7a. Para a Prefeitura de Muria\u00e9, o produto certo para tornar esse momento inesquec\u00edvel foi o selo personalizado. Em qualquer momento e em qualquer lugar que algu\u00e9m um dia ver esse selo, saber\u00e1 a quem ele presta honras e por qual motivo\u201d, comenta o gerente de Atendimento e Vendas dos Correios da Regi\u00e3o Leste de Minas, Everton Ferreira dos Santos.<\/p>\n<p style=\"text-align: justify;\">A pe\u00e7a filat\u00e9lica ir\u00e1 compor o acervo do Museu Nacional dos Correios, em Bras\u00edlia, tornando-se fonte de pesquisa e registro desta data comemorativa da cidade no contexto hist\u00f3rico e sociocultural do pa\u00eds. Ao final, o presidente dos Correios, Floriano Peixoto, deixou uma mensagem aos presentes.<\/p>\n<p style=\"text-align: justify;\">Aquisi\u00e7\u00e3o do selo \u2013 O selo \u201cEu Amo Muria\u00e9\u201d j\u00e1 pode ser solicitado na ag\u00eancia de Muria\u00e9 e tamb\u00e9m nas principais ag\u00eancias dos Correios de todo o pa\u00eds. O valor cobrado por uma folha contendo 12 selos \u00e9 de R$47,80. Acima de uma at\u00e9 cem folhas, o valor \u00e9 de R$36,00, com a mesma quantidade de selos por unidade.<\/p>\n<p><a href=\"http:\/\/folhadosudeste.com\/site\/wp-content\/uploads\/2020\/12\/DSC_0174.jpg\"><img loading=\"lazy\" decoding=\"async\" class=\"alignnone size-full wp-image-73069\" src=\"http:\/\/folhadosudeste.com\/site\/wp-content\/uploads\/2020\/12\/DSC_0174.jpg\" alt=\"\" width=\"2048\" height=\"1356\" srcset=\"http:\/\/folhadosudeste.com\/site\/wp-content\/uploads\/2020\/12\/DSC_0174.jpg 2048w, http:\/\/folhadosudeste.com\/site\/wp-content\/uploads\/2020\/12\/DSC_0174-300x199.jpg 300w, http:\/\/folhadosudeste.com\/site\/wp-content\/uploads\/2020\/12\/DSC_0174-768x509.jpg 768w, http:\/\/folhadosudeste.com\/site\/wp-content\/uploads\/2020\/12\/DSC_0174-1024x678.jpg 1024w, http:\/\/folhadosudeste.com\/site\/wp-content\/uploads\/2020\/12\/DSC_0174-120x80.jpg 120w, http:\/\/folhadosudeste.com\/site\/wp-content\/uploads\/2020\/12\/DSC_0174-590x390.jpg 590w\" sizes=\"auto, (max-width: 2048px) 100vw, 2048px\" \/><\/a><\/p>\n<p><a href=\"http:\/\/folhadosudeste.com\/site\/wp-content\/uploads\/2020\/12\/09f1acf9-723b-41c3-bafa-62cd8f7fe5e8.jpg\"><img loading=\"lazy\" decoding=\"async\" class=\"alignnone size-full wp-image-73070\" src=\"http:\/\/folhadosudeste.com\/site\/wp-content\/uploads\/2020\/12\/09f1acf9-723b-41c3-bafa-62cd8f7fe5e8.jpg\" alt=\"\" width=\"910\" height=\"1280\" srcset=\"http:\/\/folhadosudeste.com\/site\/wp-content\/uploads\/2020\/12\/09f1acf9-723b-41c3-bafa-62cd8f7fe5e8.jpg 910w, http:\/\/folhadosudeste.com\/site\/wp-content\/uploads\/2020\/12\/09f1acf9-723b-41c3-bafa-62cd8f7fe5e8-213x300.jpg 213w, http:\/\/folhadosudeste.com\/site\/wp-content\/uploads\/2020\/12\/09f1acf9-723b-41c3-bafa-62cd8f7fe5e8-768x1080.jpg 768w, http:\/\/folhadosudeste.com\/site\/wp-content\/uploads\/2020\/12\/09f1acf9-723b-41c3-bafa-62cd8f7fe5e8-728x1024.jpg 728w\" sizes=\"auto, (max-width: 910px) 100vw, 910px\" \/><\/a><\/p>\n<p><a href=\"http:\/\/folhadosudeste.com\/site\/wp-content\/uploads\/2020\/12\/DSC_0187-1.jpg\"><img loading=\"lazy\" decoding=\"async\" class=\"alignnone size-full wp-image-73071\" src=\"http:\/\/folhadosudeste.com\/site\/wp-content\/uploads\/2020\/12\/DSC_0187-1.jpg\" alt=\"\" width=\"2048\" height=\"1356\" srcset=\"http:\/\/folhadosudeste.com\/site\/wp-content\/uploads\/2020\/12\/DSC_0187-1.jpg 2048w, http:\/\/folhadosudeste.com\/site\/wp-content\/uploads\/2020\/12\/DSC_0187-1-300x199.jpg 300w, http:\/\/folhadosudeste.com\/site\/wp-content\/uploads\/2020\/12\/DSC_0187-1-768x509.jpg 768w, http:\/\/folhadosudeste.com\/site\/wp-content\/uploads\/2020\/12\/DSC_0187-1-1024x678.jpg 1024w, http:\/\/folhadosudeste.com\/site\/wp-content\/uploads\/2020\/12\/DSC_0187-1-120x80.jpg 120w, http:\/\/folhadosudeste.com\/site\/wp-content\/uploads\/2020\/12\/DSC_0187-1-590x390.jpg 590w\" sizes=\"auto, (max-width: 2048px) 100vw, 2048px\" \/><\/a><\/p>\n<p><a href=\"http:\/\/folhadosudeste.com\/site\/wp-content\/uploads\/2020\/12\/DSC_0130.jpg\"><img loading=\"lazy\" decoding=\"async\" class=\"alignnone size-full wp-image-73072\" src=\"http:\/\/folhadosudeste.com\/site\/wp-content\/uploads\/2020\/12\/DSC_0130.jpg\" alt=\"\" width=\"2048\" height=\"1356\" srcset=\"http:\/\/folhadosudeste.com\/site\/wp-content\/uploads\/2020\/12\/DSC_0130.jpg 2048w, http:\/\/folhadosudeste.com\/site\/wp-content\/uploads\/2020\/12\/DSC_0130-300x199.jpg 300w, http:\/\/folhadosudeste.com\/site\/wp-content\/uploads\/2020\/12\/DSC_0130-768x509.jpg 768w, http:\/\/folhadosudeste.com\/site\/wp-content\/uploads\/2020\/12\/DSC_0130-1024x678.jpg 1024w, http:\/\/folhadosudeste.com\/site\/wp-content\/uploads\/2020\/12\/DSC_0130-120x80.jpg 120w, http:\/\/folhadosudeste.com\/site\/wp-content\/uploads\/2020\/12\/DSC_0130-590x390.jpg 590w\" sizes=\"auto, (max-width: 2048px) 100vw, 2048px\" \/><\/a><\/p>\n<p><a href=\"http:\/\/folhadosudeste.com\/site\/wp-content\/uploads\/2020\/12\/DSC_0145.jpg\"><img loading=\"lazy\" decoding=\"async\" class=\"alignnone size-full wp-image-73073\" src=\"http:\/\/folhadosudeste.com\/site\/wp-content\/uploads\/2020\/12\/DSC_0145.jpg\" alt=\"\" width=\"2048\" height=\"1356\" srcset=\"http:\/\/folhadosudeste.com\/site\/wp-content\/uploads\/2020\/12\/DSC_0145.jpg 2048w, http:\/\/folhadosudeste.com\/site\/wp-content\/uploads\/2020\/12\/DSC_0145-300x199.jpg 300w, http:\/\/folhadosudeste.com\/site\/wp-content\/uploads\/2020\/12\/DSC_0145-768x509.jpg 768w, http:\/\/folhadosudeste.com\/site\/wp-content\/uploads\/2020\/12\/DSC_0145-1024x678.jpg 1024w, http:\/\/folhadosudeste.com\/site\/wp-content\/uploads\/2020\/12\/DSC_0145-120x80.jpg 120w, http:\/\/folhadosudeste.com\/site\/wp-content\/uploads\/2020\/12\/DSC_0145-590x390.jpg 590w\" sizes=\"auto, (max-width: 2048px) 100vw, 2048px\" \/><\/a><\/p>\n<p><a href=\"http:\/\/folhadosudeste.com\/site\/wp-content\/uploads\/2020\/12\/DSC_0136.jpg\"><img loading=\"lazy\" decoding=\"async\" class=\"alignnone size-full wp-image-73074\" src=\"http:\/\/folhadosudeste.com\/site\/wp-content\/uploads\/2020\/12\/DSC_0136.jpg\" alt=\"\" width=\"2048\" height=\"1356\" srcset=\"http:\/\/folhadosudeste.com\/site\/wp-content\/uploads\/2020\/12\/DSC_0136.jpg 2048w, http:\/\/folhadosudeste.com\/site\/wp-content\/uploads\/2020\/12\/DSC_0136-300x199.jpg 300w, http:\/\/folhadosudeste.com\/site\/wp-content\/uploads\/2020\/12\/DSC_0136-768x509.jpg 768w, http:\/\/folhadosudeste.com\/site\/wp-content\/uploads\/2020\/12\/DSC_0136-1024x678.jpg 1024w, http:\/\/folhadosudeste.com\/site\/wp-content\/uploads\/2020\/12\/DSC_0136-120x80.jpg 120w, http:\/\/folhadosudeste.com\/site\/wp-content\/uploads\/2020\/12\/DSC_0136-590x390.jpg 590w\" sizes=\"auto, (max-width: 2048px) 100vw, 2048px\" \/><\/a><\/p>\n<p>&nbsp;<\/p>\n<p>&nbsp;<\/p>\n","protected":false},"excerpt":{"rendered":"<p>A C\u00e2mara dos Dirigentes Lojistas e Associa\u00e7\u00e3o Comercial e Empresarial (CDL ACE) de Muria\u00e9 marcou presen\u00e7a no evento de lan\u00e7amento do Selo Comemorativo aos 165 anos de Emancipa\u00e7\u00e3o Pol\u00edtico &#8211; Administrativa do Munic\u00edpio. Uma realiza\u00e7\u00e3o da Prefeitura e dos Correios de Muria\u00e9. A pe\u00e7a filat\u00e9lica, que tem real valor de porte e pode ser utilizada [&hellip;]<\/p>\n","protected":false},"author":6,"featured_media":0,"comment_status":"open","ping_status":"closed","sticky":false,"template":"","format":"standard","meta":{"_joinchat":[],"footnotes":""},"categories":[1],"tags":[],"class_list":["post-73065","post","type-post","status-publish","format-standard","hentry","category-sem-categoria"],"_links":{"self":[{"href":"http:\/\/folhadosudeste.com\/site\/index.php?rest_route=\/wp\/v2\/posts\/73065","targetHints":{"allow":["GET"]}}],"collection":[{"href":"http:\/\/folhadosudeste.com\/site\/index.php?rest_route=\/wp\/v2\/posts"}],"about":[{"href":"http:\/\/folhadosudeste.com\/site\/index.php?rest_route=\/wp\/v2\/types\/post"}],"author":[{"embeddable":true,"href":"http:\/\/folhadosudeste.com\/site\/index.php?rest_route=\/wp\/v2\/users\/6"}],"replies":[{"embeddable":true,"href":"http:\/\/folhadosudeste.com\/site\/index.php?rest_route=%2Fwp%2Fv2%2Fcomments&post=73065"}],"version-history":[{"count":1,"href":"http:\/\/folhadosudeste.com\/site\/index.php?rest_route=\/wp\/v2\/posts\/73065\/revisions"}],"predecessor-version":[{"id":73076,"href":"http:\/\/folhadosudeste.com\/site\/index.php?rest_route=\/wp\/v2\/posts\/73065\/revisions\/73076"}],"wp:attachment":[{"href":"http:\/\/folhadosudeste.com\/site\/index.php?rest_route=%2Fwp%2Fv2%2Fmedia&parent=73065"}],"wp:term":[{"taxonomy":"category","embeddable":true,"href":"http:\/\/folhadosudeste.com\/site\/index.php?rest_route=%2Fwp%2Fv2%2Fcategories&post=73065"},{"taxonomy":"post_tag","embeddable":true,"href":"http:\/\/folhadosudeste.com\/site\/index.php?rest_route=%2Fwp%2Fv2%2Ftags&post=73065"}],"curies":[{"name":"wp","href":"https:\/\/api.w.org\/{rel}","templated":true}]}}