{"id":73079,"date":"2020-12-15T20:55:26","date_gmt":"2020-12-15T20:55:26","guid":{"rendered":"http:\/\/folhadosudeste.com\/site\/?p=73079"},"modified":"2020-12-15T20:55:26","modified_gmt":"2020-12-15T20:55:26","slug":"sicredi-inaugura-sua-primeira-agencia-em-muriae","status":"publish","type":"post","link":"http:\/\/folhadosudeste.com\/site\/?p=73079","title":{"rendered":"Sicredi inaugura sua primeira ag\u00eancia em Muria\u00e9"},"content":{"rendered":"<p><a href=\"http:\/\/folhadosudeste.com\/site\/wp-content\/uploads\/2020\/12\/Ag-Muria\u00e9-06-2.jpg\"><img loading=\"lazy\" decoding=\"async\" class=\"alignnone size-full wp-image-73080\" src=\"http:\/\/folhadosudeste.com\/site\/wp-content\/uploads\/2020\/12\/Ag-Muria\u00e9-06-2.jpg\" alt=\"\" width=\"1500\" height=\"889\" srcset=\"http:\/\/folhadosudeste.com\/site\/wp-content\/uploads\/2020\/12\/Ag-Muria\u00e9-06-2.jpg 1500w, http:\/\/folhadosudeste.com\/site\/wp-content\/uploads\/2020\/12\/Ag-Muria\u00e9-06-2-300x178.jpg 300w, http:\/\/folhadosudeste.com\/site\/wp-content\/uploads\/2020\/12\/Ag-Muria\u00e9-06-2-768x455.jpg 768w, http:\/\/folhadosudeste.com\/site\/wp-content\/uploads\/2020\/12\/Ag-Muria\u00e9-06-2-1024x607.jpg 1024w\" sizes=\"auto, (max-width: 1500px) 100vw, 1500px\" \/><\/a><\/p>\n<p class=\"m_-3798503588962349258MsoNoSpacing\" style=\"text-align: justify;\">Dia 14 de dezembro a&nbsp;<span class=\"il\">Sicredi<\/span>&nbsp;Botucara\u00ed RS\/MG d\u00e1 in\u00edcio a mais um momento importante na hist\u00f3ria da cooperativa de cr\u00e9dito. Ser\u00e1 inaugurada a primeira ag\u00eancia em Minas Gerais, na cidade de Muria\u00e9, na Zona da Mata, regi\u00e3o escolhida para esta expans\u00e3o em solo mineiro. A inaugura\u00e7\u00e3o acontecer\u00e1 \u00e0s 19 horas e ter\u00e1 transmiss\u00e3o Ao Vivo pela p\u00e1gina da&nbsp;<span class=\"il\">Sicredi<\/span>&nbsp;Botucara\u00ed RS\/MG no Facebook, seguindo todas as orienta\u00e7\u00f5es dos \u00f3rg\u00e3os de Sa\u00fade para o momento.<u><\/u><u><\/u><u><\/u>&nbsp;<u><\/u><\/p>\n<p class=\"m_-3798503588962349258MsoNoSpacing\" style=\"text-align: justify;\">Esta primeira ag\u00eancia, localizada na Barra, bairro importante da cidade de Muria\u00e9, contar\u00e1 com aproximadamente 900 m\u00b2 (em dois andares) e uma equipe de 10 colaboradores. Em um espa\u00e7o moderno e acolhedor, o&nbsp;<span class=\"il\">Sicredi<\/span>&nbsp;vai atuar de forma segmentada para atender a todo o p\u00fablico: pessoa f\u00edsica, empresas e o agroneg\u00f3cio.<u><\/u><u><\/u><u><\/u>&nbsp;<u><\/u><\/p>\n<p class=\"m_-3798503588962349258MsoNoSpacing\" style=\"text-align: justify;\">&#8211; Depois da aprova\u00e7\u00e3o das nossas lideran\u00e7as e associados, vamos realizar esse momento hist\u00f3rico, com tudo realizado dentro de um planejamento estrat\u00e9gico e financeiro. Essa expans\u00e3o \u00e9 para agregar renda, neg\u00f3cios e valores para todos, constru\u00edda de um trabalho coletivo e explorando as potencialidades da regi\u00e3o de Muria\u00e9. Isso tudo faz parte da sustentabilidade da nossa cooperativa, para ela poder continuar crescendo, com ganho de escala, gerando oportunidade para as pessoas, comunidade e levando inclus\u00e3o financeira para todos \u2013 disse o presidente da&nbsp;<span class=\"il\">Sicredi<\/span>&nbsp;Botucara\u00ed RS\/MG, Carlos Rog\u00e9rio Matuella, falando da expectativa do in\u00edcio dos trabalhos do&nbsp;<span class=\"il\">Sicredi<\/span>&nbsp;em Minas Gerais.<u><\/u><u><\/u><u><\/u>&nbsp;<u><\/u><\/p>\n<p class=\"m_-3798503588962349258MsoNoSpacing\" style=\"text-align: justify;\">O Gerente de Desenvolvimento de Neg\u00f3cio e Coordenador do Projeto de Expans\u00e3o, Laoni da Cunha, fala com expectativa da inaugura\u00e7\u00e3o e do in\u00edcio dos trabalhos em Muria\u00e9. \u201cO momento \u00e9 hist\u00f3rico para a Cooperativa, pois a inaugura\u00e7\u00e3o da primeira ag\u00eancia em Minas Gerais, tendo como cidade base, Muria\u00e9, \u00e9 o pontap\u00e9 inicial do nosso trabalho. Quanto mais assertivos formos na estrutura\u00e7\u00e3o da equipe e tamb\u00e9m da ag\u00eancia que ir\u00e1 atender os nossos primeiros associados, mais positiva ser\u00e1 a nossa chegada. Estamos muito ansiosos e ao mesmo tempo felizes pela forma como fomos e estamos sendo recebidos pela comunidade de Muria\u00e9 e isso com certeza ter\u00e1 reflexo positivo para a continuidade do nosso trabalho nos demais munic\u00edpios que est\u00e3o definidos no nosso Projeto de Expans\u00e3o\u201d, ressalta Laoni.<u><\/u><u><\/u><u><\/u>&nbsp;<u><\/u><\/p>\n<p><!--more--><\/p>\n<p class=\"m_-3798503588962349258MsoNoSpacing\" style=\"text-align: justify;\">Ele cita como momento importante na chegada do&nbsp;<span class=\"il\">Sicredi<\/span>&nbsp;a Muria\u00e9 o encontro com lideran\u00e7as e representantes de setores, realizado no dia 09 de novembro. \u201cEssas pessoas conheceram o Projeto e aderiram ao mesmo, sendo os primeiros associados da Cooperativa em Minas Gerais\u201d, cita. Sobre a execu\u00e7\u00e3o da obra da ag\u00eancia Muria\u00e9 Barra, Laoni explica que o&nbsp;<span class=\"il\">Sicredi<\/span>&nbsp;optou pela contrata\u00e7\u00e3o de empresas locais para execu\u00e7\u00e3o e fornecimento de materiais, desde j\u00e1 mostrando como a Institui\u00e7\u00e3o preza e valoriza o com\u00e9rcio local. \u201cDentre todas as empresas que atuaram na obra, destacamos a Construtora Arco, que coordenou e deu suporte de forma muito capacitada a todas as demais empresas que realizaram atividades no local\u201d, acrescenta.<u><\/u><u><\/u><u><\/u>&nbsp;<u><\/u><\/p>\n<p class=\"m_-3798503588962349258MsoNoSpacing\" style=\"text-align: justify;\">Laoni enfatiza ainda o trabalho que vem sendo feito por toda a equipe, apresentando o&nbsp;<span class=\"il\">Sicredi<\/span>&nbsp;para a comunidade. \u201cJuntamente com a estrutura\u00e7\u00e3o da ag\u00eancia, com a equipe de colaboradores j\u00e1 formada sob a lideran\u00e7a do colega Jefferson da Costa, gerente da ag\u00eancia, e o suporte da Assessora de Produtos, K\u00e1tia Azevedo, estamos realizando um trabalho de prospec\u00e7\u00e3o e apresenta\u00e7\u00e3o do Projeto&nbsp;<span class=\"il\">Sicredi<\/span>, visitando o com\u00e9rcio e entidades locais.<u><\/u><u><\/u><u><\/u>&nbsp;<u><\/u><\/p>\n<p class=\"m_-3798503588962349258MsoNoSpacing\" style=\"text-align: justify;\">O gerente desta primeira ag\u00eancia, Jefersson da Costa, est\u00e1 em Muria\u00e9 h\u00e1 mais de 60 dias e junto com a sua equipe tem trabalhado diretamente na prospec\u00e7\u00e3o de neg\u00f3cios, visitando futuros associados e apresentando o&nbsp;<span class=\"il\">Sicredi<\/span>. \u201cMesmo sem a ag\u00eancia aberta j\u00e1 conseguimos concretizar muitos neg\u00f3cios, o que mostra que temos muito trabalho para fazermos aqui, tanto na \u00e1rea de cr\u00e9dito, como na capta\u00e7\u00e3o de recurso. Realmente est\u00e1 superando as nossas expectativas. N\u00e3o imagin\u00e1vamos que ter\u00edamos uma aceita\u00e7\u00e3o como estamos tendo j\u00e1 de in\u00edcio\u201d, comenta.<u><\/u><u><\/u><u><\/u>&nbsp;<u><\/u><\/p>\n<p class=\"m_-3798503588962349258MsoNoSpacing\" style=\"text-align: justify;\">Jeferson acredita que a inaugura\u00e7\u00e3o da primeira ag\u00eancia ser\u00e1 um marco importante. \u201cTer o espa\u00e7o f\u00edsico para atender nossos associados vai nos possibilitar mostrar o tamanho do&nbsp;<span class=\"il\">Sicredi<\/span>&nbsp;e a nossa forma de trabalhar. Nossas expectativas s\u00e3o as melhores poss\u00edveis e tenho certeza que em pouco tempo teremos uma fatia significativa do mercado. Isso vai depender exclusivamente do nosso trabalho\u201d, enfatiza.<\/p>\n","protected":false},"excerpt":{"rendered":"<p>Dia 14 de dezembro a&nbsp;Sicredi&nbsp;Botucara\u00ed RS\/MG d\u00e1 in\u00edcio a mais um momento importante na hist\u00f3ria da cooperativa de cr\u00e9dito. Ser\u00e1 inaugurada a primeira ag\u00eancia em Minas Gerais, na cidade de Muria\u00e9, na Zona da Mata, regi\u00e3o escolhida para esta expans\u00e3o em solo mineiro. A inaugura\u00e7\u00e3o acontecer\u00e1 \u00e0s 19 horas e ter\u00e1 transmiss\u00e3o Ao Vivo pela [&hellip;]<\/p>\n","protected":false},"author":6,"featured_media":0,"comment_status":"open","ping_status":"closed","sticky":false,"template":"","format":"standard","meta":{"_joinchat":[],"footnotes":""},"categories":[1],"tags":[],"class_list":["post-73079","post","type-post","status-publish","format-standard","hentry","category-sem-categoria"],"_links":{"self":[{"href":"http:\/\/folhadosudeste.com\/site\/index.php?rest_route=\/wp\/v2\/posts\/73079","targetHints":{"allow":["GET"]}}],"collection":[{"href":"http:\/\/folhadosudeste.com\/site\/index.php?rest_route=\/wp\/v2\/posts"}],"about":[{"href":"http:\/\/folhadosudeste.com\/site\/index.php?rest_route=\/wp\/v2\/types\/post"}],"author":[{"embeddable":true,"href":"http:\/\/folhadosudeste.com\/site\/index.php?rest_route=\/wp\/v2\/users\/6"}],"replies":[{"embeddable":true,"href":"http:\/\/folhadosudeste.com\/site\/index.php?rest_route=%2Fwp%2Fv2%2Fcomments&post=73079"}],"version-history":[{"count":1,"href":"http:\/\/folhadosudeste.com\/site\/index.php?rest_route=\/wp\/v2\/posts\/73079\/revisions"}],"predecessor-version":[{"id":73081,"href":"http:\/\/folhadosudeste.com\/site\/index.php?rest_route=\/wp\/v2\/posts\/73079\/revisions\/73081"}],"wp:attachment":[{"href":"http:\/\/folhadosudeste.com\/site\/index.php?rest_route=%2Fwp%2Fv2%2Fmedia&parent=73079"}],"wp:term":[{"taxonomy":"category","embeddable":true,"href":"http:\/\/folhadosudeste.com\/site\/index.php?rest_route=%2Fwp%2Fv2%2Fcategories&post=73079"},{"taxonomy":"post_tag","embeddable":true,"href":"http:\/\/folhadosudeste.com\/site\/index.php?rest_route=%2Fwp%2Fv2%2Ftags&post=73079"}],"curies":[{"name":"wp","href":"https:\/\/api.w.org\/{rel}","templated":true}]}}