{"id":73082,"date":"2020-12-16T13:53:12","date_gmt":"2020-12-16T13:53:12","guid":{"rendered":"http:\/\/folhadosudeste.com\/site\/?p=73082"},"modified":"2020-12-16T13:53:12","modified_gmt":"2020-12-16T13:53:12","slug":"camara-de-muriae-tem-ultima-sessao-ordinaria-de-2020","status":"publish","type":"post","link":"http:\/\/folhadosudeste.com\/site\/?p=73082","title":{"rendered":"C\u00e2mara de Muria\u00e9 tem \u00faltima sess\u00e3o ordin\u00e1ria de 2020"},"content":{"rendered":"<p><a href=\"http:\/\/folhadosudeste.com\/site\/wp-content\/uploads\/2020\/12\/DSC_0238.jpg\"><img loading=\"lazy\" decoding=\"async\" class=\"alignnone size-full wp-image-73083\" src=\"http:\/\/folhadosudeste.com\/site\/wp-content\/uploads\/2020\/12\/DSC_0238.jpg\" alt=\"\" width=\"2048\" height=\"1369\" srcset=\"http:\/\/folhadosudeste.com\/site\/wp-content\/uploads\/2020\/12\/DSC_0238.jpg 2048w, http:\/\/folhadosudeste.com\/site\/wp-content\/uploads\/2020\/12\/DSC_0238-300x201.jpg 300w, http:\/\/folhadosudeste.com\/site\/wp-content\/uploads\/2020\/12\/DSC_0238-768x513.jpg 768w, http:\/\/folhadosudeste.com\/site\/wp-content\/uploads\/2020\/12\/DSC_0238-1024x684.jpg 1024w, http:\/\/folhadosudeste.com\/site\/wp-content\/uploads\/2020\/12\/DSC_0238-120x80.jpg 120w, http:\/\/folhadosudeste.com\/site\/wp-content\/uploads\/2020\/12\/DSC_0238-345x230.jpg 345w\" sizes=\"auto, (max-width: 2048px) 100vw, 2048px\" \/><\/a><\/p>\n<p style=\"font-weight: 400; text-align: justify;\">Foi realizada no final da tarde de ontem (15\/12) a \u00faltima sess\u00e3o ordin\u00e1ria da C\u00e2mara de Muria\u00e9 deste ano. Ap\u00f3s j\u00e1 ter discutido e votado todos os projetos da Casa at\u00e9 a sess\u00e3o do dia 08 deste m\u00eas, quando aprovaram o or\u00e7amento na \u00edntegra, &nbsp;os vereadores aproveitaram a \u00faltima sess\u00e3o desta legislatura (2017\/2020) para homenagens e despedidas. V\u00e1rios eleitos para vereador da pr\u00f3xima legislatura estiveram acompanhando a sess\u00e3o que contou com uma homenagem especial realizada pela vereador Dr. Miriam. ao vereador Jair Abreu, o mais idoso desta legislatura, que deixa a C\u00e2mara no 31 de dezembro.<\/p>\n<p style=\"font-weight: 400; text-align: justify;\"><strong>Semana passada o Or\u00e7amento Anual do Munic\u00edpio foi aprovado com o valor proposto<\/strong><\/p>\n<p style=\"font-weight: 400; text-align: justify;\">Or\u00e7amento anual no valor de R$ 388.330.797,12 (trezentos e oitenta e oito milh\u00f5es, trezentos e oitenta mil, setecentos e noventa e sete reais e doze centavos) proposto pelo Executivo para o ano de 2021 foi aprovado integralmente pelos vereadores na sess\u00e3o do dia 08, sendo o \u00faltimo projeto discutido e analisado pela Casa em 2020. A \u00fanica emenda tamb\u00e9m aprovada foi a do vereador Celsinho que prop\u00f4s a redu\u00e7\u00e3o de 30% para 10%, da possibilidade de suplementa\u00e7\u00f5es sem a aprova\u00e7\u00e3o do Legislativo Municipal. Ou seja, d\u00e1 ao legislativo melhores condi\u00e7\u00f5es de fiscalizar (que \u00e9 um de suas atribui\u00e7\u00f5es) o trabalho do Executivo Municipal.<\/p>\n<p><!--more--><\/p>\n<p style=\"font-weight: 400; text-align: justify;\"><strong>Novos vereadores eleitos t\u00eam acompanhado as sess\u00f5es da C\u00e2mara<\/strong><\/p>\n<p style=\"font-weight: 400; text-align: justify;\">Desde as elei\u00e7\u00f5es em 15 de novembro, as sess\u00f5es vem sendo realizadas rotineiramente toda semana e v\u00e1rios vereadores eleitos pela primeira vez t\u00eam visitado o Plen\u00e1rio para acompanhar os andamentos dos trabalhos, para se familiarizar com a rotina de atividades que assumir\u00e3o a partir de 1\u00ba de janeiro de 2021. Isso tamb\u00e9m ocorreu na \u00faltima sess\u00e3o da C\u00e2mara que contou com a presen\u00e7a dos vereadores Valdinei Lacerda Dr. Gerson Varella Neto e Forim, Anderson e Delcinho, que foi convidado pelo presidente Carlos Delfim a fazer uso da tribuna e falar em nome dos novos legisladores eleitos.&nbsp;<\/p>\n<p><a href=\"http:\/\/folhadosudeste.com\/site\/wp-content\/uploads\/2020\/12\/DSC_0248.jpg\"><img loading=\"lazy\" decoding=\"async\" class=\"alignnone size-full wp-image-73084\" src=\"http:\/\/folhadosudeste.com\/site\/wp-content\/uploads\/2020\/12\/DSC_0248.jpg\" alt=\"\" width=\"2048\" height=\"1369\" srcset=\"http:\/\/folhadosudeste.com\/site\/wp-content\/uploads\/2020\/12\/DSC_0248.jpg 2048w, http:\/\/folhadosudeste.com\/site\/wp-content\/uploads\/2020\/12\/DSC_0248-300x201.jpg 300w, http:\/\/folhadosudeste.com\/site\/wp-content\/uploads\/2020\/12\/DSC_0248-768x513.jpg 768w, http:\/\/folhadosudeste.com\/site\/wp-content\/uploads\/2020\/12\/DSC_0248-1024x684.jpg 1024w, http:\/\/folhadosudeste.com\/site\/wp-content\/uploads\/2020\/12\/DSC_0248-120x80.jpg 120w, http:\/\/folhadosudeste.com\/site\/wp-content\/uploads\/2020\/12\/DSC_0248-345x230.jpg 345w\" sizes=\"auto, (max-width: 2048px) 100vw, 2048px\" \/><\/a> <a href=\"http:\/\/folhadosudeste.com\/site\/wp-content\/uploads\/2020\/12\/DSC_0278.jpg\"><img loading=\"lazy\" decoding=\"async\" class=\"alignnone size-full wp-image-73085\" src=\"http:\/\/folhadosudeste.com\/site\/wp-content\/uploads\/2020\/12\/DSC_0278.jpg\" alt=\"\" width=\"2048\" height=\"1369\" srcset=\"http:\/\/folhadosudeste.com\/site\/wp-content\/uploads\/2020\/12\/DSC_0278.jpg 2048w, http:\/\/folhadosudeste.com\/site\/wp-content\/uploads\/2020\/12\/DSC_0278-300x201.jpg 300w, http:\/\/folhadosudeste.com\/site\/wp-content\/uploads\/2020\/12\/DSC_0278-768x513.jpg 768w, http:\/\/folhadosudeste.com\/site\/wp-content\/uploads\/2020\/12\/DSC_0278-1024x684.jpg 1024w, http:\/\/folhadosudeste.com\/site\/wp-content\/uploads\/2020\/12\/DSC_0278-120x80.jpg 120w, http:\/\/folhadosudeste.com\/site\/wp-content\/uploads\/2020\/12\/DSC_0278-345x230.jpg 345w\" sizes=\"auto, (max-width: 2048px) 100vw, 2048px\" \/><\/a><\/p>\n<p><a href=\"http:\/\/folhadosudeste.com\/site\/wp-content\/uploads\/2020\/12\/DSC_0254.jpg\"><img loading=\"lazy\" decoding=\"async\" class=\"alignnone size-full wp-image-73086\" src=\"http:\/\/folhadosudeste.com\/site\/wp-content\/uploads\/2020\/12\/DSC_0254.jpg\" alt=\"\" width=\"2048\" height=\"1369\" srcset=\"http:\/\/folhadosudeste.com\/site\/wp-content\/uploads\/2020\/12\/DSC_0254.jpg 2048w, http:\/\/folhadosudeste.com\/site\/wp-content\/uploads\/2020\/12\/DSC_0254-300x201.jpg 300w, http:\/\/folhadosudeste.com\/site\/wp-content\/uploads\/2020\/12\/DSC_0254-768x513.jpg 768w, http:\/\/folhadosudeste.com\/site\/wp-content\/uploads\/2020\/12\/DSC_0254-1024x684.jpg 1024w, http:\/\/folhadosudeste.com\/site\/wp-content\/uploads\/2020\/12\/DSC_0254-120x80.jpg 120w, http:\/\/folhadosudeste.com\/site\/wp-content\/uploads\/2020\/12\/DSC_0254-345x230.jpg 345w\" sizes=\"auto, (max-width: 2048px) 100vw, 2048px\" \/><\/a><\/p>\n","protected":false},"excerpt":{"rendered":"<p>Foi realizada no final da tarde de ontem (15\/12) a \u00faltima sess\u00e3o ordin\u00e1ria da C\u00e2mara de Muria\u00e9 deste ano. Ap\u00f3s j\u00e1 ter discutido e votado todos os projetos da Casa at\u00e9 a sess\u00e3o do dia 08 deste m\u00eas, quando aprovaram o or\u00e7amento na \u00edntegra, &nbsp;os vereadores aproveitaram a \u00faltima sess\u00e3o desta legislatura (2017\/2020) para homenagens [&hellip;]<\/p>\n","protected":false},"author":6,"featured_media":0,"comment_status":"open","ping_status":"closed","sticky":false,"template":"","format":"standard","meta":{"_joinchat":[],"footnotes":""},"categories":[1],"tags":[],"class_list":["post-73082","post","type-post","status-publish","format-standard","hentry","category-sem-categoria"],"_links":{"self":[{"href":"http:\/\/folhadosudeste.com\/site\/index.php?rest_route=\/wp\/v2\/posts\/73082","targetHints":{"allow":["GET"]}}],"collection":[{"href":"http:\/\/folhadosudeste.com\/site\/index.php?rest_route=\/wp\/v2\/posts"}],"about":[{"href":"http:\/\/folhadosudeste.com\/site\/index.php?rest_route=\/wp\/v2\/types\/post"}],"author":[{"embeddable":true,"href":"http:\/\/folhadosudeste.com\/site\/index.php?rest_route=\/wp\/v2\/users\/6"}],"replies":[{"embeddable":true,"href":"http:\/\/folhadosudeste.com\/site\/index.php?rest_route=%2Fwp%2Fv2%2Fcomments&post=73082"}],"version-history":[{"count":1,"href":"http:\/\/folhadosudeste.com\/site\/index.php?rest_route=\/wp\/v2\/posts\/73082\/revisions"}],"predecessor-version":[{"id":73087,"href":"http:\/\/folhadosudeste.com\/site\/index.php?rest_route=\/wp\/v2\/posts\/73082\/revisions\/73087"}],"wp:attachment":[{"href":"http:\/\/folhadosudeste.com\/site\/index.php?rest_route=%2Fwp%2Fv2%2Fmedia&parent=73082"}],"wp:term":[{"taxonomy":"category","embeddable":true,"href":"http:\/\/folhadosudeste.com\/site\/index.php?rest_route=%2Fwp%2Fv2%2Fcategories&post=73082"},{"taxonomy":"post_tag","embeddable":true,"href":"http:\/\/folhadosudeste.com\/site\/index.php?rest_route=%2Fwp%2Fv2%2Ftags&post=73082"}],"curies":[{"name":"wp","href":"https:\/\/api.w.org\/{rel}","templated":true}]}}