{"id":73117,"date":"2020-12-16T19:41:42","date_gmt":"2020-12-16T19:41:42","guid":{"rendered":"http:\/\/folhadosudeste.com\/site\/?p=73117"},"modified":"2020-12-16T19:41:42","modified_gmt":"2020-12-16T19:41:42","slug":"governo-preve-valor-de-r-1-088-para-salario-minimo-em-2021","status":"publish","type":"post","link":"http:\/\/folhadosudeste.com\/site\/?p=73117","title":{"rendered":"Governo prev\u00ea valor de R$ 1.088 para sal\u00e1rio m\u00ednimo em 2021"},"content":{"rendered":"<p><img decoding=\"async\" src=\"https:\/\/ogimg.infoglobo.com.br\/economia\/24593509-823-3b3\/FT1086A\/652\/salario-minimo.jpg\" alt=\"Sal\u00e1rio m\u00ednimo: Brasil vai completar dois anos sem pol\u00edtica para corre\u00e7\u00e3o.  Saiba qual deve ser o valor em 2021 - Jornal O Globo\"><\/p>\n<p style=\"text-align: justify;\"><em>Alta no pre\u00e7os dos alimentos durante segundo semestre impacta no c\u00e1lculo do sal\u00e1rio m\u00ednimo<\/em><\/p>\n<p style=\"text-align: justify;\">Na tarde de ontem (15), o governo federal encaminhou ao Congresso Nacional o of\u00edcio que prev\u00ea o valor de R$ 1.088 para o sal\u00e1rio m\u00ednimo em 2021.<\/p>\n<p style=\"text-align: justify;\">O piso salarial hoje \u00e9 de R$ 1.045 e, em abril, o governo estimava que o valor do sal\u00e1rio m\u00ednimo seria de R$ 1.079 No entanto, a revis\u00e3o deste valor se deu por conta do aumento da infla\u00e7\u00e3o nos \u00faltimos meses, um dos fatores que motivou a proposta de altera\u00e7\u00e3o da Lei de Diretrizes Or\u00e7ament\u00e1rias (LDO).<\/p>\n<p style=\"text-align: justify;\">Para que o reajuste do sal\u00e1rio m\u00ednimo seja feito, o governo leva em considera\u00e7\u00e3o o \u00cdndice Nacional de Pre\u00e7os ao Consumidor (INPC), m\u00e9trica do IBGE que mede os pre\u00e7os comerciais para fam\u00edlias em \u00e1reas urbanas com renda de at\u00e9 cinco sal\u00e1rios m\u00ednimos.<\/p>\n<p style=\"text-align: justify;\">Em meados de agosto, a equipe econ\u00f4mica do governo federal projetava que o INPC seria de 2,09% ao final de 2020. No entanto, ap\u00f3s a alta nos pre\u00e7os dos alimentos no segundo semestre do ano, a previs\u00e3o saltou para 4,1%.<\/p>\n<p style=\"text-align: justify;\">De 2007 a 2019, a legisla\u00e7\u00e3o garantia que o sal\u00e1rio m\u00ednimo tivesse um aumento real, acima da infla\u00e7\u00e3o, sempre que houvesse crescimento econ\u00f4mico no pa\u00eds. Para isso, considerava-se a infla\u00e7\u00e3o do ano anterior mais o resultado do PIB de dois anos antes. A partir de 2019, o c\u00e1lculo passou a ser feito considerando-se o IPCA como infla\u00e7\u00e3o oficial, que considera a varia\u00e7\u00e3o do custo de vida m\u00e9dio em fam\u00edlias com renda mensal entre 1 e 40 sal\u00e1rios m\u00ednimos.<\/p>\n<p style=\"text-align: justify;\">\u201cO aumento do sal\u00e1rio m\u00ednimo refletindo a infla\u00e7\u00e3o \u00e9 importante para preservar o poder de compra da popula\u00e7\u00e3o\u201d, comenta Thomas Carlsen, COO e co-fundador da mywork, startup especializada em controle de ponto online e gest\u00e3o de departamento pessoal. \u201cAp\u00f3s um ano em que muitas fam\u00edlias foram afetadas pela crise econ\u00f4mica e pelo desemprego, medidas que conservem o valor do sal\u00e1rio m\u00ednimo em rela\u00e7\u00e3o \u00e0 infla\u00e7\u00e3o s\u00e3o importantes para a popula\u00e7\u00e3o\u201d, avalia.<\/p>\n<p style=\"text-align: justify;\">O valor do sal\u00e1rio m\u00ednimo para 2021 ainda pode sofrer altera\u00e7\u00f5es e s\u00f3 deve ser confirmado, de fato, em janeiro do pr\u00f3ximo ano, quando o governo j\u00e1 ter\u00e1 os dados da infla\u00e7\u00e3o de 2020 consolidados.<\/p>\n","protected":false},"excerpt":{"rendered":"<p>Alta no pre\u00e7os dos alimentos durante segundo semestre impacta no c\u00e1lculo do sal\u00e1rio m\u00ednimo Na tarde de ontem (15), o governo federal encaminhou ao Congresso Nacional o of\u00edcio que prev\u00ea o valor de R$ 1.088 para o sal\u00e1rio m\u00ednimo em 2021. O piso salarial hoje \u00e9 de R$ 1.045 e, em abril, o governo estimava [&hellip;]<\/p>\n","protected":false},"author":6,"featured_media":0,"comment_status":"open","ping_status":"closed","sticky":false,"template":"","format":"standard","meta":{"_joinchat":[],"footnotes":""},"categories":[1],"tags":[],"class_list":["post-73117","post","type-post","status-publish","format-standard","hentry","category-sem-categoria"],"_links":{"self":[{"href":"http:\/\/folhadosudeste.com\/site\/index.php?rest_route=\/wp\/v2\/posts\/73117","targetHints":{"allow":["GET"]}}],"collection":[{"href":"http:\/\/folhadosudeste.com\/site\/index.php?rest_route=\/wp\/v2\/posts"}],"about":[{"href":"http:\/\/folhadosudeste.com\/site\/index.php?rest_route=\/wp\/v2\/types\/post"}],"author":[{"embeddable":true,"href":"http:\/\/folhadosudeste.com\/site\/index.php?rest_route=\/wp\/v2\/users\/6"}],"replies":[{"embeddable":true,"href":"http:\/\/folhadosudeste.com\/site\/index.php?rest_route=%2Fwp%2Fv2%2Fcomments&post=73117"}],"version-history":[{"count":1,"href":"http:\/\/folhadosudeste.com\/site\/index.php?rest_route=\/wp\/v2\/posts\/73117\/revisions"}],"predecessor-version":[{"id":73118,"href":"http:\/\/folhadosudeste.com\/site\/index.php?rest_route=\/wp\/v2\/posts\/73117\/revisions\/73118"}],"wp:attachment":[{"href":"http:\/\/folhadosudeste.com\/site\/index.php?rest_route=%2Fwp%2Fv2%2Fmedia&parent=73117"}],"wp:term":[{"taxonomy":"category","embeddable":true,"href":"http:\/\/folhadosudeste.com\/site\/index.php?rest_route=%2Fwp%2Fv2%2Fcategories&post=73117"},{"taxonomy":"post_tag","embeddable":true,"href":"http:\/\/folhadosudeste.com\/site\/index.php?rest_route=%2Fwp%2Fv2%2Ftags&post=73117"}],"curies":[{"name":"wp","href":"https:\/\/api.w.org\/{rel}","templated":true}]}}