{"id":73289,"date":"2020-12-20T19:59:13","date_gmt":"2020-12-20T19:59:13","guid":{"rendered":"http:\/\/folhadosudeste.com\/site\/?p=73289"},"modified":"2020-12-20T19:59:13","modified_gmt":"2020-12-20T19:59:13","slug":"tjmg-inaugura-predio-de-novo-forum-em-mirai","status":"publish","type":"post","link":"http:\/\/folhadosudeste.com\/site\/?p=73289","title":{"rendered":"TJMG inaugura pr\u00e9dio de novo f\u00f3rum em Mira\u00ed"},"content":{"rendered":"<p><a href=\"http:\/\/folhadosudeste.com\/site\/wp-content\/uploads\/2020\/12\/not2-inauguracao-forum-mirai-15.12.20.jpg\"><img loading=\"lazy\" decoding=\"async\" class=\"alignnone size-full wp-image-73268\" src=\"http:\/\/folhadosudeste.com\/site\/wp-content\/uploads\/2020\/12\/not2-inauguracao-forum-mirai-15.12.20.jpg\" alt=\"\" width=\"984\" height=\"656\" srcset=\"http:\/\/folhadosudeste.com\/site\/wp-content\/uploads\/2020\/12\/not2-inauguracao-forum-mirai-15.12.20.jpg 984w, http:\/\/folhadosudeste.com\/site\/wp-content\/uploads\/2020\/12\/not2-inauguracao-forum-mirai-15.12.20-300x200.jpg 300w, http:\/\/folhadosudeste.com\/site\/wp-content\/uploads\/2020\/12\/not2-inauguracao-forum-mirai-15.12.20-768x512.jpg 768w, http:\/\/folhadosudeste.com\/site\/wp-content\/uploads\/2020\/12\/not2-inauguracao-forum-mirai-15.12.20-120x80.jpg 120w, http:\/\/folhadosudeste.com\/site\/wp-content\/uploads\/2020\/12\/not2-inauguracao-forum-mirai-15.12.20-345x230.jpg 345w\" sizes=\"auto, (max-width: 984px) 100vw, 984px\" \/><\/a><\/p>\n<p style=\"text-align: justify;\">O novo F\u00f3rum Ministro Ant\u00f4nio Martins Vilas Boas em Mira\u00ed foi inaugurado na ter\u00e7a-feira (15). A cerim\u00f4nia contou com a presen\u00e7a do presidente do Tribunal de Justi\u00e7a de Minas Gerais (TJMG), o desembargador Gilson Soares Lemes.<\/p>\n<div class=\"mc-column content-text active-extra-styles \" style=\"text-align: justify;\" data-block-type=\"unstyled\" data-block-weight=\"38\" data-block-id=\"3\">\n<p class=\"content-text__container \" data-track-category=\"Link no Texto\" data-track-links=\"\">\u201c\u00c9 uma honra ser testemunha deste dia, pois, juntamente com a entrega oficial do novo pr\u00e9dio, est\u00e1 sendo edificada uma importante p\u00e1gina da hist\u00f3ria desta comarca, que em 2020 completou 85 anos de sua instala\u00e7\u00e3o\u201d, disse o presidente.<\/p>\n<p data-track-category=\"Link no Texto\" data-track-links=\"\">&nbsp;<\/p>\n<\/div>\n<p><!--more--><\/p>\n<div class=\"mc-column content-text active-extra-styles \" style=\"text-align: justify;\" data-block-type=\"unstyled\" data-block-weight=\"34\" data-block-id=\"4\">\n<p class=\"content-text__container \" data-track-category=\"Link no Texto\" data-track-links=\"\">A nova edifica\u00e7\u00e3o, que faz parte do Plano de Acelera\u00e7\u00e3o de Obras do TJMG, possui mais de 700 metros quadrados de \u00e1rea constru\u00edda, amplas salas, sistema de ar condicionado, acessibilidade e estacionamento.<\/p>\n<\/div>\n<div class=\"mc-column content-text active-extra-styles \" style=\"text-align: justify;\" data-block-type=\"unstyled\" data-block-weight=\"50\" data-block-id=\"5\">\n<p class=\"content-text__container \" data-track-category=\"Link no Texto\" data-track-links=\"\">O f\u00f3rum est\u00e1 localizado no Bairro F\u00e1brica, em Mira\u00ed, na Rua Adauto Silveira Alves, nome que homenageia um servidor. A placa da rua foi instalada hoje por sua esposa, Odaleia Barroca Silveira, pelos filhos e netos, com a presen\u00e7a do presidente Gilson Lemes e do prefeito de Mira\u00ed, Luiz Fortuce.<\/p>\n<\/div>\n<div class=\"mc-column content-text active-extra-styles \" style=\"text-align: justify;\" data-block-type=\"unstyled\" data-block-weight=\"53\" data-block-id=\"6\">\n<p class=\"content-text__container \" data-track-category=\"Link no Texto\" data-track-links=\"\">No discurso, o presidente lembrou o compositor e cantor Ataulfo Alves, nascido na cidade, em 2 de maio de 1909, recitando parte da letra da m\u00fasica \u201cMira\u00ed\u201d, atrav\u00e9s da qual o sambista homenageou sua terra. \u201cPara mim \u00e9 uma honra estar aqui na terra natal do grande Ataulfo Alves\u201d, ressaltou o desembargador.<\/p>\n<\/div>\n<div class=\"content-ads content-ads--reveal\" data-block-type=\"ads\" data-block-id=\"7\">\n<div id=\"banner_materia2\" class=\"tag-manager-publicidade-container mc-has-reveal mc-has-ad-lazyload tag-manager-publicidade-banner_materia2 tag-manager-publicidade-container--carregado tag-manager-publicidade-container--visivel\" data-id=\"banner_materia2\" data-req=\"true\" data-google-query-id=\"CKTMroOr3e0CFeQDuQYdYWcJUA\" data-cid=\"138333909321\" data-lid=\"5562195007\">\n<div class=\"mc-column content-text active-extra-styles \" style=\"text-align: justify;\" data-block-type=\"unstyled\" data-block-weight=\"44\" data-block-id=\"8\">\n<p class=\"content-text__container \" data-track-category=\"Link no Texto\" data-track-links=\"\">A diretora do foro da Comarca de Mira\u00ed, ju\u00edza Priscila Carvalho de Andrade, disse que, atualmente, s\u00e3o 4.345 feitos ativos na comarca. Al\u00e9m de Mira\u00ed, a comarca \u00e9 composta pelo munic\u00edpio de S\u00e3o Sebasti\u00e3o da Vagem Alegre e pelo distrito de Dores da Vit\u00f3ria.<\/p>\n<\/div>\n<div class=\"row medium-uncollapsed content-media content-photo\" data-block-type=\"backstage-photo\" data-block-id=\"9\">\n<div class=\"mc-column content-media__container\">\n<div class=\"mc-column content-text active-extra-styles \" style=\"text-align: justify;\" data-block-type=\"unstyled\" data-block-weight=\"48\" data-block-id=\"10\">\n<p class=\"content-text__container \" data-track-category=\"Link no Texto\" data-track-links=\"\">Ela lembrou que o antigo pr\u00e9dio foi cedido para o Tribunal em 1994, quando a comarca era bem menor. \u201cFoi um pr\u00e9dio que nos atendeu muito bem. Contudo, era uma edifica\u00e7\u00e3o muito antiga e que apresentava problemas de espa\u00e7o e estrutura para atender a popula\u00e7\u00e3o\u201d, afirmou a magistrada.<\/p>\n<\/div>\n<div class=\"mc-column content-text active-extra-styles \" style=\"text-align: justify;\" data-block-type=\"unstyled\" data-block-weight=\"48\" data-block-id=\"11\">\n<p class=\"content-text__container \" data-track-category=\"Link no Texto\" data-track-links=\"\">O presidente Gilson Lemes enfatizou que a entrega do novo f\u00f3rum \u00e9 resultado do compromisso do TJMG de oferecer \u00e0 sociedade uma presta\u00e7\u00e3o jurisdicional de mais qualidade e com ambientes mais adequados e dignos a magistrados, promotores de justi\u00e7a, advogados, defensores p\u00fablicos, servidores, colaboradores, estagi\u00e1rios e jurisdicionados.<\/p>\n<\/div>\n<div class=\"mc-column content-text active-extra-styles \" style=\"text-align: justify;\" data-block-type=\"unstyled\" data-block-weight=\"52\" data-block-id=\"12\">\n<p class=\"content-text__container \" data-track-category=\"Link no Texto\" data-track-links=\"\">Tamb\u00e9m no discurso, o presidente agradeceu ao prefeito de Mira\u00ed, Luiz Fortuce, e ao juiz Felipe Cancela Teixeira J\u00fanior, diretor do foro, que tiveram atua\u00e7\u00e3o decisiva para que a nova sede se tornasse realidade. Ele estendeu os agradecimentos \u00e0 atual diretora do foro da Comarca de Mira\u00ed, ju\u00edza Priscila Carvalho de Andrade.<\/p>\n<\/div>\n<div class=\"mc-column content-text active-extra-styles \" data-block-type=\"unstyled\" data-block-weight=\"51\" data-block-id=\"13\">\n<p class=\"content-text__container \" style=\"text-align: justify;\" data-track-category=\"Link no Texto\" data-track-links=\"\">Tamb\u00e9m participaram da cerim\u00f4nia de inaugura\u00e7\u00e3o do F\u00f3rum Ministro Ant\u00f4nio Martins Vilas Boas os desembargadores Bruno Terra dias, Val\u00e9ria Rodrigues Queiroz, Ant\u00f4nio Marcos Alvim Soares e V\u00edtor In\u00e1cio Peixoto Parreiras Henriques, o prefeito de Mira\u00ed, Luiz Fortuce; e demais autoridades dos poderes Judici\u00e1rio, Legislativo e Executivo da Zona da Mata.<\/p>\n<p data-track-category=\"Link no Texto\" data-track-links=\"\"><a href=\"http:\/\/folhadosudeste.com\/site\/wp-content\/uploads\/2020\/12\/not4-inauguracao-forum-mirai-15.12.20.jpg\"><img loading=\"lazy\" decoding=\"async\" class=\"alignnone size-full wp-image-73270\" src=\"http:\/\/folhadosudeste.com\/site\/wp-content\/uploads\/2020\/12\/not4-inauguracao-forum-mirai-15.12.20.jpg\" alt=\"\" width=\"984\" height=\"656\" srcset=\"http:\/\/folhadosudeste.com\/site\/wp-content\/uploads\/2020\/12\/not4-inauguracao-forum-mirai-15.12.20.jpg 984w, http:\/\/folhadosudeste.com\/site\/wp-content\/uploads\/2020\/12\/not4-inauguracao-forum-mirai-15.12.20-300x200.jpg 300w, http:\/\/folhadosudeste.com\/site\/wp-content\/uploads\/2020\/12\/not4-inauguracao-forum-mirai-15.12.20-768x512.jpg 768w, http:\/\/folhadosudeste.com\/site\/wp-content\/uploads\/2020\/12\/not4-inauguracao-forum-mirai-15.12.20-120x80.jpg 120w, http:\/\/folhadosudeste.com\/site\/wp-content\/uploads\/2020\/12\/not4-inauguracao-forum-mirai-15.12.20-345x230.jpg 345w\" sizes=\"auto, (max-width: 984px) 100vw, 984px\" \/><\/a><\/p>\n<p data-track-category=\"Link no Texto\" data-track-links=\"\">Fonte: G1\\Zona da Mata<\/p>\n<\/div>\n<\/div>\n<\/div>\n<\/div>\n<\/div>\n","protected":false},"excerpt":{"rendered":"<p>O novo F\u00f3rum Ministro Ant\u00f4nio Martins Vilas Boas em Mira\u00ed foi inaugurado na ter\u00e7a-feira (15). A cerim\u00f4nia contou com a presen\u00e7a do presidente do Tribunal de Justi\u00e7a de Minas Gerais (TJMG), o desembargador Gilson Soares Lemes. \u201c\u00c9 uma honra ser testemunha deste dia, pois, juntamente com a entrega oficial do novo pr\u00e9dio, est\u00e1 sendo edificada [&hellip;]<\/p>\n","protected":false},"author":6,"featured_media":0,"comment_status":"open","ping_status":"closed","sticky":false,"template":"","format":"standard","meta":{"_joinchat":[],"footnotes":""},"categories":[1],"tags":[],"class_list":["post-73289","post","type-post","status-publish","format-standard","hentry","category-sem-categoria"],"_links":{"self":[{"href":"http:\/\/folhadosudeste.com\/site\/index.php?rest_route=\/wp\/v2\/posts\/73289","targetHints":{"allow":["GET"]}}],"collection":[{"href":"http:\/\/folhadosudeste.com\/site\/index.php?rest_route=\/wp\/v2\/posts"}],"about":[{"href":"http:\/\/folhadosudeste.com\/site\/index.php?rest_route=\/wp\/v2\/types\/post"}],"author":[{"embeddable":true,"href":"http:\/\/folhadosudeste.com\/site\/index.php?rest_route=\/wp\/v2\/users\/6"}],"replies":[{"embeddable":true,"href":"http:\/\/folhadosudeste.com\/site\/index.php?rest_route=%2Fwp%2Fv2%2Fcomments&post=73289"}],"version-history":[{"count":1,"href":"http:\/\/folhadosudeste.com\/site\/index.php?rest_route=\/wp\/v2\/posts\/73289\/revisions"}],"predecessor-version":[{"id":73290,"href":"http:\/\/folhadosudeste.com\/site\/index.php?rest_route=\/wp\/v2\/posts\/73289\/revisions\/73290"}],"wp:attachment":[{"href":"http:\/\/folhadosudeste.com\/site\/index.php?rest_route=%2Fwp%2Fv2%2Fmedia&parent=73289"}],"wp:term":[{"taxonomy":"category","embeddable":true,"href":"http:\/\/folhadosudeste.com\/site\/index.php?rest_route=%2Fwp%2Fv2%2Fcategories&post=73289"},{"taxonomy":"post_tag","embeddable":true,"href":"http:\/\/folhadosudeste.com\/site\/index.php?rest_route=%2Fwp%2Fv2%2Ftags&post=73289"}],"curies":[{"name":"wp","href":"https:\/\/api.w.org\/{rel}","templated":true}]}}