{"id":73423,"date":"2020-12-26T16:14:05","date_gmt":"2020-12-26T16:14:05","guid":{"rendered":"http:\/\/folhadosudeste.com\/site\/?p=73423"},"modified":"2020-12-26T16:14:05","modified_gmt":"2020-12-26T16:14:05","slug":"prefeito-jose-braz-apresenta-seu-secretariado-para-gestao-2021-2024","status":"publish","type":"post","link":"http:\/\/folhadosudeste.com\/site\/?p=73423","title":{"rendered":"Prefeito Jos\u00e9 Braz apresenta seu secretariado para gest\u00e3o 2021\/2024"},"content":{"rendered":"<h1 style=\"margin-top: 3.85pt;\"><span lang=\"PT\"><a href=\"http:\/\/folhadosudeste.com\/site\/wp-content\/uploads\/2020\/12\/DSC_0233_707x389.jpg\"><img loading=\"lazy\" decoding=\"async\" class=\"alignnone size-full wp-image-73436\" src=\"http:\/\/folhadosudeste.com\/site\/wp-content\/uploads\/2020\/12\/DSC_0233_707x389.jpg\" alt=\"\" width=\"707\" height=\"389\" srcset=\"http:\/\/folhadosudeste.com\/site\/wp-content\/uploads\/2020\/12\/DSC_0233_707x389.jpg 707w, http:\/\/folhadosudeste.com\/site\/wp-content\/uploads\/2020\/12\/DSC_0233_707x389-300x165.jpg 300w\" sizes=\"auto, (max-width: 707px) 100vw, 707px\" \/><\/a><\/span><\/h1>\n<p>Foto: Silvan Alves&nbsp;&nbsp;<\/p>\n<div dir=\"ltr\" style=\"text-align: justify;\">O empres\u00e1rio Jos\u00e9 Braz, 95 anos, eleito prefeito de Muria\u00e9, para o terceiro mandato, anunciou na manh\u00e3 desta quinta-feira, 24 de dezembro, o primeiro escal\u00e3o da prefeitura Gest\u00e3o 2021-2024.&nbsp;O evento seguiu os protocolos de seguran\u00e7a e aconteceu no audit\u00f3rio do Rodovi\u00e1rio L\u00edder, empresa a qual Jos\u00e9 Braz fundou e administra ao lado dos netos suplente de Senador Renzo Braz e Glauco.<\/div>\n<div dir=\"ltr\" style=\"text-align: justify;\">&nbsp;<\/div>\n<div dir=\"ltr\" style=\"text-align: justify;\">Estavam presentes 12, dos 13 indicados a secret\u00e1rios. O indicado para a pasta da Agricultura e Pecu\u00e1ria, Eduardo Levate contraiu Covid-19 e para n\u00e3o disseminar a doen\u00e7a est\u00e1 mantendo isolamento social.&nbsp;A solenidade contou com a presen\u00e7a dos deputados estaduais Braulio Braz e Dr. Wilson Batista e de cinco dos 17 vereadores eleitos, Afonso da Sa\u00fade, Miriam Facchini; Dr. Rangel; Devail Gomes e Christian Tanus Bahia.<\/div>\n<div dir=\"ltr\" style=\"text-align: justify;\">&nbsp;<\/div>\n<div dir=\"ltr\" style=\"text-align: justify;\">O prefeito eleito Jos\u00e9 Braz disse em seu discurso que ser\u00e1 preciso recuperar equipamentos de v\u00e1rias pastas, sejam computadores, sejam ve\u00edculos e maquin\u00e1rio agr\u00edcola. Muitos pr\u00e9dios est\u00e3o deteriorados e sem condi\u00e7\u00f5es de trabalho, prejudicando servidores p\u00fablicos e a popula\u00e7\u00e3o que necessita destes departamentos. &#8220;Muria\u00e9 voltar\u00e1 a sorrir a partir de 2021. Vamos fazer muito por nossa cidade&#8221;, disse ao encerrar a solenidade.<\/div>\n<div dir=\"ltr\">&nbsp;<\/div>\n<p><!--more--><\/p>\n<div class=\"yj6qo\">&nbsp;<\/div>\n<div class=\"adL\" dir=\"ltr\">&nbsp;<\/div>\n<h1>&nbsp;<\/h1>\n<h1 style=\"margin-top: 3.85pt;\"><span lang=\"PT\">ADMINISTRA\u00c7\u00c3O<\/span><\/h1>\n<p><a href=\"http:\/\/folhadosudeste.com\/site\/wp-content\/uploads\/2020\/12\/Edmar.jpeg\"><img loading=\"lazy\" decoding=\"async\" class=\"alignnone size-full wp-image-73424\" src=\"http:\/\/folhadosudeste.com\/site\/wp-content\/uploads\/2020\/12\/Edmar.jpeg\" alt=\"\" width=\"400\" height=\"480\" srcset=\"http:\/\/folhadosudeste.com\/site\/wp-content\/uploads\/2020\/12\/Edmar.jpeg 400w, http:\/\/folhadosudeste.com\/site\/wp-content\/uploads\/2020\/12\/Edmar-250x300.jpeg 250w\" sizes=\"auto, (max-width: 400px) 100vw, 400px\" \/><\/a><\/p>\n<p style=\"text-align: justify;\">Servidor p\u00fablico h\u00e1 34 anos, Edmar Rodrigues Pereira assume novamente a Secretaria Municipal de Administra\u00e7\u00e3o. Ele retorna, assim, para a fun\u00e7\u00e3o que j\u00e1 havia desempenhado entre 2009 e 2012, no segundo mandato de Jos\u00e9 Braz.&nbsp;<\/p>\n<p style=\"text-align: justify;\">Graduado em Ci\u00eancia Pol\u00edtica, Edmar \u00e9 tamb\u00e9m p\u00f3s-graduado em Gest\u00e3o Empresarial e especialista em Gest\u00e3o P\u00fablica. Enriqueceu ainda seu curr\u00edculo com diversos cursos de capacita\u00e7\u00e3o relacionados \u00e0 \u00e1rea de governan\u00e7a e administra\u00e7\u00e3o p\u00fablica.&nbsp;<\/p>\n<p style=\"text-align: justify;\">Em sua carreira como funcion\u00e1rio p\u00fablico, Edmar desempenhou tamb\u00e9m as fun\u00e7\u00f5es de assessor da assessor da Secretaria de Administra\u00e7\u00e3o e controlador interno. Tamb\u00e9m prestou servi\u00e7os para o F\u00f3rum da comarca de Muria\u00e9, a Delegacia Regional de Pol\u00edcia Civil e para o Muria\u00e9-Prev, o fundo previdenci\u00e1rio dos servidores p\u00fablicos municipais.<\/p>\n<h1><span lang=\"PT\">AGRICULTURA<\/span><\/h1>\n<p><a href=\"http:\/\/folhadosudeste.com\/site\/wp-content\/uploads\/2020\/12\/Eduardo-Levate.jpeg\"><img loading=\"lazy\" decoding=\"async\" class=\"alignnone size-full wp-image-73425\" src=\"http:\/\/folhadosudeste.com\/site\/wp-content\/uploads\/2020\/12\/Eduardo-Levate.jpeg\" alt=\"\" width=\"960\" height=\"1280\" srcset=\"http:\/\/folhadosudeste.com\/site\/wp-content\/uploads\/2020\/12\/Eduardo-Levate.jpeg 960w, http:\/\/folhadosudeste.com\/site\/wp-content\/uploads\/2020\/12\/Eduardo-Levate-225x300.jpeg 225w, http:\/\/folhadosudeste.com\/site\/wp-content\/uploads\/2020\/12\/Eduardo-Levate-768x1024.jpeg 768w\" sizes=\"auto, (max-width: 960px) 100vw, 960px\" \/><\/a><\/p>\n<p style=\"text-align: justify;\">O novo secret\u00e1rio municipal de Agricultura \u00e9 o empres\u00e1rio e produtor rural Eduardo Barbosa Levate. Filho do ex-vereador Tat\u00e3o Levate, ainda crian\u00e7a come\u00e7ou a acompanhar o pai nas atividades agropecu\u00e1rias e, mais tarde, passou a auxili\u00e1-lo tamb\u00e9m na administra\u00e7\u00e3o das empresas da fam\u00edlia.&nbsp;<\/p>\n<p style=\"text-align: justify;\">Atualmente est\u00e1 \u00e0 frente de tr\u00eas firmas e, conhecedor do meio rural, administra tamb\u00e9m fazendas. Tamb\u00e9m se dedica \u00e0 gest\u00e3o de pessoas, procurando oferecer sempre as melhores condi\u00e7\u00f5es de trabalho para seus colaboradores.&nbsp;<\/p>\n<p style=\"text-align: justify;\">Seguindo os passos de seu pai, Eduardo apoia ainda os movimentos sociais, clubes e institui\u00e7\u00f5es esportivas e religiosas de Muria\u00e9, auxiliando na organiza\u00e7\u00e3o e realiza\u00e7\u00e3o de eventos beneficentes.<\/p>\n<h1 style=\"margin-top: .05pt;\"><span lang=\"PT\">DESENVOLVIMENTO ECON\u00d4MICO<\/span><\/h1>\n<p><a href=\"http:\/\/folhadosudeste.com\/site\/wp-content\/uploads\/2020\/12\/SECRETARIADO-1.jpeg\"><img loading=\"lazy\" decoding=\"async\" class=\"alignnone size-full wp-image-73426\" src=\"http:\/\/folhadosudeste.com\/site\/wp-content\/uploads\/2020\/12\/SECRETARIADO-1.jpeg\" alt=\"\" width=\"1242\" height=\"1221\" srcset=\"http:\/\/folhadosudeste.com\/site\/wp-content\/uploads\/2020\/12\/SECRETARIADO-1.jpeg 1242w, http:\/\/folhadosudeste.com\/site\/wp-content\/uploads\/2020\/12\/SECRETARIADO-1-300x295.jpeg 300w, http:\/\/folhadosudeste.com\/site\/wp-content\/uploads\/2020\/12\/SECRETARIADO-1-768x755.jpeg 768w, http:\/\/folhadosudeste.com\/site\/wp-content\/uploads\/2020\/12\/SECRETARIADO-1-1024x1007.jpeg 1024w\" sizes=\"auto, (max-width: 1242px) 100vw, 1242px\" \/><\/a><\/p>\n<p style=\"text-align: justify;\">Empres\u00e1rio do setor t\u00eaxtil, Cezar Augusto Bianchi Botaro, o Cezar das M\u00e1quinas, ser\u00e1 novamente secret\u00e1rio municipal de Desenvolvimento Econ\u00f4mico. Ele j\u00e1 havia ocupado o cargo anteriormente durante 11 anos e seis meses, entre 2005 e 2016.&nbsp;<\/p>\n<p style=\"text-align: justify;\">Em sua gest\u00e3o \u00e0 frente da secretaria, conseguiu a certifica\u00e7\u00e3o de Muria\u00e9 junto ao Sebrae como munic\u00edpio &#8220;Polo da Moda&#8221; e a instala\u00e7\u00e3o de institui\u00e7\u00f5es como a Junta Comercial, UAI, UaiTec, Senai e Condesc. Assim, contribuiu para a forma\u00e7\u00e3o de novos profissionais e para a capacita\u00e7\u00e3o de trabalhadores e empres\u00e1rios de variados segmentos.<\/p>\n<p style=\"text-align: justify;\">Al\u00e9m da experi\u00eancia na \u00e1rea p\u00fablica, Cezar tamb\u00e9m trabalhou como presidente do Rotary Club Muria\u00e9 Norte e da Loja Ma\u00e7\u00f4nica Seareiros da Paz.<\/p>\n<p>DESENVOLVIMENTO SOCIAL<\/p>\n<p><a href=\"http:\/\/folhadosudeste.com\/site\/wp-content\/uploads\/2020\/12\/Eveline-Castro-Amaral.jpeg\"><img loading=\"lazy\" decoding=\"async\" class=\"alignnone size-full wp-image-73427\" src=\"http:\/\/folhadosudeste.com\/site\/wp-content\/uploads\/2020\/12\/Eveline-Castro-Amaral.jpeg\" alt=\"\" width=\"853\" height=\"1280\" srcset=\"http:\/\/folhadosudeste.com\/site\/wp-content\/uploads\/2020\/12\/Eveline-Castro-Amaral.jpeg 853w, http:\/\/folhadosudeste.com\/site\/wp-content\/uploads\/2020\/12\/Eveline-Castro-Amaral-200x300.jpeg 200w, http:\/\/folhadosudeste.com\/site\/wp-content\/uploads\/2020\/12\/Eveline-Castro-Amaral-768x1152.jpeg 768w, http:\/\/folhadosudeste.com\/site\/wp-content\/uploads\/2020\/12\/Eveline-Castro-Amaral-682x1024.jpeg 682w\" sizes=\"auto, (max-width: 853px) 100vw, 853px\" \/><\/a><\/p>\n<p style=\"text-align: justify;\">Sempre envolvida com quest\u00f5es sociais e buscando, atrav\u00e9s do carisma e da empatia, reduzir as situa\u00e7\u00f5es de vulnerabilidade enfrentadas pelo pr\u00f3ximo, Eveline Castro do Amaral retorna ao comando da pasta onde teve atua\u00e7\u00e3o marcante entre 2005 e 2012: a Secretaria Municipal de Desenvolvimento Social.&nbsp;<\/p>\n<p style=\"text-align: justify;\">Em sua experi\u00eancia anterior, coordenou as pol\u00edticas municipais de assist\u00eancia social, de combate \u00e0s drogas e de seguran\u00e7a alimentar e nutricional. Promoveu ainda a articula\u00e7\u00e3o da secretaria com diversos conselhos, firmou contratos de coopera\u00e7\u00e3o e implantou no munic\u00edpio servi\u00e7os como CRAS, CREAS, Projovem Urbano e Programa Gente Jovem.&nbsp;<\/p>\n<p style=\"text-align: justify;\">Foi tamb\u00e9m em sua gest\u00e3o \u00e0 frente da secretaria que Muria\u00e9 ganhou a Cozinha Comunit\u00e1ria do bairro Aeroporto e a Casa Acolhedora Padre Carlos Seelen, que abriga viajantes e pessoas em situa\u00e7\u00e3o de rua.<\/p>\n<h1><span lang=\"PT\">EDUCA\u00c7\u00c3O<\/span><\/h1>\n<p><a href=\"http:\/\/folhadosudeste.com\/site\/wp-content\/uploads\/2020\/12\/Maria-Am\u00e9lia-Xaia.jpeg\"><img loading=\"lazy\" decoding=\"async\" class=\"alignnone size-full wp-image-73428\" src=\"http:\/\/folhadosudeste.com\/site\/wp-content\/uploads\/2020\/12\/Maria-Am\u00e9lia-Xaia.jpeg\" alt=\"\" width=\"1012\" height=\"1280\" srcset=\"http:\/\/folhadosudeste.com\/site\/wp-content\/uploads\/2020\/12\/Maria-Am\u00e9lia-Xaia.jpeg 1012w, http:\/\/folhadosudeste.com\/site\/wp-content\/uploads\/2020\/12\/Maria-Am\u00e9lia-Xaia-237x300.jpeg 237w, http:\/\/folhadosudeste.com\/site\/wp-content\/uploads\/2020\/12\/Maria-Am\u00e9lia-Xaia-768x971.jpeg 768w, http:\/\/folhadosudeste.com\/site\/wp-content\/uploads\/2020\/12\/Maria-Am\u00e9lia-Xaia-810x1024.jpeg 810w\" sizes=\"auto, (max-width: 1012px) 100vw, 1012px\" \/><\/a><\/p>\n<p style=\"text-align: justify;\">Conhecimento, capacidade e experi\u00eancia s\u00e3o algumas das caracter\u00edsticas da professora Maria Am\u00e9lia Queiroz Xaia, que assume pela quarta vez a Secretaria Municipal de Educa\u00e7\u00e3o. Anteriormente, ela j\u00e1 havia ocupado o cargo entre 1997 e 2000 e, mais tarde, durante os dois primeiros mandatos de Jos\u00e9 Braz, de 2005 a 2012.&nbsp;<\/p>\n<p style=\"text-align: justify;\">Graduada em Matem\u00e1tica, Maria Am\u00e9lia \u00e9 especialista Psicopedagia e tamb\u00e9m em Matem\u00e1tica e Estat\u00edstica. Ao longo de sua carreira, trabalhou como professora na rede estadual e na Faculdade Santa Marcelina, tendo sido tamb\u00e9m vice-diretora da Escola Estadual Doutor Olavo Tostes.&nbsp;<\/p>\n<p style=\"text-align: justify;\">Na gest\u00e3o p\u00fablica, \u00e0 frente da Secretaria Municipal de Educa\u00e7\u00e3o, teve como a\u00e7\u00f5es de destaque a chegada do Instituto Federal a Muria\u00e9 e a constru\u00e7\u00e3o de 18 novas escolas.<\/p>\n<h1 style=\"margin-top: 3.85pt;\"><span lang=\"PT\">FAZENDA<\/span><\/h1>\n<p><a href=\"http:\/\/folhadosudeste.com\/site\/wp-content\/uploads\/2020\/12\/Francisco.jpeg\"><img loading=\"lazy\" decoding=\"async\" class=\"alignnone size-full wp-image-73429\" src=\"http:\/\/folhadosudeste.com\/site\/wp-content\/uploads\/2020\/12\/Francisco.jpeg\" alt=\"\" width=\"226\" height=\"226\" srcset=\"http:\/\/folhadosudeste.com\/site\/wp-content\/uploads\/2020\/12\/Francisco.jpeg 226w, http:\/\/folhadosudeste.com\/site\/wp-content\/uploads\/2020\/12\/Francisco-150x150.jpeg 150w\" sizes=\"auto, (max-width: 226px) 100vw, 226px\" \/><\/a><\/p>\n<p style=\"text-align: justify;\">O respons\u00e1vel pelas finan\u00e7as do munic\u00edpio ser\u00e1, pela segunda vez, o contador Francisco de Assis de Souza J\u00fanior. Ele j\u00e1 havia desempenhado a fun\u00e7\u00e3o anteriormente durante dois anos, entre 2015 e 2016.&nbsp;<\/p>\n<p style=\"text-align: justify;\">Servidor p\u00fablico h\u00e1 26 anos, Francisco \u00e9 efetivo no cargo de auditor fiscal e, em sua trajet\u00f3ria na Prefeitura de Muria\u00e9, desempenhou tamb\u00e9m as fun\u00e7\u00f5es de coordenador de licita\u00e7\u00f5es e de respons\u00e1vel pela presta\u00e7\u00e3o de contas referentes a conv\u00eanios e ao Fundo Municipal de Sa\u00fade.&nbsp;<\/p>\n<p style=\"text-align: justify;\">Francisco J\u00fanior \u00e9 formado em Ci\u00eancias Cont\u00e1beis e especialista em Gest\u00e3o P\u00fablica e Controle com Foco em Resultados, bem como em Auditoria, Per\u00edcia Cont\u00e1bil e Contabilidade Gerencial e Financeira.<\/p>\n<h1 style=\"margin-top: 2.2pt;\"><span lang=\"PT\">FUNDARTE<\/span><\/h1>\n<p><a href=\"http:\/\/folhadosudeste.com\/site\/wp-content\/uploads\/2020\/12\/1098434_279908518815155_549822759_n.jpg\"><img loading=\"lazy\" decoding=\"async\" class=\"alignnone size-full wp-image-73430\" src=\"http:\/\/folhadosudeste.com\/site\/wp-content\/uploads\/2020\/12\/1098434_279908518815155_549822759_n.jpg\" alt=\"\" width=\"960\" height=\"641\" srcset=\"http:\/\/folhadosudeste.com\/site\/wp-content\/uploads\/2020\/12\/1098434_279908518815155_549822759_n.jpg 960w, http:\/\/folhadosudeste.com\/site\/wp-content\/uploads\/2020\/12\/1098434_279908518815155_549822759_n-300x200.jpg 300w, http:\/\/folhadosudeste.com\/site\/wp-content\/uploads\/2020\/12\/1098434_279908518815155_549822759_n-768x513.jpg 768w, http:\/\/folhadosudeste.com\/site\/wp-content\/uploads\/2020\/12\/1098434_279908518815155_549822759_n-120x80.jpg 120w, http:\/\/folhadosudeste.com\/site\/wp-content\/uploads\/2020\/12\/1098434_279908518815155_549822759_n-345x230.jpg 345w\" sizes=\"auto, (max-width: 960px) 100vw, 960px\" \/><\/a><\/p>\n<p style=\"text-align: justify;\">&nbsp;Foto: reprodu\u00e7\u00e3o facebook: Carlos Scalla<\/p>\n<p style=\"text-align: justify;\">Tamb\u00e9m servidora p\u00fablica municipal, a musicoterapeuta e professora de m\u00fasica Gilca Maria Hubner Vieira Napier retorna para a dire\u00e7\u00e3o da Fundarte, fun\u00e7\u00e3o que j\u00e1 exerceu durante 12 anos, entre 2005 e 2012.&nbsp;<\/p>\n<p style=\"text-align: justify;\">Foi em sua gest\u00e3o que o acesso \u00e0 cultura se democratizou em Muria\u00e9, com a cria\u00e7\u00e3o de novas escolas de artes, a realiza\u00e7\u00e3o de eventos que se tornaram tradicionais no calend\u00e1rio e a preserva\u00e7\u00e3o e restaura\u00e7\u00e3o do patrim\u00f4nio hist\u00f3rico- cultural do munic\u00edpio.&nbsp;<\/p>\n<p style=\"text-align: justify;\">Gilca \u00e9 funcion\u00e1ria efetiva do munic\u00edpio desde o ano 2000. Possui experi\u00eancia tamb\u00e9m como diretora, professora e musicoterapeuta na Escola de Arte Oficina do Som durante 13 anos. Atualmente, \u00e9 proponente e coordenadora de Cultura do projeto Ciranda Cultural.<\/p>\n<p>GOVERNO<\/p>\n<p><a href=\"http:\/\/folhadosudeste.com\/site\/wp-content\/uploads\/2020\/12\/Paulo-S\u00e9rgio-Amaral.jpeg\"><img loading=\"lazy\" decoding=\"async\" class=\"alignnone size-full wp-image-73431\" src=\"http:\/\/folhadosudeste.com\/site\/wp-content\/uploads\/2020\/12\/Paulo-S\u00e9rgio-Amaral.jpeg\" alt=\"\" width=\"1242\" height=\"1239\" srcset=\"http:\/\/folhadosudeste.com\/site\/wp-content\/uploads\/2020\/12\/Paulo-S\u00e9rgio-Amaral.jpeg 1242w, http:\/\/folhadosudeste.com\/site\/wp-content\/uploads\/2020\/12\/Paulo-S\u00e9rgio-Amaral-150x150.jpeg 150w, http:\/\/folhadosudeste.com\/site\/wp-content\/uploads\/2020\/12\/Paulo-S\u00e9rgio-Amaral-300x300.jpeg 300w, http:\/\/folhadosudeste.com\/site\/wp-content\/uploads\/2020\/12\/Paulo-S\u00e9rgio-Amaral-768x766.jpeg 768w, http:\/\/folhadosudeste.com\/site\/wp-content\/uploads\/2020\/12\/Paulo-S\u00e9rgio-Amaral-1024x1022.jpeg 1024w\" sizes=\"auto, (max-width: 1242px) 100vw, 1242px\" \/><\/a><\/p>\n<p style=\"text-align: justify;\">Advogado p\u00f3s-graduado em Direito Civil e Processual Civil, al\u00e9m de mestre em Pol\u00edticas P\u00fablicas. Esta \u00e9 a forma\u00e7\u00e3o de Paulo S\u00e9rgio Pires do Amaral, que assume em primeiro de janeiro a Secretaria Municipal de Governo.&nbsp;<\/p>\n<p style=\"text-align: justify;\">Trabalha como advogado h\u00e1 24 anos, exercendo tamb\u00e9m atividades como professor universit\u00e1rio. Na esfera administrativa, tem experi\u00eancia como procurador em v\u00e1rios munic\u00edpios, presidente da OAB Muria\u00e9 e do Centro de Estudos Jur\u00eddicos da mesma institui\u00e7\u00e3o, al\u00e9m de coordenador subseccional da Escola Superior de Advocacia de Minas Gerais.&nbsp;<\/p>\n<p style=\"text-align: justify;\">J\u00e1 na esfera pol\u00edtica, Paulo S\u00e9rgio atuou como delegado estadual do Progressistas em Minas Gerais e, atualmente, \u00e9 presidente do diret\u00f3rio municipal do partido em Muria\u00e9. \u00c9 tamb\u00e9m deputado federal suplente por Minas Gerais na atual legislatura.<\/p>\n<h1 style=\"margin-top: 3.85pt;\"><span lang=\"PT\">OBRAS P\u00daBLICAS<\/span><\/h1>\n<p><a href=\"http:\/\/folhadosudeste.com\/site\/wp-content\/uploads\/2020\/12\/Carlos-Kneip.jpeg\"><img loading=\"lazy\" decoding=\"async\" class=\"alignnone size-full wp-image-73432\" src=\"http:\/\/folhadosudeste.com\/site\/wp-content\/uploads\/2020\/12\/Carlos-Kneip.jpeg\" alt=\"\" width=\"600\" height=\"900\" srcset=\"http:\/\/folhadosudeste.com\/site\/wp-content\/uploads\/2020\/12\/Carlos-Kneip.jpeg 600w, http:\/\/folhadosudeste.com\/site\/wp-content\/uploads\/2020\/12\/Carlos-Kneip-200x300.jpeg 200w\" sizes=\"auto, (max-width: 600px) 100vw, 600px\" \/><\/a><\/p>\n<p style=\"text-align: justify;\">O novo secret\u00e1rio municipal de Obras P\u00fablicas \u00e9 o engenheiro civil Carlos Geraldo Rocha Kneip, morador do distrito de Pirapanema. Ele \u00e9 p\u00f3s-graduado em Gerenciamento de Projetos e possui vasta experi\u00eancia tanto em execu\u00e7\u00e3o de atividades, quanto em gest\u00e3o p\u00fablica.&nbsp;<\/p>\n<p style=\"text-align: justify;\">Entre 2013 e 2015, coordenou as obras de drenagem pluvial realizadas na rua Santa Rita e em partes dos bairros da Barra, Dornelas e Primavera. Mais recentemente, trabalhou como gerente de contratos no Cons\u00f3rcio Copasa, atuando tamb\u00e9m como consultor e coordenador de equipes para a elabora\u00e7\u00e3o de projetos, fiscaliza\u00e7\u00e3o de obras e execu\u00e7\u00e3o de empreendimentos.<\/p>\n<h1><span lang=\"PT\">PROCURADORIA GERAL DO MUNIC\u00cdPIO<\/span><\/h1>\n<p><a href=\"http:\/\/folhadosudeste.com\/site\/wp-content\/uploads\/2020\/12\/Baniela-Braz-Tambasco.jpeg\"><img loading=\"lazy\" decoding=\"async\" class=\"alignnone size-full wp-image-73433\" src=\"http:\/\/folhadosudeste.com\/site\/wp-content\/uploads\/2020\/12\/Baniela-Braz-Tambasco.jpeg\" alt=\"\" width=\"853\" height=\"1280\" srcset=\"http:\/\/folhadosudeste.com\/site\/wp-content\/uploads\/2020\/12\/Baniela-Braz-Tambasco.jpeg 853w, http:\/\/folhadosudeste.com\/site\/wp-content\/uploads\/2020\/12\/Baniela-Braz-Tambasco-200x300.jpeg 200w, http:\/\/folhadosudeste.com\/site\/wp-content\/uploads\/2020\/12\/Baniela-Braz-Tambasco-768x1152.jpeg 768w, http:\/\/folhadosudeste.com\/site\/wp-content\/uploads\/2020\/12\/Baniela-Braz-Tambasco-682x1024.jpeg 682w\" sizes=\"auto, (max-width: 853px) 100vw, 853px\" \/><\/a><\/p>\n<p style=\"text-align: justify;\">O comando das quest\u00f5es jur\u00eddicas pertinentes ao munic\u00edpio volta a ficar sob a responsabilidade da advogada Daniela Braz Tambasco Mendes. Especialista em Direito Civil e Processual Civil, ela j\u00e1 havia ocupado o cargo durante seis anos, entre 2005 e 2011.&nbsp;<\/p>\n<p style=\"text-align: justify;\">Naquele per\u00edodo, efetuou o pagamento de precat\u00f3rios atrasados, participou da elabora\u00e7\u00e3o do Plano de Cargos e Sal\u00e1rios e reestruturou a Procuradoria Geral do Munic\u00edpio.&nbsp;<\/p>\n<p style=\"text-align: justify;\">Desde 2012, Daniela coordena o Departamento Jur\u00eddico do Grupo L\u00edder, sendo respons\u00e1vel pela elabora\u00e7\u00e3o de toda a documenta\u00e7\u00e3o legal das empresas, revis\u00e3o de contratos e controle de processos, dentre outras atividades.<\/p>\n<h1><span lang=\"PT\">PLANEJAMENTO E CONTROLE<\/span><\/h1>\n<p><a href=\"http:\/\/folhadosudeste.com\/site\/wp-content\/uploads\/2020\/12\/Sinval-ferreira.jpeg\"><img loading=\"lazy\" decoding=\"async\" class=\"alignnone size-full wp-image-73434\" src=\"http:\/\/folhadosudeste.com\/site\/wp-content\/uploads\/2020\/12\/Sinval-ferreira.jpeg\" alt=\"\" width=\"717\" height=\"694\" srcset=\"http:\/\/folhadosudeste.com\/site\/wp-content\/uploads\/2020\/12\/Sinval-ferreira.jpeg 717w, http:\/\/folhadosudeste.com\/site\/wp-content\/uploads\/2020\/12\/Sinval-ferreira-300x290.jpeg 300w\" sizes=\"auto, (max-width: 717px) 100vw, 717px\" \/><\/a><\/p>\n<p style=\"text-align: justify;\">O administrador Sinval Ferreira da Silva volta a colocar seu trabalho \u00e0 disposi\u00e7\u00e3o da Prefeitura de Muria\u00e9, agora na fun\u00e7\u00e3o de secret\u00e1rio municipal de Planejamento e Controle.&nbsp;<\/p>\n<p style=\"text-align: justify;\">Esta ser\u00e1 sua quarta experi\u00eancia na gest\u00e3o municipal. Anteriormente, foi secret\u00e1rio de Obras P\u00fablicas entre 2005 e 2007; no ano seguinte, assumiu a pasta de Rela\u00e7\u00f5es Institucionais, ent\u00e3o rec\u00e9m-criada, e permaneceu nela durante mais dois mandatos, de 2009 at\u00e9 2016.&nbsp;<\/p>\n<p style=\"text-align: justify;\">Sinval ter\u00e1, entre suas fun\u00e7\u00f5es, a tarefa na qual se especializou: captar recursos estaduais e federais para serem aplicados na realiza\u00e7\u00e3o de obras em Muria\u00e9. O trabalho inclui manter contatos frequentes com toda a esfera pol\u00edtica: assessores, deputados, senadores, secret\u00e1rios estaduais, ministros, governador e com a presid\u00eancia da Rep\u00fablica.<\/p>\n<h1><span lang=\"PT\">SA\u00daDE<\/span><\/h1>\n<p><a href=\"http:\/\/folhadosudeste.com\/site\/wp-content\/uploads\/2020\/12\/Dr.-Marcos-Guarino.jpeg\"><img loading=\"lazy\" decoding=\"async\" class=\"alignnone size-full wp-image-73435\" src=\"http:\/\/folhadosudeste.com\/site\/wp-content\/uploads\/2020\/12\/Dr.-Marcos-Guarino.jpeg\" alt=\"\" width=\"800\" height=\"800\" srcset=\"http:\/\/folhadosudeste.com\/site\/wp-content\/uploads\/2020\/12\/Dr.-Marcos-Guarino.jpeg 800w, http:\/\/folhadosudeste.com\/site\/wp-content\/uploads\/2020\/12\/Dr.-Marcos-Guarino-150x150.jpeg 150w, http:\/\/folhadosudeste.com\/site\/wp-content\/uploads\/2020\/12\/Dr.-Marcos-Guarino-300x300.jpeg 300w, http:\/\/folhadosudeste.com\/site\/wp-content\/uploads\/2020\/12\/Dr.-Marcos-Guarino-768x768.jpeg 768w\" sizes=\"auto, (max-width: 800px) 100vw, 800px\" \/><\/a><\/p>\n<p style=\"text-align: justify;\">O m\u00e9dico e pediatra Marcos Guarino de Oliveira retorna \u00e0 Secretaria Municipal de Sa\u00fade. Ele j\u00e1 havia comandado a pasta durante os dois primeiros mandatos de Jos\u00e9 Braz, entre 2005 e 2012, quando ajudou a promover uma verdadeira transforma\u00e7\u00e3o na sa\u00fade p\u00fablica de Muria\u00e9.&nbsp;<\/p>\n<p style=\"text-align: justify;\">Marcos Guarino tem 63 anos e acumula vasta experi\u00eancia administrativa em sua trajet\u00f3ria. Al\u00e9m de secret\u00e1rio municipal de Sa\u00fade, foi tamb\u00e9m diretor cl\u00ednico do Hospital S\u00e3o Paulo; presidente da APAE Muria\u00e9; diretor administrativo e conselheiro fiscal da Unimed Muria\u00e9; e delegado do Conselho Regional de Medicina, dentre outras atividades.<\/p>\n<p style=\"text-align: justify;\">&nbsp;<\/p>\n<p style=\"text-align: justify;\">&nbsp; &nbsp; &nbsp; &nbsp; &nbsp; &nbsp; &nbsp; &nbsp; &nbsp; &nbsp; &nbsp; &nbsp; &nbsp; &nbsp; &nbsp; &nbsp; &nbsp; &nbsp; &nbsp; &nbsp; &nbsp; &nbsp; &nbsp; &nbsp; &nbsp;<\/p>\n","protected":false},"excerpt":{"rendered":"<p>Foto: Silvan Alves&nbsp;&nbsp; O empres\u00e1rio Jos\u00e9 Braz, 95 anos, eleito prefeito de Muria\u00e9, para o terceiro mandato, anunciou na manh\u00e3 desta quinta-feira, 24 de dezembro, o primeiro escal\u00e3o da prefeitura Gest\u00e3o 2021-2024.&nbsp;O evento seguiu os protocolos de seguran\u00e7a e aconteceu no audit\u00f3rio do Rodovi\u00e1rio L\u00edder, empresa a qual Jos\u00e9 Braz fundou e administra ao lado [&hellip;]<\/p>\n","protected":false},"author":6,"featured_media":0,"comment_status":"open","ping_status":"closed","sticky":false,"template":"","format":"standard","meta":{"_joinchat":[],"footnotes":""},"categories":[1],"tags":[],"class_list":["post-73423","post","type-post","status-publish","format-standard","hentry","category-sem-categoria"],"_links":{"self":[{"href":"http:\/\/folhadosudeste.com\/site\/index.php?rest_route=\/wp\/v2\/posts\/73423","targetHints":{"allow":["GET"]}}],"collection":[{"href":"http:\/\/folhadosudeste.com\/site\/index.php?rest_route=\/wp\/v2\/posts"}],"about":[{"href":"http:\/\/folhadosudeste.com\/site\/index.php?rest_route=\/wp\/v2\/types\/post"}],"author":[{"embeddable":true,"href":"http:\/\/folhadosudeste.com\/site\/index.php?rest_route=\/wp\/v2\/users\/6"}],"replies":[{"embeddable":true,"href":"http:\/\/folhadosudeste.com\/site\/index.php?rest_route=%2Fwp%2Fv2%2Fcomments&post=73423"}],"version-history":[{"count":1,"href":"http:\/\/folhadosudeste.com\/site\/index.php?rest_route=\/wp\/v2\/posts\/73423\/revisions"}],"predecessor-version":[{"id":73437,"href":"http:\/\/folhadosudeste.com\/site\/index.php?rest_route=\/wp\/v2\/posts\/73423\/revisions\/73437"}],"wp:attachment":[{"href":"http:\/\/folhadosudeste.com\/site\/index.php?rest_route=%2Fwp%2Fv2%2Fmedia&parent=73423"}],"wp:term":[{"taxonomy":"category","embeddable":true,"href":"http:\/\/folhadosudeste.com\/site\/index.php?rest_route=%2Fwp%2Fv2%2Fcategories&post=73423"},{"taxonomy":"post_tag","embeddable":true,"href":"http:\/\/folhadosudeste.com\/site\/index.php?rest_route=%2Fwp%2Fv2%2Ftags&post=73423"}],"curies":[{"name":"wp","href":"https:\/\/api.w.org\/{rel}","templated":true}]}}