{"id":73442,"date":"2020-12-29T02:12:01","date_gmt":"2020-12-29T02:12:01","guid":{"rendered":"http:\/\/folhadosudeste.com\/site\/?p=73442"},"modified":"2020-12-29T02:12:01","modified_gmt":"2020-12-29T02:12:01","slug":"morre-a-matriarca-da-familia-brambila-aos-88-anos-vitima-do-coronavirus","status":"publish","type":"post","link":"http:\/\/folhadosudeste.com\/site\/?p=73442","title":{"rendered":"Morre a Matriarca da fam\u00edlia Brambila aos 88 anos v\u00edtima do coronavirus"},"content":{"rendered":"<p><a href=\"http:\/\/folhadosudeste.com\/site\/wp-content\/uploads\/2020\/12\/2dbdd482-7e5f-42cb-9060-4597fc484a51.jpg\"><img loading=\"lazy\" decoding=\"async\" class=\"alignnone size-full wp-image-73443\" src=\"http:\/\/folhadosudeste.com\/site\/wp-content\/uploads\/2020\/12\/2dbdd482-7e5f-42cb-9060-4597fc484a51.jpg\" alt=\"\" width=\"720\" height=\"945\" srcset=\"http:\/\/folhadosudeste.com\/site\/wp-content\/uploads\/2020\/12\/2dbdd482-7e5f-42cb-9060-4597fc484a51.jpg 720w, http:\/\/folhadosudeste.com\/site\/wp-content\/uploads\/2020\/12\/2dbdd482-7e5f-42cb-9060-4597fc484a51-229x300.jpg 229w\" sizes=\"auto, (max-width: 720px) 100vw, 720px\" \/><\/a><\/p>\n<p style=\"text-align: justify;\">Morreu na manh\u00e3 desta segunda-feira, 28 de dezembro no Hospital S\u00e3o Paulo, aos 88 anos a Matriarca da fam\u00edlia Brambila, Maria Emaculada da Silva Brambila, mais conhecida carinhosamente por todos como dona Imaculada, mais uma v\u00edtima do coronav\u00edrus.&nbsp;Dona Imaculada \u00e9 m\u00e3e de 16 filhos, 30 netos e 30 bisnetos, ela deixa uma hist\u00f3ria de vida muito bonita. Sempre alegre e sorridente ela recebia a fam\u00edlia e amigos em sua resid\u00eancia para um almo\u00e7o ou um churrasco aos domingos e tamb\u00e9m nas datas comemorativas.<\/p>\n<p style=\"text-align: justify;\">N\u00e3o p\u00f4de ter vel\u00f3rio. Mas teve um cortejo que saiu do hospital e passou pelo o bairro Quinta das Flores at\u00e9 o cemit\u00e9rio municipal, onde a fam\u00edlia acompanhou at\u00e9 o \u00faltimo momento, mesmo sem poder v\u00ea-la e toca-l\u00e1. Mas puderam dar o adeus em ora\u00e7\u00e3o e com muito sentimentos.\u00c9 com o cora\u00e7\u00e3o apertado e muita dor que despedimos dessa guerreira que lutou pela vida em&nbsp;quanto Deus permitiu. Agora nos resta as boas lembran\u00e7as. &#8216;V\u00e1 em paz V\u00f3 Imaculada&#8217;.<\/p>\n<p><!--more--><\/p>\n<p><a href=\"http:\/\/folhadosudeste.com\/site\/wp-content\/uploads\/2020\/12\/69811898_1141731572678287_7254198689202176000_o.jpg\"><img loading=\"lazy\" decoding=\"async\" class=\"alignnone size-full wp-image-73444\" src=\"http:\/\/folhadosudeste.com\/site\/wp-content\/uploads\/2020\/12\/69811898_1141731572678287_7254198689202176000_o.jpg\" alt=\"\" width=\"1280\" height=\"960\" srcset=\"http:\/\/folhadosudeste.com\/site\/wp-content\/uploads\/2020\/12\/69811898_1141731572678287_7254198689202176000_o.jpg 1280w, http:\/\/folhadosudeste.com\/site\/wp-content\/uploads\/2020\/12\/69811898_1141731572678287_7254198689202176000_o-300x225.jpg 300w, http:\/\/folhadosudeste.com\/site\/wp-content\/uploads\/2020\/12\/69811898_1141731572678287_7254198689202176000_o-768x576.jpg 768w, http:\/\/folhadosudeste.com\/site\/wp-content\/uploads\/2020\/12\/69811898_1141731572678287_7254198689202176000_o-1024x768.jpg 1024w\" sizes=\"auto, (max-width: 1280px) 100vw, 1280px\" \/><\/a><\/p>\n<p><a href=\"http:\/\/folhadosudeste.com\/site\/wp-content\/uploads\/2020\/12\/132666080_3566720900070217_2643339785215710580_o.jpg\"><img loading=\"lazy\" decoding=\"async\" class=\"alignnone size-full wp-image-73445\" src=\"http:\/\/folhadosudeste.com\/site\/wp-content\/uploads\/2020\/12\/132666080_3566720900070217_2643339785215710580_o.jpg\" alt=\"\" width=\"1280\" height=\"960\" srcset=\"http:\/\/folhadosudeste.com\/site\/wp-content\/uploads\/2020\/12\/132666080_3566720900070217_2643339785215710580_o.jpg 1280w, http:\/\/folhadosudeste.com\/site\/wp-content\/uploads\/2020\/12\/132666080_3566720900070217_2643339785215710580_o-300x225.jpg 300w, http:\/\/folhadosudeste.com\/site\/wp-content\/uploads\/2020\/12\/132666080_3566720900070217_2643339785215710580_o-768x576.jpg 768w, http:\/\/folhadosudeste.com\/site\/wp-content\/uploads\/2020\/12\/132666080_3566720900070217_2643339785215710580_o-1024x768.jpg 1024w\" sizes=\"auto, (max-width: 1280px) 100vw, 1280px\" \/><\/a><\/p>\n","protected":false},"excerpt":{"rendered":"<p>Morreu na manh\u00e3 desta segunda-feira, 28 de dezembro no Hospital S\u00e3o Paulo, aos 88 anos a Matriarca da fam\u00edlia Brambila, Maria Emaculada da Silva Brambila, mais conhecida carinhosamente por todos como dona Imaculada, mais uma v\u00edtima do coronav\u00edrus.&nbsp;Dona Imaculada \u00e9 m\u00e3e de 16 filhos, 30 netos e 30 bisnetos, ela deixa uma hist\u00f3ria de vida [&hellip;]<\/p>\n","protected":false},"author":6,"featured_media":0,"comment_status":"open","ping_status":"closed","sticky":false,"template":"","format":"standard","meta":{"_joinchat":[],"footnotes":""},"categories":[1],"tags":[],"class_list":["post-73442","post","type-post","status-publish","format-standard","hentry","category-sem-categoria"],"_links":{"self":[{"href":"http:\/\/folhadosudeste.com\/site\/index.php?rest_route=\/wp\/v2\/posts\/73442","targetHints":{"allow":["GET"]}}],"collection":[{"href":"http:\/\/folhadosudeste.com\/site\/index.php?rest_route=\/wp\/v2\/posts"}],"about":[{"href":"http:\/\/folhadosudeste.com\/site\/index.php?rest_route=\/wp\/v2\/types\/post"}],"author":[{"embeddable":true,"href":"http:\/\/folhadosudeste.com\/site\/index.php?rest_route=\/wp\/v2\/users\/6"}],"replies":[{"embeddable":true,"href":"http:\/\/folhadosudeste.com\/site\/index.php?rest_route=%2Fwp%2Fv2%2Fcomments&post=73442"}],"version-history":[{"count":1,"href":"http:\/\/folhadosudeste.com\/site\/index.php?rest_route=\/wp\/v2\/posts\/73442\/revisions"}],"predecessor-version":[{"id":73446,"href":"http:\/\/folhadosudeste.com\/site\/index.php?rest_route=\/wp\/v2\/posts\/73442\/revisions\/73446"}],"wp:attachment":[{"href":"http:\/\/folhadosudeste.com\/site\/index.php?rest_route=%2Fwp%2Fv2%2Fmedia&parent=73442"}],"wp:term":[{"taxonomy":"category","embeddable":true,"href":"http:\/\/folhadosudeste.com\/site\/index.php?rest_route=%2Fwp%2Fv2%2Fcategories&post=73442"},{"taxonomy":"post_tag","embeddable":true,"href":"http:\/\/folhadosudeste.com\/site\/index.php?rest_route=%2Fwp%2Fv2%2Ftags&post=73442"}],"curies":[{"name":"wp","href":"https:\/\/api.w.org\/{rel}","templated":true}]}}