{"id":73451,"date":"2021-01-04T16:47:04","date_gmt":"2021-01-04T16:47:04","guid":{"rendered":"http:\/\/folhadosudeste.com\/site\/?p=73451"},"modified":"2021-01-04T16:47:04","modified_gmt":"2021-01-04T16:47:04","slug":"educacao-de-sao-sebastiao-da-vargem-alegre-e-reconhecida-em-premiacao-nacional","status":"publish","type":"post","link":"http:\/\/folhadosudeste.com\/site\/?p=73451","title":{"rendered":"Educa\u00e7\u00e3o de S\u00e3o Sebasti\u00e3o da Vargem Alegre \u00e9 reconhecida em premia\u00e7\u00e3o nacional"},"content":{"rendered":"<p><a href=\"http:\/\/folhadosudeste.com\/site\/wp-content\/uploads\/2021\/01\/Pr\u00eamio-PVE-2020.jpg\"><img loading=\"lazy\" decoding=\"async\" class=\"alignnone size-full wp-image-73452\" src=\"http:\/\/folhadosudeste.com\/site\/wp-content\/uploads\/2021\/01\/Pr\u00eamio-PVE-2020.jpg\" alt=\"\" width=\"2048\" height=\"1147\" srcset=\"http:\/\/folhadosudeste.com\/site\/wp-content\/uploads\/2021\/01\/Pr\u00eamio-PVE-2020.jpg 2048w, http:\/\/folhadosudeste.com\/site\/wp-content\/uploads\/2021\/01\/Pr\u00eamio-PVE-2020-300x168.jpg 300w, http:\/\/folhadosudeste.com\/site\/wp-content\/uploads\/2021\/01\/Pr\u00eamio-PVE-2020-768x430.jpg 768w, http:\/\/folhadosudeste.com\/site\/wp-content\/uploads\/2021\/01\/Pr\u00eamio-PVE-2020-1024x574.jpg 1024w\" sizes=\"auto, (max-width: 2048px) 100vw, 2048px\" \/><\/a><\/p>\n<p style=\"font-weight: 400; text-align: justify;\"><em>A cidade foi uma das vencedoras do Pr\u00eamio PVE 2020, que contemplou as melhores experi\u00eancias de ensino remoto, relacionamento familiar e protagonismo juvenil<\/em><\/p>\n<p style=\"font-weight: 400; text-align: justify;\">S\u00e3o Sebasti\u00e3o da Vargem Alegre foi um dos destaques da edi\u00e7\u00e3o 2020 do Pr\u00eamio Parceria pela Valoriza\u00e7\u00e3o da Educa\u00e7\u00e3o (PVE), promovido pelo Instituto Votorantim, por meio da Companhia Brasileira de Alum\u00ednio (CBA), com o objetivo de contribuir com a melhoria da educa\u00e7\u00e3o p\u00fablica nos munic\u00edpios onde atuam. Por meio de cerim\u00f4nia virtual, a cidade mineira foi uma das vencedoras na categoria \u201cExperi\u00eancias de Ensino\u201d.<\/p>\n<p style=\"font-weight: 400; text-align: justify;\">Diante do cen\u00e1rio da pandemia da Covid-19, S\u00e3o Sebasti\u00e3o da Vargem Alegre, que participa do programa desde 2018, n\u00e3o se preocupou somente com a entrega de materiais did\u00e1ticos, mas tamb\u00e9m com o acolhimento emocional dos estudantes e com mensagens de incentivo aos familiares e respons\u00e1veis. O munic\u00edpio tamb\u00e9m se empenhou em informar e preparar as fam\u00edlias sobre o plano de aprendizagem remota municipal, por meio de v\u00eddeos, cartas de informa\u00e7\u00f5es e kits com m\u00e1scaras e \u00e1lcool gel.<\/p>\n<p style=\"font-weight: 400; text-align: justify;\">Nessa edi\u00e7\u00e3o, o Pr\u00eamio PVE reconheceu pr\u00e1ticas inspiradoras nos munic\u00edpios participantes que garantiram a manuten\u00e7\u00e3o da aprendizagem dos alunos durante a pandemia. Assim, foram destacadas as 16 melhores experi\u00eancias de ensino remoto, estrat\u00e9gias de relacionamento com as fam\u00edlias e iniciativas de protagonismo jovem. A inten\u00e7\u00e3o \u00e9 reconhecer e disseminar hist\u00f3rias de supera\u00e7\u00e3o por meio de v\u00eddeos e anima\u00e7\u00f5es.<\/p>\n<p style=\"font-weight: 400; text-align: justify;\">Em 2020, o PVE esteve presente em 75 munic\u00edpios de 15 estados brasileiros, contando com a participa\u00e7\u00e3o de mais de mil escolas e impactando 386 mil estudantes. Os v\u00eddeos das cidades vencedoras est\u00e3o dispon\u00edveis na p\u00e1gina do programa no Facebook (<a href=\"https:\/\/www.facebook.com\/pvenacional\" data-saferedirecturl=\"https:\/\/www.google.com\/url?q=https:\/\/www.facebook.com\/pvenacional&amp;source=gmail&amp;ust=1609864733842000&amp;usg=AFQjCNHd7BAHgDJAEYO_eRmr1rnhujoZnw\">https:\/\/www.facebook.com\/pvenacional<\/a>).<\/p>\n<p style=\"font-weight: 400; text-align: justify;\"><strong>Programa Parceria pela Valoriza\u00e7\u00e3o da Educa\u00e7\u00e3o (PVE)<\/strong><\/p>\n<p style=\"font-weight: 400; text-align: justify;\">O Programa e\u0301 uma iniciativa do Instituto Votorantim e das empresas investidas e parceiras da Votorantim, comprometidos com a melhoria da educa\u00e7\u00e3o p\u00fablica a partir da qualifica\u00e7\u00e3o de pr\u00e1ticas de gest\u00e3o e de mobiliza\u00e7\u00e3o social de comunidades.<\/p>\n<p style=\"font-weight: 400; text-align: justify;\">Existente desde 2008, o Programa atua em tr\u00eas frentes: Gest\u00e3o Educacional, Gest\u00e3o Escolar e Mobiliza\u00e7\u00e3o Social. Para o fortalecimento da gest\u00e3o, o PVE contribui diretamente para a qualifica\u00e7\u00e3o da oferta de ensino. As a\u00e7\u00f5es buscam o desenvolvimento de compet\u00eancias profissionais de t\u00e9cnicos das secretarias de Educa\u00e7\u00e3o, gestores educacionais e escolares. O programa busca refor\u00e7ar a cultura de forma\u00e7\u00e3o continuada de profissionais de educa\u00e7\u00e3o como um todo.<\/p>\n<p style=\"font-weight: 400; text-align: justify;\">Em mobiliza\u00e7\u00e3o social, o foco \u00e9 o engajamento da comunidade, visando o aumento da participa\u00e7\u00e3o local nas demandas por uma educa\u00e7\u00e3o de qualidade. S\u00e3o utilizadas ferramentas que aproximam as fam\u00edlias das escolas, incentivando e fortalecendo os conselhos escolares e estimulando o protagonismo infantil.<\/p>\n<p style=\"font-weight: 400; text-align: justify;\"><strong>Pr\u00eamio PVE<\/strong><\/p>\n<p style=\"font-weight: 400; text-align: justify;\">O Pr\u00eamio PVE foi criado em 2017 e seu principal objetivo \u00e9 ampliar a mobiliza\u00e7\u00e3o e o compromisso dos diferentes atores dos munic\u00edpios envolvidos nas iniciativas do PVE, al\u00e9m de dar luz a boas pr\u00e1ticas e a\u00e7\u00f5es desenvolvidas no \u00e2mbito do Programa.<\/p>\n<p style=\"font-weight: 400; text-align: justify;\">O Pr\u00eamio PVE 2020 reconheceu pr\u00e1ticas inspiradoras que aconteceram nos munic\u00edpios e garantiram a manuten\u00e7\u00e3o da aprendizagem dos alunos durante a pandemia. Foram destacadas as 16 melhores experi\u00eancias de ensino remoto, estrat\u00e9gias de relacionamento com as fam\u00edlias e iniciativas de protagonismo jovem.<\/p>\n","protected":false},"excerpt":{"rendered":"<p>A cidade foi uma das vencedoras do Pr\u00eamio PVE 2020, que contemplou as melhores experi\u00eancias de ensino remoto, relacionamento familiar e protagonismo juvenil S\u00e3o Sebasti\u00e3o da Vargem Alegre foi um dos destaques da edi\u00e7\u00e3o 2020 do Pr\u00eamio Parceria pela Valoriza\u00e7\u00e3o da Educa\u00e7\u00e3o (PVE), promovido pelo Instituto Votorantim, por meio da Companhia Brasileira de Alum\u00ednio (CBA), [&hellip;]<\/p>\n","protected":false},"author":6,"featured_media":0,"comment_status":"open","ping_status":"closed","sticky":false,"template":"","format":"standard","meta":{"_joinchat":[],"footnotes":""},"categories":[1],"tags":[],"class_list":["post-73451","post","type-post","status-publish","format-standard","hentry","category-sem-categoria"],"_links":{"self":[{"href":"http:\/\/folhadosudeste.com\/site\/index.php?rest_route=\/wp\/v2\/posts\/73451","targetHints":{"allow":["GET"]}}],"collection":[{"href":"http:\/\/folhadosudeste.com\/site\/index.php?rest_route=\/wp\/v2\/posts"}],"about":[{"href":"http:\/\/folhadosudeste.com\/site\/index.php?rest_route=\/wp\/v2\/types\/post"}],"author":[{"embeddable":true,"href":"http:\/\/folhadosudeste.com\/site\/index.php?rest_route=\/wp\/v2\/users\/6"}],"replies":[{"embeddable":true,"href":"http:\/\/folhadosudeste.com\/site\/index.php?rest_route=%2Fwp%2Fv2%2Fcomments&post=73451"}],"version-history":[{"count":1,"href":"http:\/\/folhadosudeste.com\/site\/index.php?rest_route=\/wp\/v2\/posts\/73451\/revisions"}],"predecessor-version":[{"id":73453,"href":"http:\/\/folhadosudeste.com\/site\/index.php?rest_route=\/wp\/v2\/posts\/73451\/revisions\/73453"}],"wp:attachment":[{"href":"http:\/\/folhadosudeste.com\/site\/index.php?rest_route=%2Fwp%2Fv2%2Fmedia&parent=73451"}],"wp:term":[{"taxonomy":"category","embeddable":true,"href":"http:\/\/folhadosudeste.com\/site\/index.php?rest_route=%2Fwp%2Fv2%2Fcategories&post=73451"},{"taxonomy":"post_tag","embeddable":true,"href":"http:\/\/folhadosudeste.com\/site\/index.php?rest_route=%2Fwp%2Fv2%2Ftags&post=73451"}],"curies":[{"name":"wp","href":"https:\/\/api.w.org\/{rel}","templated":true}]}}