{"id":73558,"date":"2021-01-10T13:59:56","date_gmt":"2021-01-10T13:59:56","guid":{"rendered":"http:\/\/folhadosudeste.com\/site\/?p=73558"},"modified":"2021-01-10T14:14:41","modified_gmt":"2021-01-10T14:14:41","slug":"apos-renuncia-de-prefeito-espera-feliz-tera-novas-eleicoes-em-2021","status":"publish","type":"post","link":"http:\/\/folhadosudeste.com\/site\/?p=73558","title":{"rendered":"Vice renuncia 8 dias ap\u00f3s assumir vaga de prefeito que morreu em Espera Feliz (MG); presidente da C\u00e2mara assume at\u00e9 nova elei\u00e7\u00e3o"},"content":{"rendered":"<p>&nbsp;<\/p>\n<p><a href=\"http:\/\/folhadosudeste.com\/site\/wp-content\/uploads\/2021\/01\/whatsapp-image-2021-01-08-at-17.45.52.jpeg\"><img loading=\"lazy\" decoding=\"async\" class=\"alignnone size-full wp-image-73565\" src=\"http:\/\/folhadosudeste.com\/site\/wp-content\/uploads\/2021\/01\/whatsapp-image-2021-01-08-at-17.45.52.jpeg\" alt=\"\" width=\"984\" height=\"852\" srcset=\"http:\/\/folhadosudeste.com\/site\/wp-content\/uploads\/2021\/01\/whatsapp-image-2021-01-08-at-17.45.52.jpeg 984w, http:\/\/folhadosudeste.com\/site\/wp-content\/uploads\/2021\/01\/whatsapp-image-2021-01-08-at-17.45.52-300x260.jpeg 300w, http:\/\/folhadosudeste.com\/site\/wp-content\/uploads\/2021\/01\/whatsapp-image-2021-01-08-at-17.45.52-768x665.jpeg 768w\" sizes=\"auto, (max-width: 984px) 100vw, 984px\" \/><\/a> &nbsp; &nbsp;<\/p>\n<h2 class=\"content-head__subtitle\">Rafael Peixoto (Cidadania) assumiu Prefeitura ap\u00f3s falecimento de Dr. Maur\u00e9lio Carlos (PDT) em decorr\u00eancia de complica\u00e7\u00f5es causadas pela Covid-19. Cidade ter\u00e1 uma nova elei\u00e7\u00e3o nos pr\u00f3ximos meses.<\/h2>\n<p>&nbsp;<\/p>\n<p style=\"text-align: justify;\">O vice-prefeito Rafael Peixoto (Cidadania), que assumiu a Prefeitura&nbsp;<a href=\"https:\/\/g1.globo.com\/mg\/zona-da-mata\/noticia\/2020\/12\/31\/prefeito-eleito-de-espera-feliz-morre-vitima-da-covid-19.ghtml\">ap\u00f3s a morte do prefeito Dr Maur\u00e9lio Carlos (PDT)<\/a>&nbsp;renunciou em Espera Feliz. A informa\u00e7\u00e3o foi confirmada ao&nbsp;<strong>G1<\/strong>&nbsp;pela Prefeitura nesta sexta-feira (8) atrav\u00e9s de uma carta.&nbsp;<strong>(Veja abaixo a \u00edntegra do documento).<\/strong><\/p>\n<div class=\"mc-column content-text active-extra-styles \" style=\"text-align: justify;\" data-block-type=\"unstyled\" data-block-weight=\"38\" data-block-id=\"3\">\n<p class=\"content-text__container \" data-track-category=\"Link no Texto\" data-track-links=\"\"><a href=\"https:\/\/g1.globo.com\/mg\/zona-da-mata\/noticia\/2020\/11\/16\/dr-maurelio-do-pdt-e-eleito-prefeito-de-espera-feliz.ghtml\">Dr. Maur\u00e9lio Carlos (PDT)<\/a>&nbsp;morreu no dia 31 de dezembro de 2020 em decorr\u00eancia de complica\u00e7\u00f5es causadas pela Covid-19. Ele tinha 76 anos e era m\u00e9dico. Ap\u00f3s a morte dele, Rafael Peixoto assumiu o Executivo por 8 dias.<\/p>\n<p data-track-category=\"Link no Texto\" data-track-links=\"\">&nbsp;<\/p>\n<\/div>\n<p><!--more--><\/p>\n<div class=\"mc-column content-text active-extra-styles \" style=\"text-align: justify;\" data-block-type=\"unstyled\" data-block-weight=\"41\" data-block-id=\"4\">\n<p class=\"content-text__container \" data-track-category=\"Link no Texto\" data-track-links=\"\">Segundo Rafael Peixoto, a decis\u00e3o foi tomada ap\u00f3s &#8220;profunda reflex\u00e3o acerca de todo um processo que, na ess\u00eancia, se trata totalmente de ordem pessoal, somado ao meu not\u00f3rio desgaste f\u00edsico, mental e falta de compatibilidade de tempo com minha profiss\u00e3o&#8221;.<\/p>\n<\/div>\n<div class=\"mc-column content-text active-extra-styles \" style=\"text-align: justify;\" data-block-type=\"unstyled\" data-block-weight=\"26\" data-block-id=\"5\">\n<p class=\"content-text__container \" data-track-category=\"Link no Texto\" data-track-links=\"\">De acordo com a Justi\u00e7a Eleitoral,<span class=\"highlight highlighted\">&nbsp;o presidente da C\u00e2mara de Vereadores, R\u00f4mulo Quint\u00e3o (PDT), assume a Administra\u00e7\u00e3o de Espera Feliz at\u00e9 uma nova elei\u00e7\u00e3o.<\/span><\/p>\n<\/div>\n<div class=\"mc-column content-text active-extra-styles \" style=\"text-align: justify;\" data-block-type=\"unstyled\" data-block-weight=\"23\" data-block-id=\"6\">\n<p class=\"content-text__container \" data-track-category=\"Link no Texto\" data-track-links=\"\">A vota\u00e7\u00e3o&nbsp;<strong>deve ocorrer em abril<\/strong>, no entanto, o Tribunal Regional Eleitoral de Minas Gerais (TRE-MG) ainda precisa ser comunicado do ocorrido.<\/p>\n<\/div>\n<div class=\"mc-column content-text active-extra-styles\" style=\"text-align: justify;\" data-block-type=\"raw\" data-block-weight=\"3\" data-block-id=\"7\">\n<div class=\"content-intertitle\">\n<h2>Carta de renuncia<\/h2>\n<\/div>\n<\/div>\n<div class=\"mc-column content-text active-extra-styles \" style=\"text-align: justify;\" data-block-type=\"unstyled\" data-block-weight=\"5\" data-block-id=\"8\">\n<p class=\"content-text__container \" data-track-category=\"Link no Texto\" data-track-links=\"\"><em>&#8220;Caros amigos de Espera Feliz,<\/em><\/p>\n<\/div>\n<div class=\"mc-column content-text active-extra-styles \" style=\"text-align: justify;\" data-block-type=\"unstyled\" data-block-weight=\"17\" data-block-id=\"9\">\n<p class=\"content-text__container \" data-track-category=\"Link no Texto\" data-track-links=\"\"><em>Hoje, 08 de Janeiro de 2021, RENUNCIO ao cargo de Prefeito da cidade de Espera Feliz.<\/em><\/p>\n<\/div>\n<div class=\"mc-column content-text active-extra-styles \" style=\"text-align: justify;\" data-block-type=\"unstyled\" data-block-weight=\"41\" data-block-id=\"10\">\n<p class=\"content-text__container \" data-track-category=\"Link no Texto\" data-track-links=\"\"><em>Esta decis\u00e3o foi tomada ap\u00f3s profunda reflex\u00e3o acerca de todo um processo que, em sua ess\u00eancia, se trata totalmente de ordem pessoal, somado ao meu not\u00f3rio desgaste f\u00edsico, mental e falta de compatibilidade de tempo com minha profiss\u00e3o.<\/em><\/p>\n<\/div>\n<div class=\"content-ads content-ads--reveal\" data-block-type=\"ads\" data-block-id=\"11\">\n<div id=\"banner_materia2\" class=\"tag-manager-publicidade-container mc-has-reveal mc-has-ad-lazyload tag-manager-publicidade-banner_materia2 tag-manager-publicidade-container--carregado tag-manager-publicidade-container--visivel\" data-id=\"banner_materia2\" data-req=\"true\" data-cid=\"138336046368\" data-lid=\"5580432906\" data-google-query-id=\"CMD5l6DFke4CFbgwuQYdyg0PFw\">\n<div class=\"mc-column content-text active-extra-styles \" style=\"text-align: justify;\" data-block-type=\"unstyled\" data-block-weight=\"55\" data-block-id=\"12\">\n<p class=\"content-text__container \" data-track-category=\"Link no Texto\" data-track-links=\"\"><em>A todo o tempo, desde as primeiras reuni\u00f5es para se montar coliga\u00e7\u00e3o para a elei\u00e7\u00e3o, sempre disse que meu momento pessoal, familiar e profissional n\u00e3o me possibilitaria assumir o cargo de Prefeito Municipal, mas por uma fatalidade, nunca antes vista em Espera Feliz, esse cargo veio a cair em minhas m\u00e3os.<\/em><\/p>\n<\/div>\n<div class=\"mc-column content-text active-extra-styles \" style=\"text-align: justify;\" data-block-type=\"unstyled\" data-block-weight=\"18\" data-block-id=\"13\">\n<p class=\"content-text__container \" data-track-category=\"Link no Texto\" data-track-links=\"\"><em>Agrade\u00e7o a Deus por ter me proporcionado essa pequena experi\u00eancia \u00e0 frente da administra\u00e7\u00e3o municipal.<\/em><\/p>\n<\/div>\n<div class=\"mc-column content-text active-extra-styles \" style=\"text-align: justify;\" data-block-type=\"unstyled\" data-block-weight=\"14\" data-block-id=\"14\">\n<p class=\"content-text__container \" data-track-category=\"Link no Texto\" data-track-links=\"\"><em>Sou imensamente grato \u00e0 equipe que me ajudou a governar e aos servidores municipais.<\/em><\/p>\n<\/div>\n<div class=\"mc-column content-text active-extra-styles \" style=\"text-align: justify;\" data-block-type=\"unstyled\" data-block-weight=\"61\" data-block-id=\"15\">\n<p class=\"content-text__container \" data-track-category=\"Link no Texto\" data-track-links=\"\"><em>Ao povo s\u00f3 tenho a agradecer pela confian\u00e7a e pelo carinho caracterizados nas elei\u00e7\u00f5es em que tive a oportunidade de concorrer como vice-prefeito e sair vitorioso nas urnas, bem como nas muitas manifesta\u00e7\u00f5es quando ando pelas ruas da cidade, tanto no meio urbano quando no meio rural. Rogo a todos que compreendam este momento e esta decis\u00e3o.<\/em><\/p>\n<\/div>\n<div class=\"mc-column content-text active-extra-styles \" style=\"text-align: justify;\" data-block-type=\"unstyled\" data-block-weight=\"79\" data-block-id=\"16\">\n<p class=\"content-text__container \" data-track-category=\"Link no Texto\" data-track-links=\"\"><em>Pe\u00e7o a toda equipe que hoje ajuda a governar o munic\u00edpio que continue trabalhando unida e com afinco em prol da nossa gente. A toler\u00e2ncia, o perd\u00e3o, a parceria, o companheirismo, a seriedade e acima de tudo a honestidade s\u00e3o fundamentais em qualquer empreitada, principalmente na condi\u00e7\u00e3o em que se administra o dinheiro p\u00fablico e onde o maior patr\u00e3o de todos \u00e9 o cidad\u00e3o que paga as obras, os servi\u00e7os e ainda o nosso sal\u00e1rio.<\/em><\/p>\n<\/div>\n<div class=\"mc-column content-text active-extra-styles \" style=\"text-align: justify;\" data-block-type=\"unstyled\" data-block-weight=\"40\" data-block-id=\"17\">\n<p class=\"content-text__container \" data-track-category=\"Link no Texto\" data-track-links=\"\"><em>Gostaria de deixar claro, que continuarei junto aos projetos que participo, de forma volunt\u00e1ria, em prol de Espera Feliz, e que, agora a cidade poder\u00e1 escolher o pr\u00f3ximo prefeito com novas elei\u00e7\u00f5es, fazendo assim a vontade popular.<\/em><\/p>\n<\/div>\n<div class=\"mc-column content-text active-extra-styles \" style=\"text-align: justify;\" data-block-type=\"unstyled\" data-block-weight=\"60\" data-block-id=\"18\">\n<p class=\"content-text__container \" data-track-category=\"Link no Texto\" data-track-links=\"\"><em>Por fim, gostaria de deixar um agradecimento especial, primeiramente a Deus por me dar for\u00e7a para lutar, a todos da minha fam\u00edlia que sempre estiveram ao meu lado nessa caminhada, e aos amigos, pacientes e funcion\u00e1rios. Esclare\u00e7o, ainda, que o sal\u00e1rio relativo aos dias em que fiquei no cargo, ser\u00e1 integralmente doado a uma institui\u00e7\u00e3o de caridade.<\/em><\/p>\n<\/div>\n<div class=\"content-ads content-ads--reveal\" data-block-type=\"ads\" data-block-id=\"19\">\n<div id=\"banner_materia__7e1653f3-c726-4a3b-93ac-689e971f7186\" class=\"tag-manager-publicidade-container mc-has-reveal mc-has-ad-lazyload tag-manager-publicidade-banner_materia__7e1653f3-c726-4a3b-93ac-689e971f7186 tag-manager-publicidade-container--carregado tag-manager-publicidade-container--visivel\" data-id=\"banner_materia__7e1653f3-c726-4a3b-93ac-689e971f7186\" data-req=\"true\" data-cid=\"138335024960\" data-lid=\"5571552220\" data-google-query-id=\"CKX4xqHFke4CFdAGuQYdq9YEPA\">\n<div class=\"mc-column content-text active-extra-styles \" style=\"text-align: justify;\" data-block-type=\"unstyled\" data-block-weight=\"7\" data-block-id=\"20\">\n<p class=\"content-text__container \" data-track-category=\"Link no Texto\" data-track-links=\"\"><em>Espera Feliz, 08 de Janeiro de 2021<\/em><\/p>\n<\/div>\n<div class=\"mc-column content-text active-extra-styles \" style=\"text-align: justify;\" data-block-type=\"unstyled\" data-block-weight=\"3\" data-block-id=\"21\">\n<p class=\"content-text__container \" data-track-category=\"Link no Texto\" data-track-links=\"\"><em>Rafael Peixoto Moraes<\/em><\/p>\n<\/div>\n<div class=\"mc-column content-text active-extra-styles \" style=\"text-align: justify;\" data-block-type=\"unstyled\" data-block-weight=\"2\" data-block-id=\"22\">\n<p class=\"content-text__container \" data-track-category=\"Link no Texto\" data-track-links=\"\"><em>Prefeito Municipal&#8221;.<\/em><\/p>\n<p data-track-category=\"Link no Texto\" data-track-links=\"\">Fonte: G1\\Zona da Mata&nbsp;<\/p>\n<\/div>\n<div data-track-category=\"multicontent\" data-track-action=\"ultimo chunk conteudo\" data-track-noninteraction=\"false\" data-track-scroll=\"view\">\n<div class=\"block-podcast\" style=\"text-align: justify;\">&nbsp;<\/div>\n<\/div>\n<\/div>\n<\/div>\n<\/div>\n<\/div>\n","protected":false},"excerpt":{"rendered":"<p>&nbsp; &nbsp; &nbsp; Rafael Peixoto (Cidadania) assumiu Prefeitura ap\u00f3s falecimento de Dr. Maur\u00e9lio Carlos (PDT) em decorr\u00eancia de complica\u00e7\u00f5es causadas pela Covid-19. Cidade ter\u00e1 uma nova elei\u00e7\u00e3o nos pr\u00f3ximos meses. &nbsp; O vice-prefeito Rafael Peixoto (Cidadania), que assumiu a Prefeitura&nbsp;ap\u00f3s a morte do prefeito Dr Maur\u00e9lio Carlos (PDT)&nbsp;renunciou em Espera Feliz. A informa\u00e7\u00e3o foi confirmada [&hellip;]<\/p>\n","protected":false},"author":6,"featured_media":0,"comment_status":"open","ping_status":"closed","sticky":false,"template":"","format":"standard","meta":{"_joinchat":[],"footnotes":""},"categories":[1],"tags":[],"class_list":["post-73558","post","type-post","status-publish","format-standard","hentry","category-sem-categoria"],"_links":{"self":[{"href":"http:\/\/folhadosudeste.com\/site\/index.php?rest_route=\/wp\/v2\/posts\/73558","targetHints":{"allow":["GET"]}}],"collection":[{"href":"http:\/\/folhadosudeste.com\/site\/index.php?rest_route=\/wp\/v2\/posts"}],"about":[{"href":"http:\/\/folhadosudeste.com\/site\/index.php?rest_route=\/wp\/v2\/types\/post"}],"author":[{"embeddable":true,"href":"http:\/\/folhadosudeste.com\/site\/index.php?rest_route=\/wp\/v2\/users\/6"}],"replies":[{"embeddable":true,"href":"http:\/\/folhadosudeste.com\/site\/index.php?rest_route=%2Fwp%2Fv2%2Fcomments&post=73558"}],"version-history":[{"count":3,"href":"http:\/\/folhadosudeste.com\/site\/index.php?rest_route=\/wp\/v2\/posts\/73558\/revisions"}],"predecessor-version":[{"id":73567,"href":"http:\/\/folhadosudeste.com\/site\/index.php?rest_route=\/wp\/v2\/posts\/73558\/revisions\/73567"}],"wp:attachment":[{"href":"http:\/\/folhadosudeste.com\/site\/index.php?rest_route=%2Fwp%2Fv2%2Fmedia&parent=73558"}],"wp:term":[{"taxonomy":"category","embeddable":true,"href":"http:\/\/folhadosudeste.com\/site\/index.php?rest_route=%2Fwp%2Fv2%2Fcategories&post=73558"},{"taxonomy":"post_tag","embeddable":true,"href":"http:\/\/folhadosudeste.com\/site\/index.php?rest_route=%2Fwp%2Fv2%2Ftags&post=73558"}],"curies":[{"name":"wp","href":"https:\/\/api.w.org\/{rel}","templated":true}]}}