{"id":73615,"date":"2021-01-14T17:35:53","date_gmt":"2021-01-14T17:35:53","guid":{"rendered":"http:\/\/folhadosudeste.com\/site\/?p=73615"},"modified":"2021-01-14T17:35:53","modified_gmt":"2021-01-14T17:35:53","slug":"tiro-de-guerra-de-muriae-fara-selecao-complementar-de-jovens-dia-18","status":"publish","type":"post","link":"http:\/\/folhadosudeste.com\/site\/?p=73615","title":{"rendered":"Tiro de Guerra de Muria\u00e9 far\u00e1 sele\u00e7\u00e3o complementar de jovens dia 18"},"content":{"rendered":"<p><a href=\"http:\/\/folhadosudeste.com\/site\/wp-content\/uploads\/2021\/01\/WhatsApp-Image-2021-01-14-at-8.23.38-AM.jpeg\"><img loading=\"lazy\" decoding=\"async\" class=\"alignnone size-full wp-image-73616\" src=\"http:\/\/folhadosudeste.com\/site\/wp-content\/uploads\/2021\/01\/WhatsApp-Image-2021-01-14-at-8.23.38-AM.jpeg\" alt=\"\" width=\"1280\" height=\"960\" srcset=\"http:\/\/folhadosudeste.com\/site\/wp-content\/uploads\/2021\/01\/WhatsApp-Image-2021-01-14-at-8.23.38-AM.jpeg 1280w, http:\/\/folhadosudeste.com\/site\/wp-content\/uploads\/2021\/01\/WhatsApp-Image-2021-01-14-at-8.23.38-AM-300x225.jpeg 300w, http:\/\/folhadosudeste.com\/site\/wp-content\/uploads\/2021\/01\/WhatsApp-Image-2021-01-14-at-8.23.38-AM-768x576.jpeg 768w, http:\/\/folhadosudeste.com\/site\/wp-content\/uploads\/2021\/01\/WhatsApp-Image-2021-01-14-at-8.23.38-AM-1024x768.jpeg 1024w\" sizes=\"auto, (max-width: 1280px) 100vw, 1280px\" \/><\/a><\/p>\n<p style=\"text-align: justify;\"><em>Devem comparecer ao TG-04016 adolescentes designados na sele\u00e7\u00e3o geral realizada em 2020. Procedimento ter\u00e1 in\u00edcio \u00e0s 7h, na sede do TG<\/em><\/p>\n<p style=\"text-align: justify;\">O Tiro de Guerra de Muria\u00e9 far\u00e1, dia 18 deste m\u00eas, sele\u00e7\u00e3o complementar para jovens que ir\u00e3o prestar o Servi\u00e7o Militar neste ano. O procedimento acontecer\u00e1 \u00e0s 7h, na sede do TG, no CEFAS, Barra. Devem comparecer adolescentes que foram aprovados na sele\u00e7\u00e3o geral ocorrida em agosto de 2020.<\/p>\n<p style=\"text-align: justify;\">O jovem dever\u00e1 apresentar documentos de Carteira de identidade ou equivalente e o Certificado de Alistamento Militar (CAM). N\u00e3o ser\u00e1 permitida a entrada do candidato usando chinelo, bermuda ou camiseta cavada. Em rela\u00e7\u00e3o \u00e0 pandemia, ser\u00e3o adotadas medidas de higiene e preven\u00e7\u00e3o ao coronav\u00edrus, como uso de m\u00e1scara e de \u00e1lcool em gel ou 70\u00b0 por todos.<\/p>\n<p style=\"text-align: justify;\">\u201c\u00c9 de suma import\u00e2ncia que o jovem fique atento quanto ao dia e hor\u00e1rio da apresenta\u00e7\u00e3o no Tiro de Guerra. Em caso de impossibilidade de comparecimento no dia 18 de janeiro, por motivo de sa\u00fade, por exemplo, o interessado deve fazer contato imediatamente com o TG para informar sua situa\u00e7\u00e3o\u201d, alerta o instrutor-chefe do \u00f3rg\u00e3o, subtenente Josemar. O TG de Muria\u00e9 funciona para atendimento ao p\u00fablico de segunda a sexta-feira, das 7h \u00e0s 11h30min. O telefone para contato \u00e9 o (32) 3729-1220.<\/p>\n<p style=\"text-align: justify;\">Sele\u00e7\u00e3o complementar &#8211; O processo de sele\u00e7\u00e3o complementar \u00e9 a fase em que o jovem se apresenta a uma comiss\u00e3o de sele\u00e7\u00e3o na organiza\u00e7\u00e3o militar, a fim de concorrer \u00e0 incorpora\u00e7\u00e3o no quartel. O brasileiro alistado que n\u00e3o se apresentar durante a \u00e9poca de sele\u00e7\u00e3o de sua classe ou que, tendo-o feito, ausentar-se sem a ter completado, estar\u00e1 em d\u00e9bito com o Servi\u00e7o Militar na situa\u00e7\u00e3o de refrat\u00e1rio. Nesta condi\u00e7\u00e3o, dever\u00e1 retornar \u00e0 Junta de Servi\u00e7o Militar e realizar o pagamento da multa prevista na legisla\u00e7\u00e3o, para ser encaminhado novamente \u00e0 sele\u00e7\u00e3o geral.<\/p>\n<p style=\"text-align: justify;\">Na sele\u00e7\u00e3o complementar, o jovem passa por uma entrevista de car\u00e1ter definitivo, visando sua matr\u00edcula no Servi\u00e7o Militar inicial, que acontecer\u00e1 no dia 1o de mar\u00e7o. Em caso de impossibilidade de prestar o Servi\u00e7o Militar, o mesmo ser\u00e1 dispensado e receber\u00e1 o Certificado de Dispensa de Incorpora\u00e7\u00e3o, o CDI.<\/p>\n<p><a href=\"http:\/\/folhadosudeste.com\/site\/wp-content\/uploads\/2021\/01\/WhatsApp-Image-2021-01-14-at-8.23.38-AM-1.jpeg\"><img loading=\"lazy\" decoding=\"async\" class=\"alignnone size-full wp-image-73617\" src=\"http:\/\/folhadosudeste.com\/site\/wp-content\/uploads\/2021\/01\/WhatsApp-Image-2021-01-14-at-8.23.38-AM-1.jpeg\" alt=\"\" width=\"1280\" height=\"960\" srcset=\"http:\/\/folhadosudeste.com\/site\/wp-content\/uploads\/2021\/01\/WhatsApp-Image-2021-01-14-at-8.23.38-AM-1.jpeg 1280w, http:\/\/folhadosudeste.com\/site\/wp-content\/uploads\/2021\/01\/WhatsApp-Image-2021-01-14-at-8.23.38-AM-1-300x225.jpeg 300w, http:\/\/folhadosudeste.com\/site\/wp-content\/uploads\/2021\/01\/WhatsApp-Image-2021-01-14-at-8.23.38-AM-1-768x576.jpeg 768w, http:\/\/folhadosudeste.com\/site\/wp-content\/uploads\/2021\/01\/WhatsApp-Image-2021-01-14-at-8.23.38-AM-1-1024x768.jpeg 1024w\" sizes=\"auto, (max-width: 1280px) 100vw, 1280px\" \/><\/a><\/p>\n<p><!--more--><\/p>\n<p><a href=\"http:\/\/folhadosudeste.com\/site\/wp-content\/uploads\/2021\/01\/WhatsApp-Image-2021-01-11-at-8.04.04-AM.jpeg\"><img loading=\"lazy\" decoding=\"async\" class=\"alignnone size-full wp-image-73618\" src=\"http:\/\/folhadosudeste.com\/site\/wp-content\/uploads\/2021\/01\/WhatsApp-Image-2021-01-11-at-8.04.04-AM.jpeg\" alt=\"\" width=\"1280\" height=\"960\" srcset=\"http:\/\/folhadosudeste.com\/site\/wp-content\/uploads\/2021\/01\/WhatsApp-Image-2021-01-11-at-8.04.04-AM.jpeg 1280w, http:\/\/folhadosudeste.com\/site\/wp-content\/uploads\/2021\/01\/WhatsApp-Image-2021-01-11-at-8.04.04-AM-300x225.jpeg 300w, http:\/\/folhadosudeste.com\/site\/wp-content\/uploads\/2021\/01\/WhatsApp-Image-2021-01-11-at-8.04.04-AM-768x576.jpeg 768w, http:\/\/folhadosudeste.com\/site\/wp-content\/uploads\/2021\/01\/WhatsApp-Image-2021-01-11-at-8.04.04-AM-1024x768.jpeg 1024w\" sizes=\"auto, (max-width: 1280px) 100vw, 1280px\" \/><\/a><\/p>\n","protected":false},"excerpt":{"rendered":"<p>Devem comparecer ao TG-04016 adolescentes designados na sele\u00e7\u00e3o geral realizada em 2020. Procedimento ter\u00e1 in\u00edcio \u00e0s 7h, na sede do TG O Tiro de Guerra de Muria\u00e9 far\u00e1, dia 18 deste m\u00eas, sele\u00e7\u00e3o complementar para jovens que ir\u00e3o prestar o Servi\u00e7o Militar neste ano. O procedimento acontecer\u00e1 \u00e0s 7h, na sede do TG, no CEFAS, [&hellip;]<\/p>\n","protected":false},"author":6,"featured_media":0,"comment_status":"open","ping_status":"closed","sticky":false,"template":"","format":"standard","meta":{"_joinchat":[],"footnotes":""},"categories":[1],"tags":[],"class_list":["post-73615","post","type-post","status-publish","format-standard","hentry","category-sem-categoria"],"_links":{"self":[{"href":"http:\/\/folhadosudeste.com\/site\/index.php?rest_route=\/wp\/v2\/posts\/73615","targetHints":{"allow":["GET"]}}],"collection":[{"href":"http:\/\/folhadosudeste.com\/site\/index.php?rest_route=\/wp\/v2\/posts"}],"about":[{"href":"http:\/\/folhadosudeste.com\/site\/index.php?rest_route=\/wp\/v2\/types\/post"}],"author":[{"embeddable":true,"href":"http:\/\/folhadosudeste.com\/site\/index.php?rest_route=\/wp\/v2\/users\/6"}],"replies":[{"embeddable":true,"href":"http:\/\/folhadosudeste.com\/site\/index.php?rest_route=%2Fwp%2Fv2%2Fcomments&post=73615"}],"version-history":[{"count":1,"href":"http:\/\/folhadosudeste.com\/site\/index.php?rest_route=\/wp\/v2\/posts\/73615\/revisions"}],"predecessor-version":[{"id":73619,"href":"http:\/\/folhadosudeste.com\/site\/index.php?rest_route=\/wp\/v2\/posts\/73615\/revisions\/73619"}],"wp:attachment":[{"href":"http:\/\/folhadosudeste.com\/site\/index.php?rest_route=%2Fwp%2Fv2%2Fmedia&parent=73615"}],"wp:term":[{"taxonomy":"category","embeddable":true,"href":"http:\/\/folhadosudeste.com\/site\/index.php?rest_route=%2Fwp%2Fv2%2Fcategories&post=73615"},{"taxonomy":"post_tag","embeddable":true,"href":"http:\/\/folhadosudeste.com\/site\/index.php?rest_route=%2Fwp%2Fv2%2Ftags&post=73615"}],"curies":[{"name":"wp","href":"https:\/\/api.w.org\/{rel}","templated":true}]}}