{"id":73620,"date":"2021-01-14T17:37:03","date_gmt":"2021-01-14T17:37:03","guid":{"rendered":"http:\/\/folhadosudeste.com\/site\/?p=73620"},"modified":"2021-01-14T17:37:03","modified_gmt":"2021-01-14T17:37:03","slug":"muriae-tera-atividades-a-distancia-para-idosos","status":"publish","type":"post","link":"http:\/\/folhadosudeste.com\/site\/?p=73620","title":{"rendered":"Muria\u00e9 ter\u00e1 atividades a dist\u00e2ncia para idosos"},"content":{"rendered":"<p align=\"justify\"><a href=\"http:\/\/folhadosudeste.com\/site\/wp-content\/uploads\/2021\/01\/CCI.3.jpg\"><img loading=\"lazy\" decoding=\"async\" class=\"alignnone size-full wp-image-73621\" src=\"http:\/\/folhadosudeste.com\/site\/wp-content\/uploads\/2021\/01\/CCI.3.jpg\" alt=\"\" width=\"1040\" height=\"780\" srcset=\"http:\/\/folhadosudeste.com\/site\/wp-content\/uploads\/2021\/01\/CCI.3.jpg 1040w, http:\/\/folhadosudeste.com\/site\/wp-content\/uploads\/2021\/01\/CCI.3-300x225.jpg 300w, http:\/\/folhadosudeste.com\/site\/wp-content\/uploads\/2021\/01\/CCI.3-768x576.jpg 768w, http:\/\/folhadosudeste.com\/site\/wp-content\/uploads\/2021\/01\/CCI.3-1024x768.jpg 1024w\" sizes=\"auto, (max-width: 1040px) 100vw, 1040px\" \/><\/a><\/p>\n<p style=\"text-align: justify;\" align=\"justify\">A Secretaria de Desenvolvimento Social est\u00e1 se organizando para retornar as atividades no Centro de Conviv\u00eancia dos Idosos \u2013 CCI, por\u00e9m aguardam o posicionamento do \u2018Minas Consciente\u2019, atrav\u00e9s das instru\u00e7\u00f5es do secret\u00e1rio de Sa\u00fade e vice-prefeito, Marcos Guarino, que teme que a cidade possa passar para a onda vermelha ainda esta semana. Nesta ter\u00e7a-feira, 13, a Prefeitura iniciou algumas oficinas em modo remoto (\u00e0 dist\u00e2ncia), para reunir os grupos e levar ocupa\u00e7\u00f5es imediatas aos membros do Centro.<\/p>\n<p style=\"text-align: justify;\" align=\"justify\">A preocupa\u00e7\u00e3o maior \u00e9 a ociosidade com que se encontram, podendo levar a doen\u00e7as f\u00edsicas e at\u00e9 mentais, devido ao sedentarismo e falta de ocupa\u00e7\u00e3o. Inicialmente, os participantes receber\u00e3o aulas com exerc\u00edcios para a mem\u00f3ria, como quebra-cabe\u00e7as confeccionados em EVA, para ativar o racioc\u00ednio e levar o c\u00e9rebro a ter constante movimento.<\/p>\n<p style=\"text-align: justify;\" align=\"justify\">A secret\u00e1ria de Desenvolvimento Social, Eveline Amaral, j\u00e1 se reuniu com os grupos de idosos para verificar a situa\u00e7\u00e3o de cada um. \u201cEles est\u00e3o parados desde mar\u00e7o de 2020 devido a pandemia. Verificamos que muitos deles est\u00e3o depressivos, alguns em isolamento total, sem companhia e demasiadamente ociosos, gerando um grande problema para as suas conviv\u00eancias e sa\u00fade mental. Organizamos atividades a dist\u00e2ncia para quebrar este marasmo. O bom funcionamento do CCI \u00e9 vida para a maioria deles\u201d.<\/p>\n<p style=\"text-align: justify;\" align=\"justify\">O planejamento para o retorno do Centro de Conviv\u00eancia do Idoso est\u00e1 praticamente pronto. Ser\u00e3o oferecidas aulas de dan\u00e7a de sal\u00e3o, pintura, confec\u00e7\u00e3o de quebra-cabe\u00e7as, oficinas de instrumentos musicais dentre outras pr\u00e1ticas. Psic\u00f3logos, pedagogos, monitores e professores de arte j\u00e1 est\u00e3o a postos para o rein\u00edcio das atividades. A Secretaria de Desenvolvimento Social trabalhar\u00e1 as in\u00fameras atividades em parceria com a Coordena\u00e7\u00e3o de Educa\u00e7\u00e3o e a Fundarte.<\/p>\n","protected":false},"excerpt":{"rendered":"<p>A Secretaria de Desenvolvimento Social est\u00e1 se organizando para retornar as atividades no Centro de Conviv\u00eancia dos Idosos \u2013 CCI, por\u00e9m aguardam o posicionamento do \u2018Minas Consciente\u2019, atrav\u00e9s das instru\u00e7\u00f5es do secret\u00e1rio de Sa\u00fade e vice-prefeito, Marcos Guarino, que teme que a cidade possa passar para a onda vermelha ainda esta semana. Nesta ter\u00e7a-feira, 13, [&hellip;]<\/p>\n","protected":false},"author":6,"featured_media":0,"comment_status":"open","ping_status":"closed","sticky":false,"template":"","format":"standard","meta":{"_joinchat":[],"footnotes":""},"categories":[1],"tags":[],"class_list":["post-73620","post","type-post","status-publish","format-standard","hentry","category-sem-categoria"],"_links":{"self":[{"href":"http:\/\/folhadosudeste.com\/site\/index.php?rest_route=\/wp\/v2\/posts\/73620","targetHints":{"allow":["GET"]}}],"collection":[{"href":"http:\/\/folhadosudeste.com\/site\/index.php?rest_route=\/wp\/v2\/posts"}],"about":[{"href":"http:\/\/folhadosudeste.com\/site\/index.php?rest_route=\/wp\/v2\/types\/post"}],"author":[{"embeddable":true,"href":"http:\/\/folhadosudeste.com\/site\/index.php?rest_route=\/wp\/v2\/users\/6"}],"replies":[{"embeddable":true,"href":"http:\/\/folhadosudeste.com\/site\/index.php?rest_route=%2Fwp%2Fv2%2Fcomments&post=73620"}],"version-history":[{"count":1,"href":"http:\/\/folhadosudeste.com\/site\/index.php?rest_route=\/wp\/v2\/posts\/73620\/revisions"}],"predecessor-version":[{"id":73622,"href":"http:\/\/folhadosudeste.com\/site\/index.php?rest_route=\/wp\/v2\/posts\/73620\/revisions\/73622"}],"wp:attachment":[{"href":"http:\/\/folhadosudeste.com\/site\/index.php?rest_route=%2Fwp%2Fv2%2Fmedia&parent=73620"}],"wp:term":[{"taxonomy":"category","embeddable":true,"href":"http:\/\/folhadosudeste.com\/site\/index.php?rest_route=%2Fwp%2Fv2%2Fcategories&post=73620"},{"taxonomy":"post_tag","embeddable":true,"href":"http:\/\/folhadosudeste.com\/site\/index.php?rest_route=%2Fwp%2Fv2%2Ftags&post=73620"}],"curies":[{"name":"wp","href":"https:\/\/api.w.org\/{rel}","templated":true}]}}