{"id":73623,"date":"2021-01-14T17:39:57","date_gmt":"2021-01-14T17:39:57","guid":{"rendered":"http:\/\/folhadosudeste.com\/site\/?p=73623"},"modified":"2021-01-14T17:39:57","modified_gmt":"2021-01-14T17:39:57","slug":"prefeitura-amplia-atendimento-a-pacientes-de-covid-e-pede-atuacao-mais-forte-da-upa-na-pandemia","status":"publish","type":"post","link":"http:\/\/folhadosudeste.com\/site\/?p=73623","title":{"rendered":"Prefeitura amplia atendimento a pacientes de covid e pede atua\u00e7\u00e3o mais forte da UPA na pandemia"},"content":{"rendered":"<div><a href=\"http:\/\/folhadosudeste.com\/site\/wp-content\/uploads\/2021\/01\/03.jpg\"><img loading=\"lazy\" decoding=\"async\" class=\"alignnone size-full wp-image-73624\" src=\"http:\/\/folhadosudeste.com\/site\/wp-content\/uploads\/2021\/01\/03.jpg\" alt=\"\" width=\"768\" height=\"444\" srcset=\"http:\/\/folhadosudeste.com\/site\/wp-content\/uploads\/2021\/01\/03.jpg 768w, http:\/\/folhadosudeste.com\/site\/wp-content\/uploads\/2021\/01\/03-300x173.jpg 300w\" sizes=\"auto, (max-width: 768px) 100vw, 768px\" \/><\/a><\/div>\n<div style=\"text-align: justify;\">O novo Centro de Atendimento para pessoas com sintomas da covid-19, instalado na UPA de Muria\u00e9, foi a pauta da reuni\u00e3o convocada pelo vice-prefeito e secret\u00e1rio municipal de Sa\u00fade, Marcos Guarino. O encontro aconteceu na tarde de ter\u00e7a-feira (12), no Centro Administrativo, com a presen\u00e7a de diretores do Instituto InSa\u00fade, respons\u00e1vel pela gest\u00e3o da Unidade de Pronto-Atendimento 24h.<\/div>\n<div style=\"text-align: justify;\">&nbsp;<\/div>\n<div style=\"text-align: justify;\">O espa\u00e7o destinado ao enfrentamento da doen\u00e7a provocada pelo novo coronav\u00edrus foi colocado em funcionamento tamb\u00e9m na ter\u00e7a-feira. O local conta com acesso independente e instala\u00e7\u00f5es exclusivas, a fim de n\u00e3o colocar em risco pacientes de outras enfermidades que precisarem se dirigir \u00e0 UPA. Na reuni\u00e3o, Guarino cobrou uma atua\u00e7\u00e3o mais firme do instituto para ajudar a combater a covid-19 em Muria\u00e9.<\/div>\n<div style=\"text-align: justify;\">&nbsp;<\/div>\n<div style=\"text-align: justify;\">\u201cSabemos das condi\u00e7\u00f5es e da capacidade que a UPA possui para atender e ser uma das portas de entrada para os pacientes da doen\u00e7a. Um munic\u00edpio do nosso porte n\u00e3o pode contar apenas com um Centro de Atendimento que foi montado de forma provis\u00f3ria dentro de uma escola\u201d, enfatizou.<\/div>\n<p><!--more--><\/p>\n<div style=\"text-align: justify;\">Todas as suspeitas de infec\u00e7\u00e3o pelo coronav\u00edrus devem ser avaliadas, pesquisadas e devidamente acompanhadas. Esta \u00e9 uma das raz\u00f5es pela qual a Secretaria Municipal de Sa\u00fade&nbsp; cobra uma presen\u00e7a mais efetiva da UPA, uma vez que o contrato em vigor prev\u00ea pactua\u00e7\u00e3o para atendimento aos pacientes com sintomas da covid-19. E, com o aumento do n\u00famero de casos e a amplia\u00e7\u00e3o do decreto de calamidade por causa do avan\u00e7o da doen\u00e7a em todo o estado, o prefeito Jos\u00e9 Braz determinou empenho m\u00e1ximo neste momento.<\/div>\n<div style=\"text-align: justify;\">&nbsp;<\/div>\n<div style=\"text-align: justify;\">Al\u00e9m do vice-prefeito e dos representantes do Instituto InSa\u00fade, a reuni\u00e3o tamb\u00e9m teve os secret\u00e1rios municipais de Governo, Paulo S\u00e9rgio Amaral, e de Fazenda, Francisco J\u00fanior; o adjunto de Sa\u00fade, Wander Garcia; o assessor da Secretaria de Sa\u00fade, Carlos Eduardo; a coordenadora da Aten\u00e7\u00e3o B\u00e1sica, Milena Cond\u00e9; e o coordenador de A\u00e7\u00f5es contra a Covid-19, Eroncarlos Pereira.<\/div>\n<div><a href=\"http:\/\/folhadosudeste.com\/site\/wp-content\/uploads\/2021\/01\/02.jpg\"><img loading=\"lazy\" decoding=\"async\" class=\"alignnone size-full wp-image-73625\" src=\"http:\/\/folhadosudeste.com\/site\/wp-content\/uploads\/2021\/01\/02.jpg\" alt=\"\" width=\"768\" height=\"515\" srcset=\"http:\/\/folhadosudeste.com\/site\/wp-content\/uploads\/2021\/01\/02.jpg 768w, http:\/\/folhadosudeste.com\/site\/wp-content\/uploads\/2021\/01\/02-300x201.jpg 300w, http:\/\/folhadosudeste.com\/site\/wp-content\/uploads\/2021\/01\/02-120x80.jpg 120w, http:\/\/folhadosudeste.com\/site\/wp-content\/uploads\/2021\/01\/02-345x230.jpg 345w\" sizes=\"auto, (max-width: 768px) 100vw, 768px\" \/><\/a> <a href=\"http:\/\/folhadosudeste.com\/site\/wp-content\/uploads\/2021\/01\/01.jpg\"><img loading=\"lazy\" decoding=\"async\" class=\"alignnone size-full wp-image-73626\" src=\"http:\/\/folhadosudeste.com\/site\/wp-content\/uploads\/2021\/01\/01.jpg\" alt=\"\" width=\"768\" height=\"515\" srcset=\"http:\/\/folhadosudeste.com\/site\/wp-content\/uploads\/2021\/01\/01.jpg 768w, http:\/\/folhadosudeste.com\/site\/wp-content\/uploads\/2021\/01\/01-300x201.jpg 300w, http:\/\/folhadosudeste.com\/site\/wp-content\/uploads\/2021\/01\/01-120x80.jpg 120w, http:\/\/folhadosudeste.com\/site\/wp-content\/uploads\/2021\/01\/01-345x230.jpg 345w\" sizes=\"auto, (max-width: 768px) 100vw, 768px\" \/><\/a><\/div>\n","protected":false},"excerpt":{"rendered":"<p>O novo Centro de Atendimento para pessoas com sintomas da covid-19, instalado na UPA de Muria\u00e9, foi a pauta da reuni\u00e3o convocada pelo vice-prefeito e secret\u00e1rio municipal de Sa\u00fade, Marcos Guarino. O encontro aconteceu na tarde de ter\u00e7a-feira (12), no Centro Administrativo, com a presen\u00e7a de diretores do Instituto InSa\u00fade, respons\u00e1vel pela gest\u00e3o da Unidade [&hellip;]<\/p>\n","protected":false},"author":6,"featured_media":0,"comment_status":"open","ping_status":"closed","sticky":false,"template":"","format":"standard","meta":{"_joinchat":[],"footnotes":""},"categories":[1],"tags":[],"class_list":["post-73623","post","type-post","status-publish","format-standard","hentry","category-sem-categoria"],"_links":{"self":[{"href":"http:\/\/folhadosudeste.com\/site\/index.php?rest_route=\/wp\/v2\/posts\/73623","targetHints":{"allow":["GET"]}}],"collection":[{"href":"http:\/\/folhadosudeste.com\/site\/index.php?rest_route=\/wp\/v2\/posts"}],"about":[{"href":"http:\/\/folhadosudeste.com\/site\/index.php?rest_route=\/wp\/v2\/types\/post"}],"author":[{"embeddable":true,"href":"http:\/\/folhadosudeste.com\/site\/index.php?rest_route=\/wp\/v2\/users\/6"}],"replies":[{"embeddable":true,"href":"http:\/\/folhadosudeste.com\/site\/index.php?rest_route=%2Fwp%2Fv2%2Fcomments&post=73623"}],"version-history":[{"count":1,"href":"http:\/\/folhadosudeste.com\/site\/index.php?rest_route=\/wp\/v2\/posts\/73623\/revisions"}],"predecessor-version":[{"id":73627,"href":"http:\/\/folhadosudeste.com\/site\/index.php?rest_route=\/wp\/v2\/posts\/73623\/revisions\/73627"}],"wp:attachment":[{"href":"http:\/\/folhadosudeste.com\/site\/index.php?rest_route=%2Fwp%2Fv2%2Fmedia&parent=73623"}],"wp:term":[{"taxonomy":"category","embeddable":true,"href":"http:\/\/folhadosudeste.com\/site\/index.php?rest_route=%2Fwp%2Fv2%2Fcategories&post=73623"},{"taxonomy":"post_tag","embeddable":true,"href":"http:\/\/folhadosudeste.com\/site\/index.php?rest_route=%2Fwp%2Fv2%2Ftags&post=73623"}],"curies":[{"name":"wp","href":"https:\/\/api.w.org\/{rel}","templated":true}]}}