{"id":73628,"date":"2021-01-14T17:42:48","date_gmt":"2021-01-14T17:42:48","guid":{"rendered":"http:\/\/folhadosudeste.com\/site\/?p=73628"},"modified":"2021-01-14T17:42:48","modified_gmt":"2021-01-14T17:42:48","slug":"enem-4-temas-sobre-meio-ambiente-que-podem-cair-na-redacao","status":"publish","type":"post","link":"http:\/\/folhadosudeste.com\/site\/?p=73628","title":{"rendered":"Enem: 4 temas sobre meio ambiente que podem cair na reda\u00e7\u00e3o"},"content":{"rendered":"<p dir=\"ltr\"><img loading=\"lazy\" decoding=\"async\" class=\"\" src=\"https:\/\/www.emdiaes.com.br\/Images\/Noticias\/Inscritos-no-Enem-querem-prova-em-maio-de-2021.jpg\" alt=\"Inscritos no Enem querem prova em maio de 2021\" width=\"885\" height=\"477\"><\/p>\n<p dir=\"ltr\" style=\"text-align: justify;\"><em>As provas impressas ser\u00e3o aplicadas nos dias 17 e 24 de janeiro de 2021 e a vers\u00e3o digital nos dias 31 de janeiro e 7 de fevereiro.<\/em><\/p>\n<p dir=\"ltr\" style=\"text-align: justify;\">Uma das grandes preocupa\u00e7\u00f5es dos estudantes na hora de prestar o Exame Nacional do Ensino M\u00e9dio (Enem) ou qualquer vestibular \u00e9 a reda\u00e7\u00e3o. Muitos t\u00eam medo em n\u00e3o saber argumentar sobre o tema e n\u00e3o conseguir propor uma solu\u00e7\u00e3o ao problema apresentado. A reda\u00e7\u00e3o exige reflex\u00e3o de forma clara e coerente por parte do candidato, que para isso precisa estar bem informado sobre os mais variados assuntos.<\/p>\n<p dir=\"ltr\" style=\"text-align: justify;\">Historicamente, a reda\u00e7\u00e3o do Enem costuma abordar temas que influenciam de alguma maneira a sociedade, focando principalmente em problemas que buscam solu\u00e7\u00f5es. Em 2019, o tema foi a democratiza\u00e7\u00e3o do acesso ao cinema no Brasil, que permitia ao candidato abordar quest\u00f5es como o acesso da popula\u00e7\u00e3o ao cinema, a rela\u00e7\u00e3o do pre\u00e7o dos ingressos com a economia e o lazer como um direito humano.<\/p>\n<p dir=\"ltr\" style=\"text-align: justify;\">Para o Enem deste ano, por\u00e9m, s\u00e3o grandes as chances de um tema ambiental na reda\u00e7\u00e3o. \u201cEsse foi um ano em que as tem\u00e1ticas ligadas a meio ambiente e sustentabilidade estiveram presentes de maneira muito ativa no dia a dia da popula\u00e7\u00e3o, a come\u00e7ar pela pandemia do novo coronav\u00edrus, cuja origem est\u00e1 diretamente ligada \u00e0 forma como lidamos com a natureza, al\u00e9m de ter gerado mudan\u00e7as de paradigmas importantes\u201d, comenta a coordenadora de Comunica\u00e7\u00e3o da Funda\u00e7\u00e3o Grupo Botic\u00e1rio de Prote\u00e7\u00e3o \u00e0 Natureza, Melissa Barbosa.<\/p>\n<p dir=\"ltr\" style=\"text-align: justify;\">Veja a seguir alguns temas ambientais que podem cair no Enem deste ano.<\/p>\n<p dir=\"ltr\" style=\"text-align: justify;\"><strong>Pantanal<\/strong><\/p>\n<p dir=\"ltr\" style=\"text-align: justify;\">Em 2020, o Pantanal recebeu aten\u00e7\u00e3o do mundo todo em raz\u00e3o dos inc\u00eandios que queimaram partes extensas do bioma e mataram milhares de animais. \u201cA intensidade e a quantidade de \u00e1reas queimadas foram muito grandes. Ainda que o fogo j\u00e1 esteja sob controle, temos que pensar agora nas esp\u00e9cies de animais que, com seu habitat destru\u00eddo, n\u00e3o t\u00eam mais fontes seguras de alimento\u201d, <strong>comenta o membro da Rede de Especialista em Conserva\u00e7\u00e3o da Natureza (RECN) e diretor executivo do Instituto SOS Pantanal, Felipe Dias<\/strong>.<\/p>\n<p dir=\"ltr\" style=\"text-align: justify;\"><strong>Impacto do isolamento social na sa\u00fade da popula\u00e7\u00e3o<\/strong><\/p>\n<p dir=\"ltr\" style=\"text-align: justify;\">A pandemia e o isolamento social mudaram radicalmente os h\u00e1bitos das pessoas, impactando inclusive a sua sa\u00fade. Um estudo da Universidade do Estado do Rio de Janeiro (UERJ) publicado pela revista cient\u00edfica The Lancet mostrou que os casos de depress\u00e3o aumentaram 90% entre os meses de mar\u00e7o e abril, no come\u00e7o da pandemia, enquanto a quantidade de pessoas que relataram sintomas de crise de ansiedade e estresse agudo mais que duplicou. Muitos fatores influenciam esse resultado, um deles \u00e9 a falta de contato das pessoas com a natureza. Estudos j\u00e1 comprovaram que o ar livre e os ambientes naturais ajudam na redu\u00e7\u00e3o do cortisol (horm\u00f4nio do estresse), da frequ\u00eancia card\u00edaca e da press\u00e3o arterial, al\u00e9m de contribuir para reduzir os sintomas da ansiedade e da depress\u00e3o.<\/p>\n<p dir=\"ltr\" style=\"text-align: justify;\"><strong>D\u00e9cada do Oceano<\/strong><\/p>\n<p dir=\"ltr\" style=\"text-align: justify;\">O ano de 2021 marca o in\u00edcio da D\u00e9cada da Ci\u00eancia Oce\u00e2nica para o Desenvolvimento Sustent\u00e1vel, criada para ampliar a coopera\u00e7\u00e3o internacional em pesquisas relacionadas \u00e0 preserva\u00e7\u00e3o do Oceano e a seu desenvolvimento sustent\u00e1vel. Trata-se de mais um esfor\u00e7o da Organiza\u00e7\u00e3o das Na\u00e7\u00f5es Unidas (ONU) para trazer \u00e0 tona as tem\u00e1ticas ambientais, que podem ainda ser relacionadas com eventos como a Agenda 2030 e os Objetivos do Desenvolvimento Sustent\u00e1vel (ODSs). Na pauta, o candidato pode abordar de que forma o ambiente marinho est\u00e1 relacionado com a economia, o bem-estar social, \u00e0 mitiga\u00e7\u00e3o das mudan\u00e7as clim\u00e1ticas e a cultura de povos tradicionais em todo o pa\u00eds. Estudos como o<a href=\"https:\/\/en.unesco.org\/gosr\" target=\"_blank\" rel=\"noopener\" data-saferedirecturl=\"https:\/\/www.google.com\/url?q=https:\/\/en.unesco.org\/gosr&amp;source=gmail&amp;ust=1610728648719000&amp;usg=AFQjCNGH2JpRoMY29mBuht6JGSEShMLkow\"> Relat\u00f3rio Mundial sobre a Ci\u00eancia Oce\u00e2nica<\/a> da Organiza\u00e7\u00e3o das Na\u00e7\u00f5es Unidas para a Educa\u00e7\u00e3o, a Ci\u00eancia e a Cultura (Unesco) e o<a href=\"https:\/\/www.oceanpanel.org\/ocean-action\/files\/executive-summary-ocean-solutions-report-por.pdf\" target=\"_blank\" rel=\"noopener\" data-saferedirecturl=\"https:\/\/www.google.com\/url?q=https:\/\/www.oceanpanel.org\/ocean-action\/files\/executive-summary-ocean-solutions-report-por.pdf&amp;source=gmail&amp;ust=1610728648719000&amp;usg=AFQjCNHwTi1WbIZVRAPVJN4uS3nGvW-PGg\"> Relat\u00f3rio do Painel de Alto N\u00edvel para a Economia Sustent\u00e1vel do Oceano<\/a> s\u00e3o boas op\u00e7\u00f5es de leituras para entender melhor esse assunto.<\/p>\n<p dir=\"ltr\" style=\"text-align: justify;\"><strong>Cidades sustent\u00e1veis<\/strong><\/p>\n<p dir=\"ltr\" style=\"text-align: justify;\">As mudan\u00e7as clim\u00e1ticas decorrentes do aquecimento global v\u00eam gerando impactos significativos sobre a sociedade, como altera\u00e7\u00f5es no regime de chuvas. Com isso, muitas cidades ao redor do mundo t\u00eam constru\u00eddo estrat\u00e9gias de mitiga\u00e7\u00e3o e adapta\u00e7\u00e3o a essas mudan\u00e7as, para evitar ou reduzir, por exemplo, que sua infraestrutura seja sobrecarregada por grandes volumes de \u00e1gua concentrados em curtos espa\u00e7os de tempo. As cidades de S\u00e3o Paulo e Rio de Janeiro s\u00e3o exemplos de cidades que sofrem constantemente com esses problemas Caso a reda\u00e7\u00e3o do Enem deste ano se relacione com essa problem\u00e1tica, o candidato pode trazer no texto conceitos como o de cidades-esponjas, que utiliza\u00e7\u00f5es utilizam Solu\u00e7\u00f5es Baseadas na Natureza (SBN) como estrat\u00e9gia para absorver uma quantidade maior de \u00e1gua da chuva e, assim, evitar enchentes e&nbsp; inunda\u00e7\u00f5es que causam danos \u00e0 infraestrutura urbana e impactam a vida de diversas pessoas, principalmente as mais vulner\u00e1veis.<\/p>\n<p dir=\"ltr\"><strong>Fonte:&nbsp;Funda\u00e7\u00e3o Grupo Botic\u00e1rio<\/strong><\/p>\n","protected":false},"excerpt":{"rendered":"<p>As provas impressas ser\u00e3o aplicadas nos dias 17 e 24 de janeiro de 2021 e a vers\u00e3o digital nos dias 31 de janeiro e 7 de fevereiro. Uma das grandes preocupa\u00e7\u00f5es dos estudantes na hora de prestar o Exame Nacional do Ensino M\u00e9dio (Enem) ou qualquer vestibular \u00e9 a reda\u00e7\u00e3o. Muitos t\u00eam medo em n\u00e3o [&hellip;]<\/p>\n","protected":false},"author":6,"featured_media":0,"comment_status":"open","ping_status":"closed","sticky":false,"template":"","format":"standard","meta":{"_joinchat":[],"footnotes":""},"categories":[1],"tags":[],"class_list":["post-73628","post","type-post","status-publish","format-standard","hentry","category-sem-categoria"],"_links":{"self":[{"href":"http:\/\/folhadosudeste.com\/site\/index.php?rest_route=\/wp\/v2\/posts\/73628","targetHints":{"allow":["GET"]}}],"collection":[{"href":"http:\/\/folhadosudeste.com\/site\/index.php?rest_route=\/wp\/v2\/posts"}],"about":[{"href":"http:\/\/folhadosudeste.com\/site\/index.php?rest_route=\/wp\/v2\/types\/post"}],"author":[{"embeddable":true,"href":"http:\/\/folhadosudeste.com\/site\/index.php?rest_route=\/wp\/v2\/users\/6"}],"replies":[{"embeddable":true,"href":"http:\/\/folhadosudeste.com\/site\/index.php?rest_route=%2Fwp%2Fv2%2Fcomments&post=73628"}],"version-history":[{"count":1,"href":"http:\/\/folhadosudeste.com\/site\/index.php?rest_route=\/wp\/v2\/posts\/73628\/revisions"}],"predecessor-version":[{"id":73629,"href":"http:\/\/folhadosudeste.com\/site\/index.php?rest_route=\/wp\/v2\/posts\/73628\/revisions\/73629"}],"wp:attachment":[{"href":"http:\/\/folhadosudeste.com\/site\/index.php?rest_route=%2Fwp%2Fv2%2Fmedia&parent=73628"}],"wp:term":[{"taxonomy":"category","embeddable":true,"href":"http:\/\/folhadosudeste.com\/site\/index.php?rest_route=%2Fwp%2Fv2%2Fcategories&post=73628"},{"taxonomy":"post_tag","embeddable":true,"href":"http:\/\/folhadosudeste.com\/site\/index.php?rest_route=%2Fwp%2Fv2%2Ftags&post=73628"}],"curies":[{"name":"wp","href":"https:\/\/api.w.org\/{rel}","templated":true}]}}