{"id":73677,"date":"2021-01-20T23:09:28","date_gmt":"2021-01-20T23:09:28","guid":{"rendered":"http:\/\/folhadosudeste.com\/site\/?p=73677"},"modified":"2021-01-20T23:09:28","modified_gmt":"2021-01-20T23:09:28","slug":"muriae-inicia-vacinacao-contra-covid-19-conheca-publico-alvo-da-primeira-etapa","status":"publish","type":"post","link":"http:\/\/folhadosudeste.com\/site\/?p=73677","title":{"rendered":"Muria\u00e9 inicia vacina\u00e7\u00e3o contra covid-19; conhe\u00e7a p\u00fablico-alvo da primeira etapa"},"content":{"rendered":"<div><a href=\"http:\/\/folhadosudeste.com\/site\/wp-content\/uploads\/2021\/01\/DSC_0078.jpg\"><img loading=\"lazy\" decoding=\"async\" class=\"alignnone size-full wp-image-73678\" src=\"http:\/\/folhadosudeste.com\/site\/wp-content\/uploads\/2021\/01\/DSC_0078.jpg\" alt=\"\" width=\"1797\" height=\"1198\" srcset=\"http:\/\/folhadosudeste.com\/site\/wp-content\/uploads\/2021\/01\/DSC_0078.jpg 1797w, http:\/\/folhadosudeste.com\/site\/wp-content\/uploads\/2021\/01\/DSC_0078-300x200.jpg 300w, http:\/\/folhadosudeste.com\/site\/wp-content\/uploads\/2021\/01\/DSC_0078-768x512.jpg 768w, http:\/\/folhadosudeste.com\/site\/wp-content\/uploads\/2021\/01\/DSC_0078-1024x683.jpg 1024w, http:\/\/folhadosudeste.com\/site\/wp-content\/uploads\/2021\/01\/DSC_0078-120x80.jpg 120w, http:\/\/folhadosudeste.com\/site\/wp-content\/uploads\/2021\/01\/DSC_0078-345x230.jpg 345w\" sizes=\"auto, (max-width: 1797px) 100vw, 1797px\" \/><\/a><\/div>\n<div>&nbsp;<\/div>\n<div style=\"text-align: justify;\">A Prefeitura de Muria\u00e9 iniciou, nesta quarta-feira (20), a vacina\u00e7\u00e3o contra a covid-19 no munic\u00edpio. A primeira pessoa a ser vacinada foi a enfermeira Agda Val\u00e9ria do Amaral. Ela tem 52 anos e atua no Hospital S\u00e3o Paulo, na linha de frente do enfrentamento \u00e0 doen\u00e7a.<\/div>\n<div style=\"text-align: justify;\">&nbsp;<\/div>\n<div style=\"text-align: justify;\">\u201cTodos os profissionais da sa\u00fade v\u00e3o poder agora sentir al\u00edvio e sensa\u00e7\u00e3o de dever cumprido, porque trabalhar na linha de frente n\u00e3o \u00e9 f\u00e1cil. Voc\u00ea sai de cada todos os dias sem saber se est\u00e1 voltando contaminado para casa. Precisamos todos continuar tendo as medidas de seguran\u00e7a para vencer este per\u00edodo t\u00e3o tumultuado para o Brasil e para o mundo\u201d, disse.<\/div>\n<div style=\"text-align: justify;\">&nbsp;<\/div>\n<div style=\"text-align: justify;\">Na sequ\u00eancia, a tamb\u00e9m enfermeira Aline Sabina tamb\u00e9m recebeu o imunizante. Ela \u00e9 servidora p\u00fablica municipal e coordena o Centro de Atendimento da Covid-19 instalado na Pra\u00e7a S\u00e3o Paulo.<\/div>\n<div style=\"text-align: justify;\">&nbsp;<\/div>\n<div style=\"text-align: justify;\"><strong>Primeira etapa \u2013<\/strong>&nbsp;Para esta primeira etapa, Muria\u00e9 recebeu na tarde de hoje 2.672 doses da vacina, o suficiente para imunizar 1.336 pessoas com as duas doses necess\u00e1rias para cada paciente.<\/div>\n<div style=\"text-align: justify;\">&nbsp;<\/div>\n<div style=\"text-align: justify;\">O p\u00fablico-alvo da primeira fase inclui os profissionais de sa\u00fade atuantes na linha de frente do combate \u00e0 doen\u00e7a, al\u00e9m de idosos em institui\u00e7\u00f5es de longa perman\u00eancia e pessoas com defici\u00eancia, desde que maiores de 18 anos e institucionalizados.<\/div>\n<div style=\"text-align: justify;\">&nbsp;<\/div>\n<div style=\"text-align: justify;\">A cerim\u00f4nia de in\u00edcio da vacina\u00e7\u00e3o contra covid-19 em Muria\u00e9 teve a presen\u00e7a do prefeito Jos\u00e9 Braz e do vice e secret\u00e1rio municipal de Sa\u00fade, Marcos Guarino. Os deputados Braulio Braz e Wilson Batista, al\u00e9m do secret\u00e1rio de Governo, Paulo S\u00e9rgio Amaral, o ajdunto de Sa\u00fade, Wander Garcia, e o vereador Delegado Rangel tamb\u00e9m estiveram presentes.<\/div>\n<div>&nbsp;<\/div>\n<div><a href=\"http:\/\/folhadosudeste.com\/site\/wp-content\/uploads\/2021\/01\/DSC_0055.jpg\"><img loading=\"lazy\" decoding=\"async\" class=\"alignnone size-full wp-image-73679\" src=\"http:\/\/folhadosudeste.com\/site\/wp-content\/uploads\/2021\/01\/DSC_0055.jpg\" alt=\"\" width=\"1973\" height=\"1316\" srcset=\"http:\/\/folhadosudeste.com\/site\/wp-content\/uploads\/2021\/01\/DSC_0055.jpg 1973w, http:\/\/folhadosudeste.com\/site\/wp-content\/uploads\/2021\/01\/DSC_0055-300x200.jpg 300w, http:\/\/folhadosudeste.com\/site\/wp-content\/uploads\/2021\/01\/DSC_0055-768x512.jpg 768w, http:\/\/folhadosudeste.com\/site\/wp-content\/uploads\/2021\/01\/DSC_0055-1024x683.jpg 1024w, http:\/\/folhadosudeste.com\/site\/wp-content\/uploads\/2021\/01\/DSC_0055-120x80.jpg 120w, http:\/\/folhadosudeste.com\/site\/wp-content\/uploads\/2021\/01\/DSC_0055-345x230.jpg 345w\" sizes=\"auto, (max-width: 1973px) 100vw, 1973px\" \/><\/a> <a href=\"http:\/\/folhadosudeste.com\/site\/wp-content\/uploads\/2021\/01\/IMG_4086.jpg\"><img loading=\"lazy\" decoding=\"async\" class=\"alignnone size-full wp-image-73680\" src=\"http:\/\/folhadosudeste.com\/site\/wp-content\/uploads\/2021\/01\/IMG_4086.jpg\" alt=\"\" width=\"2048\" height=\"1536\" srcset=\"http:\/\/folhadosudeste.com\/site\/wp-content\/uploads\/2021\/01\/IMG_4086.jpg 2048w, http:\/\/folhadosudeste.com\/site\/wp-content\/uploads\/2021\/01\/IMG_4086-300x225.jpg 300w, http:\/\/folhadosudeste.com\/site\/wp-content\/uploads\/2021\/01\/IMG_4086-768x576.jpg 768w, http:\/\/folhadosudeste.com\/site\/wp-content\/uploads\/2021\/01\/IMG_4086-1024x768.jpg 1024w\" sizes=\"auto, (max-width: 2048px) 100vw, 2048px\" \/><\/a><\/div>\n","protected":false},"excerpt":{"rendered":"<p>&nbsp; A Prefeitura de Muria\u00e9 iniciou, nesta quarta-feira (20), a vacina\u00e7\u00e3o contra a covid-19 no munic\u00edpio. A primeira pessoa a ser vacinada foi a enfermeira Agda Val\u00e9ria do Amaral. Ela tem 52 anos e atua no Hospital S\u00e3o Paulo, na linha de frente do enfrentamento \u00e0 doen\u00e7a. &nbsp; \u201cTodos os profissionais da sa\u00fade v\u00e3o poder [&hellip;]<\/p>\n","protected":false},"author":6,"featured_media":0,"comment_status":"open","ping_status":"closed","sticky":false,"template":"","format":"standard","meta":{"_joinchat":[],"footnotes":""},"categories":[1],"tags":[],"class_list":["post-73677","post","type-post","status-publish","format-standard","hentry","category-sem-categoria"],"_links":{"self":[{"href":"http:\/\/folhadosudeste.com\/site\/index.php?rest_route=\/wp\/v2\/posts\/73677","targetHints":{"allow":["GET"]}}],"collection":[{"href":"http:\/\/folhadosudeste.com\/site\/index.php?rest_route=\/wp\/v2\/posts"}],"about":[{"href":"http:\/\/folhadosudeste.com\/site\/index.php?rest_route=\/wp\/v2\/types\/post"}],"author":[{"embeddable":true,"href":"http:\/\/folhadosudeste.com\/site\/index.php?rest_route=\/wp\/v2\/users\/6"}],"replies":[{"embeddable":true,"href":"http:\/\/folhadosudeste.com\/site\/index.php?rest_route=%2Fwp%2Fv2%2Fcomments&post=73677"}],"version-history":[{"count":1,"href":"http:\/\/folhadosudeste.com\/site\/index.php?rest_route=\/wp\/v2\/posts\/73677\/revisions"}],"predecessor-version":[{"id":73681,"href":"http:\/\/folhadosudeste.com\/site\/index.php?rest_route=\/wp\/v2\/posts\/73677\/revisions\/73681"}],"wp:attachment":[{"href":"http:\/\/folhadosudeste.com\/site\/index.php?rest_route=%2Fwp%2Fv2%2Fmedia&parent=73677"}],"wp:term":[{"taxonomy":"category","embeddable":true,"href":"http:\/\/folhadosudeste.com\/site\/index.php?rest_route=%2Fwp%2Fv2%2Fcategories&post=73677"},{"taxonomy":"post_tag","embeddable":true,"href":"http:\/\/folhadosudeste.com\/site\/index.php?rest_route=%2Fwp%2Fv2%2Ftags&post=73677"}],"curies":[{"name":"wp","href":"https:\/\/api.w.org\/{rel}","templated":true}]}}