{"id":73689,"date":"2021-01-20T23:14:54","date_gmt":"2021-01-20T23:14:54","guid":{"rendered":"http:\/\/folhadosudeste.com\/site\/?p=73689"},"modified":"2021-01-20T23:14:54","modified_gmt":"2021-01-20T23:14:54","slug":"cestas-basicas-sao-doadas-para-auxiliar-familias-em-risco-social","status":"publish","type":"post","link":"http:\/\/folhadosudeste.com\/site\/?p=73689","title":{"rendered":"Cestas b\u00e1sicas s\u00e3o doadas para auxiliar fam\u00edlias em risco social"},"content":{"rendered":"<p align=\"justify\"><a href=\"http:\/\/folhadosudeste.com\/site\/wp-content\/uploads\/2021\/01\/IMG_2700.jpg\"><img loading=\"lazy\" decoding=\"async\" class=\"alignnone size-full wp-image-73690\" src=\"http:\/\/folhadosudeste.com\/site\/wp-content\/uploads\/2021\/01\/IMG_2700.jpg\" alt=\"\" width=\"2048\" height=\"1536\" srcset=\"http:\/\/folhadosudeste.com\/site\/wp-content\/uploads\/2021\/01\/IMG_2700.jpg 2048w, http:\/\/folhadosudeste.com\/site\/wp-content\/uploads\/2021\/01\/IMG_2700-300x225.jpg 300w, http:\/\/folhadosudeste.com\/site\/wp-content\/uploads\/2021\/01\/IMG_2700-768x576.jpg 768w, http:\/\/folhadosudeste.com\/site\/wp-content\/uploads\/2021\/01\/IMG_2700-1024x768.jpg 1024w\" sizes=\"auto, (max-width: 2048px) 100vw, 2048px\" \/><\/a><\/p>\n<p style=\"text-align: justify;\" align=\"justify\">Novas cestas b\u00e1sicas chegaram nesta manh\u00e3 de quarta-feira (20) para colaborar com a renova\u00e7\u00e3o do estoque da Secretaria de Desenvolvimento Social. A doa\u00e7\u00e3o veio atrav\u00e9s da equipe Miss\u00e3o Calebe, da Igreja Adventista, do bairro Santa Terezinha \u2013 grupo<\/p>\n<p style=\"text-align: justify;\" align=\"justify\">respons\u00e1vel pela realiza\u00e7\u00e3o de trabalhos comunit\u00e1rios na cidade e regi\u00e3o.<\/p>\n<p style=\"text-align: justify;\" align=\"justify\">De acordo com Carlos Coutinho, representante do Calebe, este servi\u00e7o \u00e9 realizado de forma permanente. \u201cNo momento em que cada um de n\u00f3s entra em f\u00e9rias, nos dedicamos a fazer o bem para o pr\u00f3ximo. Aproveitamos os dias de afastamento do trabalho para dedicar as a\u00e7\u00f5es comunit\u00e1rias. Nos mobilizamos para buscar alimentos ou outros produtos que poder\u00e3o ajudar a vida do pr\u00f3ximo que possa estar passando por necessidade\u201d, explicou.<\/p>\n<p style=\"text-align: justify;\" align=\"justify\">A secretaria precisa de novas doa\u00e7\u00f5es devido a redu\u00e7\u00e3o dos recursos para estes fins neste momento. \u201cQuando terminou o Seguro Emergencial, tamb\u00e9m terminaram os subs\u00eddios para a compra de cestas b\u00e1sicas. Logo, precisamos de conseguir doa\u00e7\u00f5es sempre\u201d, esclareceu a secret\u00e1ria Eveline Amaral.<\/p>\n<p style=\"text-align: justify;\" align=\"justify\">As cestas b\u00e1sicas atender\u00e3o&nbsp;as necessidades&nbsp;de fam\u00edlias advindas de situa\u00e7\u00e3o de vulnerabilidade social tempor\u00e1ria, em virtude da pandemia causada pelo Covid-19 (novo&nbsp;coronav\u00edrus) ou mesmo pela quest\u00e3o de aus\u00eancia de alimentos, ocasionada pela situa\u00e7\u00e3o de risco social. A realidade do munic\u00edpio conta com um grande n\u00famero de fam\u00edlias que precisam de assist\u00eancia.<\/p>\n<p align=\"justify\"><a href=\"http:\/\/folhadosudeste.com\/site\/wp-content\/uploads\/2021\/01\/IMG_2704.jpg\"><img loading=\"lazy\" decoding=\"async\" class=\"alignnone size-full wp-image-73691\" src=\"http:\/\/folhadosudeste.com\/site\/wp-content\/uploads\/2021\/01\/IMG_2704.jpg\" alt=\"\" width=\"2048\" height=\"1536\" srcset=\"http:\/\/folhadosudeste.com\/site\/wp-content\/uploads\/2021\/01\/IMG_2704.jpg 2048w, http:\/\/folhadosudeste.com\/site\/wp-content\/uploads\/2021\/01\/IMG_2704-300x225.jpg 300w, http:\/\/folhadosudeste.com\/site\/wp-content\/uploads\/2021\/01\/IMG_2704-768x576.jpg 768w, http:\/\/folhadosudeste.com\/site\/wp-content\/uploads\/2021\/01\/IMG_2704-1024x768.jpg 1024w\" sizes=\"auto, (max-width: 2048px) 100vw, 2048px\" \/><\/a><\/p>\n","protected":false},"excerpt":{"rendered":"<p>Novas cestas b\u00e1sicas chegaram nesta manh\u00e3 de quarta-feira (20) para colaborar com a renova\u00e7\u00e3o do estoque da Secretaria de Desenvolvimento Social. A doa\u00e7\u00e3o veio atrav\u00e9s da equipe Miss\u00e3o Calebe, da Igreja Adventista, do bairro Santa Terezinha \u2013 grupo respons\u00e1vel pela realiza\u00e7\u00e3o de trabalhos comunit\u00e1rios na cidade e regi\u00e3o. De acordo com Carlos Coutinho, representante do [&hellip;]<\/p>\n","protected":false},"author":6,"featured_media":0,"comment_status":"open","ping_status":"closed","sticky":false,"template":"","format":"standard","meta":{"_joinchat":[],"footnotes":""},"categories":[1],"tags":[],"class_list":["post-73689","post","type-post","status-publish","format-standard","hentry","category-sem-categoria"],"_links":{"self":[{"href":"http:\/\/folhadosudeste.com\/site\/index.php?rest_route=\/wp\/v2\/posts\/73689","targetHints":{"allow":["GET"]}}],"collection":[{"href":"http:\/\/folhadosudeste.com\/site\/index.php?rest_route=\/wp\/v2\/posts"}],"about":[{"href":"http:\/\/folhadosudeste.com\/site\/index.php?rest_route=\/wp\/v2\/types\/post"}],"author":[{"embeddable":true,"href":"http:\/\/folhadosudeste.com\/site\/index.php?rest_route=\/wp\/v2\/users\/6"}],"replies":[{"embeddable":true,"href":"http:\/\/folhadosudeste.com\/site\/index.php?rest_route=%2Fwp%2Fv2%2Fcomments&post=73689"}],"version-history":[{"count":1,"href":"http:\/\/folhadosudeste.com\/site\/index.php?rest_route=\/wp\/v2\/posts\/73689\/revisions"}],"predecessor-version":[{"id":73692,"href":"http:\/\/folhadosudeste.com\/site\/index.php?rest_route=\/wp\/v2\/posts\/73689\/revisions\/73692"}],"wp:attachment":[{"href":"http:\/\/folhadosudeste.com\/site\/index.php?rest_route=%2Fwp%2Fv2%2Fmedia&parent=73689"}],"wp:term":[{"taxonomy":"category","embeddable":true,"href":"http:\/\/folhadosudeste.com\/site\/index.php?rest_route=%2Fwp%2Fv2%2Fcategories&post=73689"},{"taxonomy":"post_tag","embeddable":true,"href":"http:\/\/folhadosudeste.com\/site\/index.php?rest_route=%2Fwp%2Fv2%2Ftags&post=73689"}],"curies":[{"name":"wp","href":"https:\/\/api.w.org\/{rel}","templated":true}]}}