{"id":73701,"date":"2021-01-29T19:25:53","date_gmt":"2021-01-29T19:25:53","guid":{"rendered":"http:\/\/folhadosudeste.com\/site\/?p=73701"},"modified":"2021-01-29T19:25:53","modified_gmt":"2021-01-29T19:25:53","slug":"muriae-tem-novas-regras-para-funcionamento-do-comercio-e-outras-atividades","status":"publish","type":"post","link":"http:\/\/folhadosudeste.com\/site\/?p=73701","title":{"rendered":"Muria\u00e9 tem novas regras para funcionamento do com\u00e9rcio e outras atividades"},"content":{"rendered":"<div><a href=\"http:\/\/folhadosudeste.com\/site\/wp-content\/uploads\/2021\/01\/DSC_0029.jpg\"><img loading=\"lazy\" decoding=\"async\" class=\"alignnone size-full wp-image-73702\" src=\"http:\/\/folhadosudeste.com\/site\/wp-content\/uploads\/2021\/01\/DSC_0029.jpg\" alt=\"\" width=\"2048\" height=\"1375\" srcset=\"http:\/\/folhadosudeste.com\/site\/wp-content\/uploads\/2021\/01\/DSC_0029.jpg 2048w, http:\/\/folhadosudeste.com\/site\/wp-content\/uploads\/2021\/01\/DSC_0029-300x201.jpg 300w, http:\/\/folhadosudeste.com\/site\/wp-content\/uploads\/2021\/01\/DSC_0029-768x516.jpg 768w, http:\/\/folhadosudeste.com\/site\/wp-content\/uploads\/2021\/01\/DSC_0029-1024x687.jpg 1024w, http:\/\/folhadosudeste.com\/site\/wp-content\/uploads\/2021\/01\/DSC_0029-120x80.jpg 120w\" sizes=\"auto, (max-width: 2048px) 100vw, 2048px\" \/><\/a><\/div>\n<div style=\"text-align: justify;\">Na primeira reuni\u00e3o ap\u00f3s as altera\u00e7\u00f5es promovidas pelo governo do estado no Minas Consciente, o Comit\u00ea Covid-19 de Muria\u00e9 debateu na noite de quinta-feira sobre as medidas de enfrentamento \u00e0 pandemia nesta nova fase do programa.<\/div>\n<div style=\"text-align: justify;\">&nbsp;<\/div>\n<div style=\"text-align: justify;\">De acordo com a classifica\u00e7\u00e3o do Minas Consciente, Muria\u00e9 permanece por mais uma semana na chamada Onda Vermelha. No entanto, diferente do que ocorreu at\u00e9 agora, as atividades consideradas n\u00e3o-essenciais tamb\u00e9m poder\u00e3o funcionar, por\u00e9m tendo que cumprir regras espec\u00edficas para cada segmento.<\/div>\n<div style=\"text-align: justify;\">&nbsp;<\/div>\n<div style=\"text-align: justify;\">Veja a seguir o resumo das determina\u00e7\u00f5es que valer\u00e3o j\u00e1 a partir deste s\u00e1bado (30). O documento completo com as normas est\u00e1 publicado no portal da Prefeitura de Muria\u00e9 (<a href=\"http:\/\/muriae.mg.gov.br\/\" target=\"_blank\" rel=\"noopener\" data-saferedirecturl=\"https:\/\/www.google.com\/url?q=http:\/\/muriae.mg.gov.br&amp;source=gmail&amp;ust=1612033376085000&amp;usg=AFQjCNE9VMgghY07vfKWIrlPq6kSH-ffEw\">muriae.mg.gov.br<\/a>).<\/div>\n<div style=\"text-align: justify;\">&nbsp;<\/div>\n<div style=\"text-align: justify;\"><strong>COM\u00c9RCIO VAREJISTA (ESSENCIAL E&nbsp; N\u00c3O-ESSENCIAL):<\/strong><\/div>\n<div style=\"text-align: justify;\">&#8211; Funcionamento autorizado em hor\u00e1rio normal;<\/div>\n<div style=\"text-align: justify;\">&#8211; Uso obrigat\u00f3rio de m\u00e1scara;<\/div>\n<div style=\"text-align: justify;\">&#8211; Limite de cliente para cada 10 metros quadrados de \u00e1rea livre;<\/div>\n<div style=\"text-align: justify;\">&#8211; Filas com distanciamento m\u00ednimo de 3 metros entre cada pessoa;<\/div>\n<div style=\"text-align: justify;\">&#8211; Verifica\u00e7\u00e3o obrigat\u00f3ria de temperatura (somente para estabelecimentos com capacidade a partir de 10 pessoas).<\/div>\n<p><!--more--><\/p>\n<div style=\"text-align: justify;\"><strong>RESTAURANTES, BARES E LANCHONETES:<\/strong><\/div>\n<div style=\"text-align: justify;\">&#8211; Funcionamento autorizado at\u00e9 0h;<\/div>\n<div style=\"text-align: justify;\">&#8211; Uso obrigat\u00f3rio de m\u00e1scara, exceto durante a alimenta\u00e7\u00e3o;<\/div>\n<div style=\"text-align: justify;\">&#8211; Limite de um cliente para cada 10 metros quadrados de \u00e1rea livre;<\/div>\n<div style=\"text-align: justify;\">&#8211; Distanciamento m\u00ednimo de 3 metros entre mesas;<\/div>\n<div style=\"text-align: justify;\">&#8211; Proibido oferecer sistema de self-service;<\/div>\n<div style=\"text-align: justify;\">&#8211; Proibido entretenimento (m\u00fasica ao vivo);<\/div>\n<div style=\"text-align: justify;\">&#8211; \u00c1reas infantis devem permanecer fechadas;<\/div>\n<div style=\"text-align: justify;\">&#8211; Verifica\u00e7\u00e3o obrigat\u00f3ria de temperatura (somente para estabelecimentos com capacidade a partir de 10 pessoas).<\/div>\n<div style=\"text-align: justify;\">&nbsp;<\/div>\n<div style=\"text-align: justify;\"><strong>ACADEMIAS E CLUBES:<\/strong><\/div>\n<div style=\"text-align: justify;\">&#8211; Funcionamento autorizado com agendamento de hor\u00e1rios;<\/div>\n<div style=\"text-align: justify;\">&#8211; Uso obrigat\u00f3rio de m\u00e1scara<\/div>\n<div style=\"text-align: justify;\">&#8211; Limite de um cliente para cada 10 metros quadrados de \u00e1rea livre;<\/div>\n<div style=\"text-align: justify;\">&#8211; Distanciamento m\u00ednimo de 3 metros em locais de exerc\u00edcios aer\u00f3bicos;<\/div>\n<div style=\"text-align: justify;\">&#8211; Verifica\u00e7\u00e3o obrigat\u00f3ria de temperatura.<\/div>\n<div style=\"text-align: justify;\">&nbsp;<\/div>\n<div style=\"text-align: justify;\"><strong>CL\u00cdNICAS DE EST\u00c9TICA, SAL\u00d5ES DE BELEZA E BARBEARIAS:<\/strong><\/div>\n<div style=\"text-align: justify;\">&#8211; Funcionamento autorizado com agendamento de hor\u00e1rios e intervalo m\u00ednimo de 30 minutos entre cada cliente;<\/div>\n<div style=\"text-align: justify;\">&#8211; Uso obrigat\u00f3rio de m\u00e1scara;<\/div>\n<div style=\"text-align: justify;\">&#8211; Distanciamento m\u00ednimo de 3 metros entre as esta\u00e7\u00f5es de trabalho;<\/div>\n<div style=\"text-align: justify;\">&#8211; Salas de espera e recep\u00e7\u00f5es devem ficar desativadas;<\/div>\n<div style=\"text-align: justify;\">&#8211; Promover atendimento diferenciado (sem contato com outros clientes) para pessoas do grupo de risco da covid-19.<\/div>\n<div style=\"text-align: justify;\">&nbsp;<\/div>\n<div style=\"text-align: justify;\"><strong>FEIRAS LIVRES:<\/strong><\/div>\n<div style=\"text-align: justify;\">&#8211; Funcionamento autorizado \u00e0s quartas-feiras e aos s\u00e1bados, de 6h at\u00e9 12h;<\/div>\n<div style=\"text-align: justify;\">&#8211; Uso obrigat\u00f3rio de m\u00e1scara;<\/div>\n<div style=\"text-align: justify;\">&#8211; Espa\u00e7amento m\u00ednimo de 8 metros entre cada barraca;<\/div>\n<div style=\"text-align: justify;\">&#8211; Proibido o consumo de alimentos e bebidas na feira.<\/div>\n<div style=\"text-align: justify;\">&nbsp;<\/div>\n<div style=\"text-align: justify;\"><strong>AUTOESCOLAS:<\/strong><\/div>\n<div style=\"text-align: justify;\">&#8211; Funcionamento autorizado em hor\u00e1rio normal;<\/div>\n<div style=\"text-align: justify;\">&#8211; Uso obrigat\u00f3rio de m\u00e1scara;<\/div>\n<div style=\"text-align: justify;\">&#8211; Ve\u00edculos devem permanecer com vidros abertos durante aulas pr\u00e1ticas (proibido usar o ar-condicionado);<\/div>\n<div style=\"text-align: justify;\">&#8211; Disponibiliza\u00e7\u00e3o obrigat\u00f3ria de \u00e1lcool 70 no interir dos ve\u00edculos;<\/div>\n<div style=\"text-align: justify;\">&#8211; Higieniza\u00e7\u00e3o obrigat\u00f3ria do ve\u00edculo ap\u00f3s cada sess\u00e3o d aula;<\/div>\n<div style=\"text-align: justify;\">&#8211; Proibido compartilhar capacetes e outros objetos pessoais.<\/div>\n<div style=\"text-align: justify;\">&nbsp;<\/div>\n<div style=\"text-align: justify;\"><strong>SERVI\u00c7OS DE HOSPEDAGEM E HOTELARIA:<\/strong><\/div>\n<div style=\"text-align: justify;\">&#8211; Funcionamento autorizado;<\/div>\n<div style=\"text-align: justify;\">&#8211; Capacidade reduzida para 50% do total;<\/div>\n<div style=\"text-align: justify;\">&#8211; Alimenta\u00e7\u00e3o dos h\u00f3spedes preferencialmente atrav\u00e9s do servi\u00e7o de quarto;<\/div>\n<div style=\"text-align: justify;\">&#8211; Entrega de produtos e alimentos externos apenas na recep\u00e7\u00e3o.<\/div>\n<div style=\"text-align: justify;\">&nbsp;<\/div>\n<div style=\"text-align: justify;\"><strong>IGREJAS E TEMPLOS RELIGIOSOS:<\/strong><\/div>\n<div style=\"text-align: justify;\">&#8211; Funcionamento autorizado;<\/div>\n<div style=\"text-align: justify;\">&#8211; Uso obrigat\u00f3rio de m\u00e1scara;<\/div>\n<div style=\"text-align: justify;\">&#8211; Capacidade reduzida para 50% do total;<\/div>\n<div style=\"text-align: justify;\">&#8211; Distanciamento m\u00ednimo de 3 metros entre cada pessoa.<\/div>\n<div style=\"text-align: justify;\">&nbsp;<\/div>\n<div style=\"text-align: justify;\"><strong>PRA\u00c7AS, \u00c1REAS DE LAZER, CAMPOS E QUADRAS ESPORTIVAS:<\/strong><\/div>\n<div style=\"text-align: justify;\">&#8211; Utiliza\u00e7\u00e3o autorizada entre 6h e 19h.<\/div>\n<div style=\"text-align: justify;\">&nbsp;<\/div>\n<div style=\"text-align: justify;\"><strong>EVENTOS E REUNI\u00d5ES:<\/strong><\/div>\n<div style=\"text-align: justify;\">&#8211; P\u00fablico m\u00e1ximo de 30 pessoas;<\/div>\n<div style=\"text-align: justify;\">&#8211; Limite de 1 pessoa para cada 10 metros quadrados em ambientes fechados;<\/div>\n<div style=\"text-align: justify;\">&#8211; Limite de 1 pessoa para cada 4 metros quadrados em ambientes abertos<\/div>\n<div style=\"text-align: justify;\">&nbsp;<\/div>\n<div style=\"text-align: justify;\"><strong>ESTACIONAMENTO ROTATIVO:<\/strong><\/div>\n<div style=\"text-align: justify;\">&#8211; Funcionamento em hor\u00e1rio normal.<\/div>\n<div style=\"text-align: justify;\">&nbsp;<\/div>\n<div style=\"text-align: justify;\"><strong>SERVI\u00c7OS DE SA\u00daDE:<\/strong><\/div>\n<div style=\"text-align: justify;\">&#8211; Cirurgias eletivas seguem suspensas;<\/div>\n<div style=\"text-align: justify;\">&#8211; Visitas domiciliares do programa Estrat\u00e9gia Sa\u00fade da Fam\u00edlia tamb\u00e9m est\u00e3o suspensas.<\/div>\n","protected":false},"excerpt":{"rendered":"<p>Na primeira reuni\u00e3o ap\u00f3s as altera\u00e7\u00f5es promovidas pelo governo do estado no Minas Consciente, o Comit\u00ea Covid-19 de Muria\u00e9 debateu na noite de quinta-feira sobre as medidas de enfrentamento \u00e0 pandemia nesta nova fase do programa. &nbsp; De acordo com a classifica\u00e7\u00e3o do Minas Consciente, Muria\u00e9 permanece por mais uma semana na chamada Onda Vermelha. [&hellip;]<\/p>\n","protected":false},"author":6,"featured_media":0,"comment_status":"open","ping_status":"closed","sticky":false,"template":"","format":"standard","meta":{"_joinchat":[],"footnotes":""},"categories":[1],"tags":[],"class_list":["post-73701","post","type-post","status-publish","format-standard","hentry","category-sem-categoria"],"_links":{"self":[{"href":"http:\/\/folhadosudeste.com\/site\/index.php?rest_route=\/wp\/v2\/posts\/73701","targetHints":{"allow":["GET"]}}],"collection":[{"href":"http:\/\/folhadosudeste.com\/site\/index.php?rest_route=\/wp\/v2\/posts"}],"about":[{"href":"http:\/\/folhadosudeste.com\/site\/index.php?rest_route=\/wp\/v2\/types\/post"}],"author":[{"embeddable":true,"href":"http:\/\/folhadosudeste.com\/site\/index.php?rest_route=\/wp\/v2\/users\/6"}],"replies":[{"embeddable":true,"href":"http:\/\/folhadosudeste.com\/site\/index.php?rest_route=%2Fwp%2Fv2%2Fcomments&post=73701"}],"version-history":[{"count":1,"href":"http:\/\/folhadosudeste.com\/site\/index.php?rest_route=\/wp\/v2\/posts\/73701\/revisions"}],"predecessor-version":[{"id":73703,"href":"http:\/\/folhadosudeste.com\/site\/index.php?rest_route=\/wp\/v2\/posts\/73701\/revisions\/73703"}],"wp:attachment":[{"href":"http:\/\/folhadosudeste.com\/site\/index.php?rest_route=%2Fwp%2Fv2%2Fmedia&parent=73701"}],"wp:term":[{"taxonomy":"category","embeddable":true,"href":"http:\/\/folhadosudeste.com\/site\/index.php?rest_route=%2Fwp%2Fv2%2Fcategories&post=73701"},{"taxonomy":"post_tag","embeddable":true,"href":"http:\/\/folhadosudeste.com\/site\/index.php?rest_route=%2Fwp%2Fv2%2Ftags&post=73701"}],"curies":[{"name":"wp","href":"https:\/\/api.w.org\/{rel}","templated":true}]}}