{"id":73704,"date":"2021-01-29T19:27:10","date_gmt":"2021-01-29T19:27:10","guid":{"rendered":"http:\/\/folhadosudeste.com\/site\/?p=73704"},"modified":"2021-01-29T19:27:10","modified_gmt":"2021-01-29T19:27:10","slug":"muriae-lanca-calendario-escolar-municipal","status":"publish","type":"post","link":"http:\/\/folhadosudeste.com\/site\/?p=73704","title":{"rendered":"Muria\u00e9 lan\u00e7a Calend\u00e1rio Escolar Municipal"},"content":{"rendered":"<p align=\"justify\"><a href=\"http:\/\/folhadosudeste.com\/site\/wp-content\/uploads\/2021\/01\/IMG_2797.jpg\"><img loading=\"lazy\" decoding=\"async\" class=\"alignnone size-full wp-image-73705\" src=\"http:\/\/folhadosudeste.com\/site\/wp-content\/uploads\/2021\/01\/IMG_2797.jpg\" alt=\"\" width=\"2048\" height=\"1536\" srcset=\"http:\/\/folhadosudeste.com\/site\/wp-content\/uploads\/2021\/01\/IMG_2797.jpg 2048w, http:\/\/folhadosudeste.com\/site\/wp-content\/uploads\/2021\/01\/IMG_2797-300x225.jpg 300w, http:\/\/folhadosudeste.com\/site\/wp-content\/uploads\/2021\/01\/IMG_2797-768x576.jpg 768w, http:\/\/folhadosudeste.com\/site\/wp-content\/uploads\/2021\/01\/IMG_2797-1024x768.jpg 1024w\" sizes=\"auto, (max-width: 2048px) 100vw, 2048px\" \/><\/a><\/p>\n<p style=\"text-align: justify;\" align=\"justify\">As escolas voltam a funcionar dia 04 de fevereiro. Inicialmente o servi\u00e7o estar\u00e1 funcionando de forma interna \u2013 diretoras, administra\u00e7\u00e3o, secret\u00e1rias e professores. O ano letivo para os estudantes iniciar\u00e1 dia 08 de fevereiro (segunda-feira), quando os alunos iniciar\u00e3o o acesso a nova plataforma de estudo \u2018DigiEscola\u2019 e come\u00e7ar\u00e3o com leituras e atividades escolares.<\/p>\n<p style=\"text-align: justify;\" align=\"justify\">Na semana anterior houve uma reuni\u00e3o com o Conselho Municipal de Educa\u00e7\u00e3o e, neste momento, ficou definido o calend\u00e1rio escolar. Devido as reuni\u00f5es entre secretarias de Educa\u00e7\u00e3o e Sa\u00fade definiu-se que a volta as aulas ser\u00e3o remotas inicialmente, via plataforma de ensino. Todo o processo respeitar\u00e1 as normas do Minas Consciente.<\/p>\n<p style=\"text-align: justify;\" align=\"justify\">A secret\u00e1ria adjunta de Educa\u00e7\u00e3o, Andr\u00e9a Medina, informa que, logo ap\u00f3s, haver\u00e1 um retorno h\u00edbrido. \u201cAlguns alunos poder\u00e3o ir \u00e0s escolas esporadicamente. O sistema de ensino ficar\u00e1 neste formato at\u00e9 que saiamos da onda vermelha\u201d, lembrou.<\/p>\n<p style=\"text-align: justify;\" align=\"justify\">A volta as aulas trar\u00e1 tamb\u00e9m o retorno do kit Merenda. Quando os pa\u00eds forem a escola para efetuar a matr\u00edcula, eles j\u00e1 estar\u00e3o recebendo uma cesta de alimentos para levarem para casa.<\/p>\n<p style=\"text-align: justify;\" align=\"justify\">\u201cA partir de agora, o kit ser\u00e1 entregue semanalmente para os pais. Estamos prontos para come\u00e7ar as aulas remotas e temos muitas novidades em nossa plataforma para que possamos interagir com os alunos. Vamos despertar o interesse de nossos estudantes e conduz\u00ed-los atrav\u00e9s de um excelente plano de estudo. Ser\u00e1 magn\u00edfico o retorno escolar\u201d, frisou Andr\u00e9a Medina, satisfeita com a nova forma de levar conhecimento \u00e0s crian\u00e7as e jovens, criada neste ano de 2021.<\/p>\n","protected":false},"excerpt":{"rendered":"<p>As escolas voltam a funcionar dia 04 de fevereiro. Inicialmente o servi\u00e7o estar\u00e1 funcionando de forma interna \u2013 diretoras, administra\u00e7\u00e3o, secret\u00e1rias e professores. O ano letivo para os estudantes iniciar\u00e1 dia 08 de fevereiro (segunda-feira), quando os alunos iniciar\u00e3o o acesso a nova plataforma de estudo \u2018DigiEscola\u2019 e come\u00e7ar\u00e3o com leituras e atividades escolares. Na [&hellip;]<\/p>\n","protected":false},"author":6,"featured_media":0,"comment_status":"open","ping_status":"closed","sticky":false,"template":"","format":"standard","meta":{"_joinchat":[],"footnotes":""},"categories":[1],"tags":[],"class_list":["post-73704","post","type-post","status-publish","format-standard","hentry","category-sem-categoria"],"_links":{"self":[{"href":"http:\/\/folhadosudeste.com\/site\/index.php?rest_route=\/wp\/v2\/posts\/73704","targetHints":{"allow":["GET"]}}],"collection":[{"href":"http:\/\/folhadosudeste.com\/site\/index.php?rest_route=\/wp\/v2\/posts"}],"about":[{"href":"http:\/\/folhadosudeste.com\/site\/index.php?rest_route=\/wp\/v2\/types\/post"}],"author":[{"embeddable":true,"href":"http:\/\/folhadosudeste.com\/site\/index.php?rest_route=\/wp\/v2\/users\/6"}],"replies":[{"embeddable":true,"href":"http:\/\/folhadosudeste.com\/site\/index.php?rest_route=%2Fwp%2Fv2%2Fcomments&post=73704"}],"version-history":[{"count":1,"href":"http:\/\/folhadosudeste.com\/site\/index.php?rest_route=\/wp\/v2\/posts\/73704\/revisions"}],"predecessor-version":[{"id":73706,"href":"http:\/\/folhadosudeste.com\/site\/index.php?rest_route=\/wp\/v2\/posts\/73704\/revisions\/73706"}],"wp:attachment":[{"href":"http:\/\/folhadosudeste.com\/site\/index.php?rest_route=%2Fwp%2Fv2%2Fmedia&parent=73704"}],"wp:term":[{"taxonomy":"category","embeddable":true,"href":"http:\/\/folhadosudeste.com\/site\/index.php?rest_route=%2Fwp%2Fv2%2Fcategories&post=73704"},{"taxonomy":"post_tag","embeddable":true,"href":"http:\/\/folhadosudeste.com\/site\/index.php?rest_route=%2Fwp%2Fv2%2Ftags&post=73704"}],"curies":[{"name":"wp","href":"https:\/\/api.w.org\/{rel}","templated":true}]}}