{"id":73707,"date":"2021-01-29T19:28:25","date_gmt":"2021-01-29T19:28:25","guid":{"rendered":"http:\/\/folhadosudeste.com\/site\/?p=73707"},"modified":"2021-01-29T19:28:25","modified_gmt":"2021-01-29T19:28:25","slug":"casa-acolhedora-recebe-reformas-para-potencializar-atendimento-aos-migrantes-com-risco-social","status":"publish","type":"post","link":"http:\/\/folhadosudeste.com\/site\/?p=73707","title":{"rendered":"Casa Acolhedora recebe reformas para potencializar atendimento aos migrantes com risco social"},"content":{"rendered":"<p align=\"justify\"><a href=\"http:\/\/folhadosudeste.com\/site\/wp-content\/uploads\/2021\/01\/IMG_2778.jpg\"><img loading=\"lazy\" decoding=\"async\" class=\"alignnone size-full wp-image-73708\" src=\"http:\/\/folhadosudeste.com\/site\/wp-content\/uploads\/2021\/01\/IMG_2778.jpg\" alt=\"\" width=\"2048\" height=\"1536\" srcset=\"http:\/\/folhadosudeste.com\/site\/wp-content\/uploads\/2021\/01\/IMG_2778.jpg 2048w, http:\/\/folhadosudeste.com\/site\/wp-content\/uploads\/2021\/01\/IMG_2778-300x225.jpg 300w, http:\/\/folhadosudeste.com\/site\/wp-content\/uploads\/2021\/01\/IMG_2778-768x576.jpg 768w, http:\/\/folhadosudeste.com\/site\/wp-content\/uploads\/2021\/01\/IMG_2778-1024x768.jpg 1024w\" sizes=\"auto, (max-width: 2048px) 100vw, 2048px\" \/><\/a><\/p>\n<p style=\"text-align: justify;\" align=\"justify\">A Casa Acolhedora Carlos Seelen, que acolhe provis\u00f3riamente pessoas em situa\u00e7\u00e3o de vulnerabilidade social, est\u00e1 passando por uma reestrutura\u00e7\u00e3o. A Prefeitura busca aprimorar as depend\u00eancias do espa\u00e7o que abriga migrantes, assim como busca promover a qualidade do atendimento \u00e0s pessoas que passam pela institui\u00e7\u00e3o.<\/p>\n<p style=\"text-align: justify;\" align=\"justify\">A institui\u00e7\u00e3o \u00e9 um servi\u00e7o de acolhimento, para adultos e fam\u00edlia. Ela faz parte do Sistema \u00danico de Assist\u00eancia Social (SUAS) e oferece acolhimento provis\u00f3rio (tempor\u00e1rio), garantindo prote\u00e7\u00e3o integral e preservando a privacidade de pessoas do mesmo sexo ou da mesma fam\u00edlia, com as conex\u00f5es familiares rompidas ou fragilizadas.<\/p>\n<p style=\"text-align: justify;\" align=\"justify\">O principal objetivo do espa\u00e7o \u00e9 contribuir para a preven\u00e7\u00e3o do agravamento de situa\u00e7\u00f5es de neglig\u00eancia, viol\u00eancia e ruptura de v\u00ednculos. Tamb\u00e9m se trabalha com o objetivo de restabelecer rela\u00e7\u00f5es, conv\u00edvios familiares e\/ou sociais, al\u00e9m de propiciar a autonomia dos atendidos na unidade.<\/p>\n<p style=\"text-align: justify;\" align=\"justify\">A&nbsp;institui\u00e7\u00e3o&nbsp;fornece alimenta\u00e7\u00e3o, estadia, roupas e cal\u00e7ados para pessoas em situa\u00e7\u00e3o de rua,&nbsp;assim como&nbsp;passagem de \u00f4nibus intermunicipal para migrantes&nbsp;e o&nbsp;atendimento psicossocial.&nbsp;\u201cRecebemos pessoas em tr\u00e2nsito e sem condi\u00e7\u00f5es de se sustentar. Oferecemos as refei\u00e7\u00f5es, banho e local para dormir de forma confort\u00e1vel\u201d, explicou o coordenador da Casa, Fabiano Ant\u00f4nio de Oliveira Silva \u2013 Sargento Fabiano.<\/p>\n<p align=\"justify\"><!--more--><\/p>\n<p style=\"text-align: justify;\" align=\"justify\">A Casa Acolhedora tem uma equipe formada por assistentes sociais, psic\u00f3logos, cuidadores e funcion\u00e1rios que garantem, al\u00e9m da alimenta\u00e7\u00e3o, seguran\u00e7a e limpeza do ambiente, cerca de cinco refei\u00e7\u00f5es di\u00e1rias. \u201cA primeira \u00e0s 7 horas da manh\u00e3, quando \u00e9 servido o caf\u00e9. Depois, \u00e0s 11, o almo\u00e7o. \u00c0s 15, caf\u00e9 da tarde. \u00c0s 19h30, \u00e9 oferecido o jantar e, j\u00e1 mais tarde, antes de dormir, servimos a ceia\u201d, detalhou a assistente social, Lusiane Battisti.<\/p>\n<p style=\"text-align: justify;\" align=\"justify\">SERVI\u00c7O:<\/p>\n<p style=\"text-align: justify;\" align=\"justify\">Casa Acolhedora<\/p>\n<p style=\"text-align: justify;\" align=\"justify\"><b>Local<\/b>: Rua J\u00falio Brand\u00e3o, 168, Barra \u2013 pr\u00f3ximo ao antigo Campo do Nacional<\/p>\n<p style=\"text-align: justify;\" align=\"justify\"><b>Hor\u00e1rio<\/b>: 24 horas<\/p>\n<p style=\"text-align: justify;\" align=\"justify\"><b>Telefone<\/b>: 3721 &#8211; 4602<\/p>\n","protected":false},"excerpt":{"rendered":"<p>A Casa Acolhedora Carlos Seelen, que acolhe provis\u00f3riamente pessoas em situa\u00e7\u00e3o de vulnerabilidade social, est\u00e1 passando por uma reestrutura\u00e7\u00e3o. A Prefeitura busca aprimorar as depend\u00eancias do espa\u00e7o que abriga migrantes, assim como busca promover a qualidade do atendimento \u00e0s pessoas que passam pela institui\u00e7\u00e3o. A institui\u00e7\u00e3o \u00e9 um servi\u00e7o de acolhimento, para adultos e fam\u00edlia. [&hellip;]<\/p>\n","protected":false},"author":6,"featured_media":0,"comment_status":"open","ping_status":"closed","sticky":false,"template":"","format":"standard","meta":{"_joinchat":[],"footnotes":""},"categories":[1],"tags":[],"class_list":["post-73707","post","type-post","status-publish","format-standard","hentry","category-sem-categoria"],"_links":{"self":[{"href":"http:\/\/folhadosudeste.com\/site\/index.php?rest_route=\/wp\/v2\/posts\/73707","targetHints":{"allow":["GET"]}}],"collection":[{"href":"http:\/\/folhadosudeste.com\/site\/index.php?rest_route=\/wp\/v2\/posts"}],"about":[{"href":"http:\/\/folhadosudeste.com\/site\/index.php?rest_route=\/wp\/v2\/types\/post"}],"author":[{"embeddable":true,"href":"http:\/\/folhadosudeste.com\/site\/index.php?rest_route=\/wp\/v2\/users\/6"}],"replies":[{"embeddable":true,"href":"http:\/\/folhadosudeste.com\/site\/index.php?rest_route=%2Fwp%2Fv2%2Fcomments&post=73707"}],"version-history":[{"count":1,"href":"http:\/\/folhadosudeste.com\/site\/index.php?rest_route=\/wp\/v2\/posts\/73707\/revisions"}],"predecessor-version":[{"id":73709,"href":"http:\/\/folhadosudeste.com\/site\/index.php?rest_route=\/wp\/v2\/posts\/73707\/revisions\/73709"}],"wp:attachment":[{"href":"http:\/\/folhadosudeste.com\/site\/index.php?rest_route=%2Fwp%2Fv2%2Fmedia&parent=73707"}],"wp:term":[{"taxonomy":"category","embeddable":true,"href":"http:\/\/folhadosudeste.com\/site\/index.php?rest_route=%2Fwp%2Fv2%2Fcategories&post=73707"},{"taxonomy":"post_tag","embeddable":true,"href":"http:\/\/folhadosudeste.com\/site\/index.php?rest_route=%2Fwp%2Fv2%2Ftags&post=73707"}],"curies":[{"name":"wp","href":"https:\/\/api.w.org\/{rel}","templated":true}]}}