{"id":73710,"date":"2021-01-29T19:30:15","date_gmt":"2021-01-29T19:30:15","guid":{"rendered":"http:\/\/folhadosudeste.com\/site\/?p=73710"},"modified":"2021-01-29T19:30:37","modified_gmt":"2021-01-29T19:30:37","slug":"comercio-em-geral-e-demais-atividades-podem-funcionar-em-mg","status":"publish","type":"post","link":"http:\/\/folhadosudeste.com\/site\/?p=73710","title":{"rendered":"Com\u00e9rcio em geral e demais atividades podem funcionar em MG"},"content":{"rendered":"<p><img decoding=\"async\" src=\"https:\/\/mediaserver.almg.gov.br\/acervo\/320\/594\/1320594.jpg?__scale=w:664,h:50\" alt=\"Atividades socioecon\u00f4micas poder\u00e3o funcionar, com protocolos mais r\u00edgidos, independentemente da onda em que se encontrar a macrorregi\u00e3o\"><\/p>\n<p class=\"content_01_subtitle\"><em>Libera\u00e7\u00e3o do Comit\u00ea Covid-19 tamb\u00e9m vale na onda vermelha, mas com protocolos e maior distanciamento<\/em><\/p>\n<p style=\"text-align: justify;\">Foram publicadas no Di\u00e1rio Oficial Minas Gerais desta quinta-feira (28\/1\/21) as Delibera\u00e7\u00f5es 120 e 122 do Comit\u00ea Extraordin\u00e1rio Covid-19 atualizando o Minas Consciente, plano do governo que orienta as atividades socioecon\u00f4micas nas macrorregi\u00f5es de sa\u00fade do Estado para conter o avan\u00e7o da doen\u00e7a.<\/p>\n<p style=\"text-align: justify;\">Conforme anunciado pelo governo por meio da Ag\u00eancia Minas, nesta fase 3 do plano, a atualiza\u00e7\u00e3o das normas trata n\u00e3o mais da retormada de atividades conforme os riscos, mas de procedimentos para o funcionamento de todas as atividades socioecon\u00f4micas, independentemente da onda em que se encontrar a macrorregi\u00e3o.<\/p>\n<p style=\"text-align: justify;\">Assim, atividades como o com\u00e9rcio em geral e eventos p\u00fablicos ou privados, por exemplo, podem ser liberadas mesmo que o munic\u00edpio se encontre na onda vermelha, a de maior risco para a doen\u00e7a e at\u00e9 ent\u00e3o a de maior restri\u00e7\u00e3o para o funcionamento de atividades em rela\u00e7\u00e3o \u00e0s ondas amarela, de m\u00e9dia restri\u00e7\u00e3o, e verde, de menor restri\u00e7\u00e3o.<\/p>\n<p style=\"text-align: justify;\">Contudo, h\u00e1 regras mais r\u00edgidas levando em conta, por exemplo, o distanciamento social, com maior restri\u00e7\u00e3o na onda vermelha mesmo para servi\u00e7os essenciais, como padarias, bancos, farm\u00e1cias e supermercados.<\/p>\n<p><!--more--><\/p>\n<p style=\"text-align: justify;\">Segundo j\u00e1 havia sido anunciado pelo governo, nos servi\u00e7os essenciais o distanciamento linear entre as pessoas, que era de dois metros na onda vermelha, passa a ser de tr\u00eas metros. Esse distanciamento vale tamb\u00e9m para todos os demais servi\u00e7os e eventos que passam a ser permitidos na onda vermelha.<\/p>\n<p style=\"text-align: justify;\">Nas ondas amarela e verde, o distanciamento social \u00e9 menor, de 1,5 metros entre as pessoas nos dois casos.<\/p>\n<p style=\"text-align: justify;\">P\u00fablico &#8211; Conforme a Delibera\u00e7\u00e3o 122, a realiza\u00e7\u00e3o de eventos e reuni\u00f5es de qualquer natureza, de car\u00e1ter p\u00fablico ou privado, inclu\u00eddas excurs\u00f5es e cursos presenciais, \u00e9 permitida na onda vermelha desde que com o limite de 30 pessoas ou o equivalente a uma pessoa a cada 10 m\u00b2 para ambientes fechados e uma a cada 4 m\u00b2 para ambientes abertos.<\/p>\n<p style=\"text-align: justify;\">Na onda amarela, os limites s\u00e3o de 100 pessoas ou uma pessoa a cada 4 m\u00b2; na onda verde, de at\u00e9 250 pessoas presentes, ou de uma pessoa tamb\u00e9m a cada 4 m\u00b2, sem distin\u00e7\u00e3o mencionada para espa\u00e7os abertos ou fechados nesta delibera\u00e7\u00e3o.<\/p>\n<p style=\"text-align: justify;\">Conforme divulgou o governo, na onda vermelha o limite para ocupa\u00e7\u00e3o \u00e9 de at\u00e9 50% para hot\u00e9is e atra\u00e7\u00f5es naturais e culturais e os estabelecimentos de servi\u00e7os n\u00e3o-essenciais devem limitar o atendimento a um cliente por atendente. Contudo, se n\u00e3o houver atendimento ao p\u00fablico, ou se o espa\u00e7o for a c\u00e9u aberto, a capacidade de ocupa\u00e7\u00e3o pode aumentar, com uma pessoa a cada 4 m\u00b2 na onda.<\/p>\n<p style=\"text-align: justify;\">Na onda amarela, a ocupa\u00e7\u00e3o limite \u00e9 de at\u00e9 75% de ocupa\u00e7\u00e3o, podendo chegar a 100% na onda verde.<\/p>\n<p style=\"text-align: justify;\">Para todas as ondas, ficam mantidas orienta\u00e7\u00f5es como proibi\u00e7\u00e3o de auto atendimento pelo cliente (self service); est\u00edmulo ao teletrabalho dos funcion\u00e1rios e ao atendimento com agendamento pr\u00e9vio; e aferi\u00e7\u00e3o obrigat\u00f3ria de temperatura de funcion\u00e1rios e clientes.<\/p>\n<p style=\"text-align: justify;\">Funcionamento, e n\u00e3o mais abertura &#8211; Para a ado\u00e7\u00e3o dos novos par\u00e2metros em vigor, a Delibera\u00e7\u00e3o 120 tamb\u00e9m publicada nesta quinta (28) faz adequa\u00e7\u00f5es ao plano Minas Consciente no que toca \u00e0s fases relativas \u00e0s ondas. O que at\u00e9 ent\u00e3o eram citadas no plano como fases de abertura, quanto \u00e0s atividades, passam a ser fases de funcionamento.<\/p>\n<p style=\"text-align: justify;\">Da mesma forma, os protocolos sanit\u00e1rios epidemiol\u00f3gicos tratados em anexo da delibera\u00e7\u00e3o passam a contemplar todas as atividades socioecon\u00f4micas e aplic\u00e1veis a pessoas naturais e jur\u00eddicas observadas as fases de funcionamento.<\/p>\n","protected":false},"excerpt":{"rendered":"<p>Libera\u00e7\u00e3o do Comit\u00ea Covid-19 tamb\u00e9m vale na onda vermelha, mas com protocolos e maior distanciamento Foram publicadas no Di\u00e1rio Oficial Minas Gerais desta quinta-feira (28\/1\/21) as Delibera\u00e7\u00f5es 120 e 122 do Comit\u00ea Extraordin\u00e1rio Covid-19 atualizando o Minas Consciente, plano do governo que orienta as atividades socioecon\u00f4micas nas macrorregi\u00f5es de sa\u00fade do Estado para conter o [&hellip;]<\/p>\n","protected":false},"author":6,"featured_media":0,"comment_status":"open","ping_status":"closed","sticky":false,"template":"","format":"standard","meta":{"_joinchat":[],"footnotes":""},"categories":[1],"tags":[],"class_list":["post-73710","post","type-post","status-publish","format-standard","hentry","category-sem-categoria"],"_links":{"self":[{"href":"http:\/\/folhadosudeste.com\/site\/index.php?rest_route=\/wp\/v2\/posts\/73710","targetHints":{"allow":["GET"]}}],"collection":[{"href":"http:\/\/folhadosudeste.com\/site\/index.php?rest_route=\/wp\/v2\/posts"}],"about":[{"href":"http:\/\/folhadosudeste.com\/site\/index.php?rest_route=\/wp\/v2\/types\/post"}],"author":[{"embeddable":true,"href":"http:\/\/folhadosudeste.com\/site\/index.php?rest_route=\/wp\/v2\/users\/6"}],"replies":[{"embeddable":true,"href":"http:\/\/folhadosudeste.com\/site\/index.php?rest_route=%2Fwp%2Fv2%2Fcomments&post=73710"}],"version-history":[{"count":1,"href":"http:\/\/folhadosudeste.com\/site\/index.php?rest_route=\/wp\/v2\/posts\/73710\/revisions"}],"predecessor-version":[{"id":73711,"href":"http:\/\/folhadosudeste.com\/site\/index.php?rest_route=\/wp\/v2\/posts\/73710\/revisions\/73711"}],"wp:attachment":[{"href":"http:\/\/folhadosudeste.com\/site\/index.php?rest_route=%2Fwp%2Fv2%2Fmedia&parent=73710"}],"wp:term":[{"taxonomy":"category","embeddable":true,"href":"http:\/\/folhadosudeste.com\/site\/index.php?rest_route=%2Fwp%2Fv2%2Fcategories&post=73710"},{"taxonomy":"post_tag","embeddable":true,"href":"http:\/\/folhadosudeste.com\/site\/index.php?rest_route=%2Fwp%2Fv2%2Ftags&post=73710"}],"curies":[{"name":"wp","href":"https:\/\/api.w.org\/{rel}","templated":true}]}}