{"id":73715,"date":"2021-01-29T19:33:45","date_gmt":"2021-01-29T19:33:45","guid":{"rendered":"http:\/\/folhadosudeste.com\/site\/?p=73715"},"modified":"2021-01-29T19:33:45","modified_gmt":"2021-01-29T19:33:45","slug":"camara-de-muriae-reune-autoridades-para-discutir-projetos-de-emergencia-que-deram-entrada-na-casa-referentes-a-saude","status":"publish","type":"post","link":"http:\/\/folhadosudeste.com\/site\/?p=73715","title":{"rendered":"C\u00e2mara de Muria\u00e9 re\u00fane autoridades para discutir projetos de emerg\u00eancia que deram entrada na Casa referentes \u00e0 Sa\u00fade"},"content":{"rendered":"<p><a href=\"http:\/\/folhadosudeste.com\/site\/wp-content\/uploads\/2021\/01\/DSC_0018.jpg\"><img loading=\"lazy\" decoding=\"async\" class=\"alignnone size-full wp-image-73716\" src=\"http:\/\/folhadosudeste.com\/site\/wp-content\/uploads\/2021\/01\/DSC_0018.jpg\" alt=\"\" width=\"2048\" height=\"1369\" srcset=\"http:\/\/folhadosudeste.com\/site\/wp-content\/uploads\/2021\/01\/DSC_0018.jpg 2048w, http:\/\/folhadosudeste.com\/site\/wp-content\/uploads\/2021\/01\/DSC_0018-300x201.jpg 300w, http:\/\/folhadosudeste.com\/site\/wp-content\/uploads\/2021\/01\/DSC_0018-768x513.jpg 768w, http:\/\/folhadosudeste.com\/site\/wp-content\/uploads\/2021\/01\/DSC_0018-1024x684.jpg 1024w, http:\/\/folhadosudeste.com\/site\/wp-content\/uploads\/2021\/01\/DSC_0018-120x80.jpg 120w, http:\/\/folhadosudeste.com\/site\/wp-content\/uploads\/2021\/01\/DSC_0018-345x230.jpg 345w\" sizes=\"auto, (max-width: 2048px) 100vw, 2048px\" \/><\/a><\/p>\n<p style=\"text-align: justify;\">O presidente Afonso da Sa\u00fade, muito voltado e preocupado com a \u00e1rea que atua h\u00e1 mais de 20 anos e da qual se tornou conhecido, convidou os vereadores para uma reuni\u00e3o na noite de ontem (27\/01) com o secret\u00e1rio municipal de Fazenda, Francisco de Assis de Souza Jr. e a diretora administrativa da Casa de Caridade Hospital S\u00e3o Paulo, Rita Pereira. O objetivo do encontro foi<strong>&nbsp;<\/strong>ofertar orienta\u00e7\u00f5es e esclarecimentos aos vereadores sobre os projetos que deram entrada na Casa, em car\u00e1ter de urg\u00eancia, voltados \u00e0 \u00e1rea de Sa\u00fade, para que todos tenham condi\u00e7\u00f5es de discutir e vot\u00e1-los assim que estiverem em pauta. Al\u00e9m dos dois, tamb\u00e9m compareceram \u00e0 reuni\u00e3o o provedor da Casa de Caridade HSP, Dr. Edivar Pereira de Almeida e o diretor t\u00e9cnico desta institui\u00e7\u00e3o, Dr. Gustavo de Oliveira Ribeiro. A reuni\u00e3o com a presen\u00e7a dos vereadores, assessores parlamentares e convidados manteve os cuidados referentes ao protocolo de medidas de combate a transmiss\u00e3o do Covid-19, com o devido distanciamento entre os presentes e um quantitativo de pessoas no espa\u00e7o inferior ao permitido.<\/p>\n<p style=\"text-align: justify;\">Um dos projetos apresentados pelo secret\u00e1rio de Fazenda e que j\u00e1 est\u00e1 na Casa Legislativa \u00e9 o que autoriza a abertura de Cr\u00e9dito Adicional Especial para a Sa\u00fade no valor de R$ 2.373.600,00 a fim de consignar servi\u00e7os, considerados imprescind\u00edveis pelo Executivo. Entre eles est\u00e1 a reativa\u00e7\u00e3o do conv\u00eanio com o Cons\u00f3rcio Intermunicipal de Sa\u00fade da Mata Leste \u2013 Cisleste e a libera\u00e7\u00e3o de recursos essenciais ao Cons\u00f3rcio para seja disponibilizada \u00e0 popula\u00e7\u00e3o de Muria\u00e9, usu\u00e1ria do SUS, uma gama enorme de consultas e exames, ofertando mais agilidade ao atendimento m\u00e9dico especializado e aos exames necess\u00e1rios a um eficiente diagn\u00f3stico. Al\u00e9m disso, estes recursos permitir\u00e3o o retorno para \u00e0 administra\u00e7\u00e3o do Executivo dos servi\u00e7os do Centro de Aten\u00e7\u00e3o Psicossocial \u2013 CAPS, que estava sob a responsabilidade de uma associa\u00e7\u00e3o n\u00e3o governamental. O CAPS conta com uma equipe multiprofissional para um atendimento interdisciplinar, oferecendo um local seguro e devidamente preparado para abrigar pacientes portadores de dist\u00farbios mentais que necessitam de cuidados especiais.<\/p>\n<p><!--more--><\/p>\n<p style=\"text-align: justify;\">O segundo projeto apresentado pelo secret\u00e1rio solicita a autoriza\u00e7\u00e3o de abertura de cr\u00e9dito adicional no total de R$ 8.085.000,00 a fim de atender quatro necessidades permanentes na \u00e1rea de sa\u00fade, a saber:<\/p>\n<p style=\"text-align: justify;\">&#8211; Subven\u00e7\u00f5es sociais ao HSP em contrapartida aos servi\u00e7os prestados pela entidade gratuitamente \u00e0 popula\u00e7\u00e3o (R$ 4.080.000,00);<\/p>\n<p style=\"text-align: justify;\">&#8211; Ajustamento cont\u00e1bil do pagamento das obriga\u00e7\u00f5es patronais do programa de Estrat\u00e9gia Sa\u00fade da Fam\u00edlia que, segundo o Executivo, n\u00e3o est\u00e1 devidamente adequado no Or\u00e7amento de 2021 (R$ 2.000.000,00);<\/p>\n<p style=\"text-align: justify;\">&#8211; Trazer de volta ao munic\u00edpio o controle \u00e0 efetiva realiza\u00e7\u00e3o dos servi\u00e7os de sa\u00fade ambulatorial &nbsp;\u00e0 gestantes e crian\u00e7as de alto risco, mulheres com altera\u00e7\u00f5es de mama e de colo uterino, al\u00e9m de usu\u00e1rios com hipertens\u00e3o, diabetes e doen\u00e7a renal cr\u00f4nica de alto e muito alto grau de risco, que estavam sendo realizados por meio de uma organiza\u00e7\u00e3o social (R$ 1.320.000,00);<\/p>\n<p style=\"text-align: justify;\">&#8211; Retirar os recursos que eram destinados ao Cons\u00f3rcio Intermunicipal Multifinalit\u00e1rio dos Munic\u00edpios da Microrregi\u00e3o Rio Pomba \u2013 Cimerp \u2013 em favor da Associa\u00e7\u00e3o dos Munic\u00edpios da Microrregi\u00e3o do M\u00e9dio Rio Pomba \u2013 AMERP \u2013 que, segundo o Executivo, n\u00e3o visa lucro e p\u00f5e em pr\u00e1tica a pol\u00edtica de integra\u00e7\u00e3o socioecon\u00f4mica e cultura de seus associados, uma vez que o Cimerp ainda n\u00e3o foi viabilizado (R$ 685.000,00).<\/p>\n<p style=\"text-align: justify;\">O terceiro projeto tamb\u00e9m diz respeito a abertura de cr\u00e9dito adicional especial para a\u00e7\u00f5es de enfrentamento a emerg\u00eancia de sa\u00fade nacional, referente a pandemia do Covid-19, no montante de R$ 500.000,00.<\/p>\n<p style=\"text-align: justify;\">Ap\u00f3s a apresenta\u00e7\u00e3o t\u00e9cnica dos projetos, realizada pelo secret\u00e1rio Francisco Souza Jr., a diretora administrativa do HSP, Rita Pereira, explicou aos vereadores como funciona na institui\u00e7\u00e3o o atendimento p\u00fablico em Muria\u00e9, os servi\u00e7os que s\u00e3o prestados e a necessidade destes recursos para a manuten\u00e7\u00e3o do atendimento. Em seguida, os vereadores realizaram v\u00e1rios questionamentos, discutiram v\u00e1rios pontos dos projetos, esclareceram d\u00favidas e apresentaram algumas sugest\u00f5es buscando mais transpar\u00eancia e acesso \u00e0s informa\u00e7\u00f5es referentes ao atendimento do HSP, via SUS.<\/p>\n<p style=\"text-align: justify;\">Segundo o presidente da C\u00e2mara, vereador Afonso da Sa\u00fade, a reuni\u00e3o, que n\u00e3o se tratou de uma sess\u00e3o extraordin\u00e1ria,&nbsp; foi importante para que todos os vereadores tivessem ci\u00eancia da import\u00e2ncia destes projetos que devem ser pautados para serem votados t\u00e3o logo sejam &nbsp;eleitos os demais membros da mesa diretora da Casa, o que acontecer\u00e1 na pr\u00f3xima ter\u00e7a-feira, dia 02, na primeira sess\u00e3o ordin\u00e1ria da 35\u00aa legislatura (2021\/2024).&nbsp;<\/p>\n<p><a href=\"http:\/\/folhadosudeste.com\/site\/wp-content\/uploads\/2021\/01\/DSC_0017-1.jpg\"><img loading=\"lazy\" decoding=\"async\" class=\"alignnone size-full wp-image-73717\" src=\"http:\/\/folhadosudeste.com\/site\/wp-content\/uploads\/2021\/01\/DSC_0017-1.jpg\" alt=\"\" width=\"2048\" height=\"1369\" srcset=\"http:\/\/folhadosudeste.com\/site\/wp-content\/uploads\/2021\/01\/DSC_0017-1.jpg 2048w, http:\/\/folhadosudeste.com\/site\/wp-content\/uploads\/2021\/01\/DSC_0017-1-300x201.jpg 300w, http:\/\/folhadosudeste.com\/site\/wp-content\/uploads\/2021\/01\/DSC_0017-1-768x513.jpg 768w, http:\/\/folhadosudeste.com\/site\/wp-content\/uploads\/2021\/01\/DSC_0017-1-1024x684.jpg 1024w, http:\/\/folhadosudeste.com\/site\/wp-content\/uploads\/2021\/01\/DSC_0017-1-120x80.jpg 120w, http:\/\/folhadosudeste.com\/site\/wp-content\/uploads\/2021\/01\/DSC_0017-1-345x230.jpg 345w\" sizes=\"auto, (max-width: 2048px) 100vw, 2048px\" \/><\/a> <a href=\"http:\/\/folhadosudeste.com\/site\/wp-content\/uploads\/2021\/01\/DSC_0026-1.jpg\"><img loading=\"lazy\" decoding=\"async\" class=\"alignnone size-full wp-image-73718\" src=\"http:\/\/folhadosudeste.com\/site\/wp-content\/uploads\/2021\/01\/DSC_0026-1.jpg\" alt=\"\" width=\"2048\" height=\"1369\" srcset=\"http:\/\/folhadosudeste.com\/site\/wp-content\/uploads\/2021\/01\/DSC_0026-1.jpg 2048w, http:\/\/folhadosudeste.com\/site\/wp-content\/uploads\/2021\/01\/DSC_0026-1-300x201.jpg 300w, http:\/\/folhadosudeste.com\/site\/wp-content\/uploads\/2021\/01\/DSC_0026-1-768x513.jpg 768w, http:\/\/folhadosudeste.com\/site\/wp-content\/uploads\/2021\/01\/DSC_0026-1-1024x684.jpg 1024w, http:\/\/folhadosudeste.com\/site\/wp-content\/uploads\/2021\/01\/DSC_0026-1-120x80.jpg 120w, http:\/\/folhadosudeste.com\/site\/wp-content\/uploads\/2021\/01\/DSC_0026-1-345x230.jpg 345w\" sizes=\"auto, (max-width: 2048px) 100vw, 2048px\" \/><\/a><\/p>\n","protected":false},"excerpt":{"rendered":"<p>O presidente Afonso da Sa\u00fade, muito voltado e preocupado com a \u00e1rea que atua h\u00e1 mais de 20 anos e da qual se tornou conhecido, convidou os vereadores para uma reuni\u00e3o na noite de ontem (27\/01) com o secret\u00e1rio municipal de Fazenda, Francisco de Assis de Souza Jr. e a diretora administrativa da Casa de [&hellip;]<\/p>\n","protected":false},"author":6,"featured_media":0,"comment_status":"open","ping_status":"closed","sticky":false,"template":"","format":"standard","meta":{"_joinchat":[],"footnotes":""},"categories":[1],"tags":[],"class_list":["post-73715","post","type-post","status-publish","format-standard","hentry","category-sem-categoria"],"_links":{"self":[{"href":"http:\/\/folhadosudeste.com\/site\/index.php?rest_route=\/wp\/v2\/posts\/73715","targetHints":{"allow":["GET"]}}],"collection":[{"href":"http:\/\/folhadosudeste.com\/site\/index.php?rest_route=\/wp\/v2\/posts"}],"about":[{"href":"http:\/\/folhadosudeste.com\/site\/index.php?rest_route=\/wp\/v2\/types\/post"}],"author":[{"embeddable":true,"href":"http:\/\/folhadosudeste.com\/site\/index.php?rest_route=\/wp\/v2\/users\/6"}],"replies":[{"embeddable":true,"href":"http:\/\/folhadosudeste.com\/site\/index.php?rest_route=%2Fwp%2Fv2%2Fcomments&post=73715"}],"version-history":[{"count":1,"href":"http:\/\/folhadosudeste.com\/site\/index.php?rest_route=\/wp\/v2\/posts\/73715\/revisions"}],"predecessor-version":[{"id":73719,"href":"http:\/\/folhadosudeste.com\/site\/index.php?rest_route=\/wp\/v2\/posts\/73715\/revisions\/73719"}],"wp:attachment":[{"href":"http:\/\/folhadosudeste.com\/site\/index.php?rest_route=%2Fwp%2Fv2%2Fmedia&parent=73715"}],"wp:term":[{"taxonomy":"category","embeddable":true,"href":"http:\/\/folhadosudeste.com\/site\/index.php?rest_route=%2Fwp%2Fv2%2Fcategories&post=73715"},{"taxonomy":"post_tag","embeddable":true,"href":"http:\/\/folhadosudeste.com\/site\/index.php?rest_route=%2Fwp%2Fv2%2Ftags&post=73715"}],"curies":[{"name":"wp","href":"https:\/\/api.w.org\/{rel}","templated":true}]}}