{"id":73725,"date":"2021-01-29T19:38:47","date_gmt":"2021-01-29T19:38:47","guid":{"rendered":"http:\/\/folhadosudeste.com\/site\/?p=73725"},"modified":"2021-01-29T19:38:47","modified_gmt":"2021-01-29T19:38:47","slug":"prefeitura-inicia-projeto-para-promover-turismo-e-desenvolvimento-em-belisario","status":"publish","type":"post","link":"http:\/\/folhadosudeste.com\/site\/?p=73725","title":{"rendered":"Prefeitura inicia projeto para promover turismo e desenvolvimento em Belis\u00e1rio"},"content":{"rendered":"<div><a href=\"http:\/\/folhadosudeste.com\/site\/wp-content\/uploads\/2021\/01\/DSC04609.jpg\"><img loading=\"lazy\" decoding=\"async\" class=\"alignnone size-full wp-image-73726\" src=\"http:\/\/folhadosudeste.com\/site\/wp-content\/uploads\/2021\/01\/DSC04609.jpg\" alt=\"\" width=\"2048\" height=\"1365\" srcset=\"http:\/\/folhadosudeste.com\/site\/wp-content\/uploads\/2021\/01\/DSC04609.jpg 2048w, http:\/\/folhadosudeste.com\/site\/wp-content\/uploads\/2021\/01\/DSC04609-300x200.jpg 300w, http:\/\/folhadosudeste.com\/site\/wp-content\/uploads\/2021\/01\/DSC04609-768x512.jpg 768w, http:\/\/folhadosudeste.com\/site\/wp-content\/uploads\/2021\/01\/DSC04609-1024x683.jpg 1024w, http:\/\/folhadosudeste.com\/site\/wp-content\/uploads\/2021\/01\/DSC04609-120x80.jpg 120w, http:\/\/folhadosudeste.com\/site\/wp-content\/uploads\/2021\/01\/DSC04609-345x230.jpg 345w\" sizes=\"auto, (max-width: 2048px) 100vw, 2048px\" \/><\/a><\/div>\n<div>&nbsp;<\/div>\n<div style=\"text-align: justify;\">A Prefeitura de Muria\u00e9, atrav\u00e9s da Secretaria de Desenvolvimento Econ\u00f4mico e do Departamento de Turismo da Fundarte, esteve em Belis\u00e1rio na \u00faltima quinta-feira (21) para visita t\u00e9cnica a diversos pontos do distrito. O trabalho foi o primeiro passo para a elabora\u00e7\u00e3o do projeto de turismo e desenvolvimento que a administra\u00e7\u00e3o municipal pretende desenvolver&nbsp; no distrito.<\/div>\n<div style=\"text-align: justify;\">&nbsp;<\/div>\n<div style=\"text-align: justify;\">Nesse sentido, os representantes da Fundarte, Wania Muahad e Bruno Bastos, junto com o assessor da Secretaria de Desenvolvimento Econ\u00f4mico, Leandro Latini, se reuniram com Cleber Paradela, do Grupo de Artes\u00e3os de Belis\u00e1rio (GAB) e Silvan Vital, respons\u00e1vel pelo receptivo da regi\u00e3o. O encontro teve objetivo de idealizar formas para aumentar a demanda do turismo e fomentar a economia criativa da comunidade.<\/div>\n<div style=\"text-align: justify;\">&nbsp;<\/div>\n<div style=\"text-align: justify;\">A visita t\u00e9cnica come\u00e7ou pela Cachoeira de Belis\u00e1rio, para a qual ficou constadada a necessidade de se facilitar o acesso entre a estrada e o local com sinaliza\u00e7\u00e3o, ponte e corrim\u00e3o de madeira.<\/div>\n<p><!--more--><\/p>\n<div style=\"text-align: justify;\">Logo depois, a comitiva foi at\u00e9 outra queda d\u2019\u00e1gua muito visitada na regi\u00e3o: a cachoeira do Naor, que j\u00e1 est\u00e1 adequada para receber turistas, sendo necess\u00e1rio apenas trabalhar na melhoria na estrada, sinaliza\u00e7\u00e3o e coloca\u00e7\u00e3o de lixeiras. Tamb\u00e9m est\u00e1 sendo avaliada a possibilidade de instala\u00e7\u00e3o de bancos de madeira para conforto dos visitantes.<\/div>\n<div style=\"text-align: justify;\">&nbsp;<\/div>\n<div style=\"text-align: justify;\">Outro atrativo nas proximidade \u00e9 a Vila dos Franciscanos de Santa Maria dos Anjos. Um local charmoso, situado bem em frente ao acesso para a cachoeira do Naor, que chama a aten\u00e7\u00e3o dos visitantes com sua igreja, fonte de \u00e1gua mineral e um pequeno po\u00e7o com carpas.<\/div>\n<div style=\"text-align: justify;\">&nbsp;<\/div>\n<div style=\"text-align: justify;\">Na gastronomia, um dos principais pontos do distrito \u00e9 o restaurante Fundo de Quintal, onde a equipe se reuniu para falar dos investimentos necess\u00e1rios. Em espa\u00e7o aberto e aconchegante, o cliente pode se servir \u00e0 vontade com a comida feita no fog\u00e3o \u00e0 lenha e ainda degustar gratuitamente os doces caseiros que s\u00e3o feitos e vendidos pela Dona Concei\u00e7\u00e3o, propriet\u00e1ria. Tudo cultivado com muito carinho no pr\u00f3prio local.<\/div>\n<div style=\"text-align: justify;\">&nbsp;<\/div>\n<div style=\"text-align: justify;\">A impress\u00e3o que ficou \u00e9 que a visita t\u00e9cnica foi muito produtiva para se entender melhor as peculiaridades de Belis\u00e1rio e, assim, se pensar em solu\u00e7\u00f5es para fomentar o desenvolvimento e o turismo no local. O grupo j\u00e1 deixou acertada a realiza\u00e7\u00e3o de uma nova reuni\u00e3o, prevista para ocorrer assim que o pa\u00eds deixar a pandemia da covid-19. Este futuro encontro ter\u00e1 a participa\u00e7\u00e3o de representantes da comunidade, que contribuir\u00e3o com suas sugest\u00f5es para a cria\u00e7\u00e3o do plano de a\u00e7\u00f5es.<\/div>\n<div style=\"text-align: justify;\">&nbsp;<\/div>\n<div style=\"text-align: justify;\">Belis\u00e1rio fica situado a cerca de 30km de Muria\u00e9, fica aos p\u00e9s do Pico do Itajuru e integra a regi\u00e3o da Serra do Brigadeiro. A&nbsp; comunidade \u00e9 institu\u00edda como Patrim\u00f4nio H\u00eddrico de Muria\u00e9 e possui diversas belezas naturais que proporcionam momentos inesquec\u00edveis para quem curte passeios em meio \u00e0 natureza. Tamb\u00e9m se destaca pela vasta cultura local, focada principalmente em gastronomia e artesanato.<\/div>\n<div>&nbsp;<\/div>\n<div><a href=\"http:\/\/folhadosudeste.com\/site\/wp-content\/uploads\/2021\/01\/PHOTO-2021-01-25-10-12-25-1.jpg\"><img loading=\"lazy\" decoding=\"async\" class=\"alignnone size-full wp-image-73727\" src=\"http:\/\/folhadosudeste.com\/site\/wp-content\/uploads\/2021\/01\/PHOTO-2021-01-25-10-12-25-1.jpg\" alt=\"\" width=\"890\" height=\"594\" srcset=\"http:\/\/folhadosudeste.com\/site\/wp-content\/uploads\/2021\/01\/PHOTO-2021-01-25-10-12-25-1.jpg 890w, http:\/\/folhadosudeste.com\/site\/wp-content\/uploads\/2021\/01\/PHOTO-2021-01-25-10-12-25-1-300x200.jpg 300w, http:\/\/folhadosudeste.com\/site\/wp-content\/uploads\/2021\/01\/PHOTO-2021-01-25-10-12-25-1-768x513.jpg 768w, http:\/\/folhadosudeste.com\/site\/wp-content\/uploads\/2021\/01\/PHOTO-2021-01-25-10-12-25-1-120x80.jpg 120w, http:\/\/folhadosudeste.com\/site\/wp-content\/uploads\/2021\/01\/PHOTO-2021-01-25-10-12-25-1-345x230.jpg 345w\" sizes=\"auto, (max-width: 890px) 100vw, 890px\" \/><\/a><\/div>\n","protected":false},"excerpt":{"rendered":"<p>&nbsp; A Prefeitura de Muria\u00e9, atrav\u00e9s da Secretaria de Desenvolvimento Econ\u00f4mico e do Departamento de Turismo da Fundarte, esteve em Belis\u00e1rio na \u00faltima quinta-feira (21) para visita t\u00e9cnica a diversos pontos do distrito. O trabalho foi o primeiro passo para a elabora\u00e7\u00e3o do projeto de turismo e desenvolvimento que a administra\u00e7\u00e3o municipal pretende desenvolver&nbsp; no [&hellip;]<\/p>\n","protected":false},"author":6,"featured_media":0,"comment_status":"open","ping_status":"closed","sticky":false,"template":"","format":"standard","meta":{"_joinchat":[],"footnotes":""},"categories":[1],"tags":[],"class_list":["post-73725","post","type-post","status-publish","format-standard","hentry","category-sem-categoria"],"_links":{"self":[{"href":"http:\/\/folhadosudeste.com\/site\/index.php?rest_route=\/wp\/v2\/posts\/73725","targetHints":{"allow":["GET"]}}],"collection":[{"href":"http:\/\/folhadosudeste.com\/site\/index.php?rest_route=\/wp\/v2\/posts"}],"about":[{"href":"http:\/\/folhadosudeste.com\/site\/index.php?rest_route=\/wp\/v2\/types\/post"}],"author":[{"embeddable":true,"href":"http:\/\/folhadosudeste.com\/site\/index.php?rest_route=\/wp\/v2\/users\/6"}],"replies":[{"embeddable":true,"href":"http:\/\/folhadosudeste.com\/site\/index.php?rest_route=%2Fwp%2Fv2%2Fcomments&post=73725"}],"version-history":[{"count":1,"href":"http:\/\/folhadosudeste.com\/site\/index.php?rest_route=\/wp\/v2\/posts\/73725\/revisions"}],"predecessor-version":[{"id":73728,"href":"http:\/\/folhadosudeste.com\/site\/index.php?rest_route=\/wp\/v2\/posts\/73725\/revisions\/73728"}],"wp:attachment":[{"href":"http:\/\/folhadosudeste.com\/site\/index.php?rest_route=%2Fwp%2Fv2%2Fmedia&parent=73725"}],"wp:term":[{"taxonomy":"category","embeddable":true,"href":"http:\/\/folhadosudeste.com\/site\/index.php?rest_route=%2Fwp%2Fv2%2Fcategories&post=73725"},{"taxonomy":"post_tag","embeddable":true,"href":"http:\/\/folhadosudeste.com\/site\/index.php?rest_route=%2Fwp%2Fv2%2Ftags&post=73725"}],"curies":[{"name":"wp","href":"https:\/\/api.w.org\/{rel}","templated":true}]}}