{"id":73736,"date":"2021-01-30T13:45:24","date_gmt":"2021-01-30T13:45:24","guid":{"rendered":"http:\/\/folhadosudeste.com\/site\/?p=73736"},"modified":"2021-01-30T13:45:24","modified_gmt":"2021-01-30T13:45:24","slug":"rogerio-henrique-sera-o-treinador-do-nac-no-modulo-ii","status":"publish","type":"post","link":"http:\/\/folhadosudeste.com\/site\/?p=73736","title":{"rendered":"Rog\u00e9rio Henrique ser\u00e1 o treinador do NAC no M\u00f3dulo II"},"content":{"rendered":"<p><a href=\"http:\/\/folhadosudeste.com\/site\/wp-content\/uploads\/2021\/01\/WhatsApp-Image-2021-01-30-at-09.39.11.jpeg\"><img loading=\"lazy\" decoding=\"async\" class=\"alignnone size-full wp-image-73737\" src=\"http:\/\/folhadosudeste.com\/site\/wp-content\/uploads\/2021\/01\/WhatsApp-Image-2021-01-30-at-09.39.11.jpeg\" alt=\"\" width=\"1200\" height=\"1200\" srcset=\"http:\/\/folhadosudeste.com\/site\/wp-content\/uploads\/2021\/01\/WhatsApp-Image-2021-01-30-at-09.39.11.jpeg 1200w, http:\/\/folhadosudeste.com\/site\/wp-content\/uploads\/2021\/01\/WhatsApp-Image-2021-01-30-at-09.39.11-150x150.jpeg 150w, http:\/\/folhadosudeste.com\/site\/wp-content\/uploads\/2021\/01\/WhatsApp-Image-2021-01-30-at-09.39.11-300x300.jpeg 300w, http:\/\/folhadosudeste.com\/site\/wp-content\/uploads\/2021\/01\/WhatsApp-Image-2021-01-30-at-09.39.11-768x768.jpeg 768w, http:\/\/folhadosudeste.com\/site\/wp-content\/uploads\/2021\/01\/WhatsApp-Image-2021-01-30-at-09.39.11-1024x1024.jpeg 1024w\" sizes=\"auto, (max-width: 1200px) 100vw, 1200px\" \/><\/a><\/p>\n<p style=\"text-align: justify;\">O Nacional acertou a contrata\u00e7\u00e3o do treinador Rog\u00e9rio Henrique, que vai comandar a equipe na disputa do M\u00f3dulo II do Campeonato Mineiro de 2021.<\/p>\n<p style=\"text-align: justify;\">Aos 41 anos, o mineiro de Borda da Mata vai estar pela primeira vez no comando do NAC e traz consigo a experi\u00eancia de \u00f3timas campanhas na competi\u00e7\u00e3o, tendo conquistado o t\u00edtulo em 2017 pelo Patrocinense. No ano passado, esteve \u00e0 frente do campe\u00e3o Pouso Alegre at\u00e9 a paralisa\u00e7\u00e3o do campeonato por conta da pandemia. Na ocasi\u00e3o, liderava com 16 pontos em seis jogos (aproveitamento de 89%), encaminhando a classifica\u00e7\u00e3o.<\/p>\n<p style=\"text-align: justify;\">O treinador tamb\u00e9m tem dois t\u00edtulos da 2\u00aa Divis\u00e3o do Mineiro, conquistados por Patrocinense (2016) e Pouso Alegre (2019).<\/p>\n<p style=\"text-align: justify;\">Rog\u00e9rio Henrique acumula trabalhos ainda por Jacutinga (MG), Abecat (GO), Uberaba (MG), Arax\u00e1 (MG), Ipatinga (MG), entre outros. Recentemente, teve breves passagens por Atibaia (SP) e Atl\u00e9tico de Tr\u00eas Cora\u00e7\u00f5es (MG).<\/p>\n<p style=\"text-align: justify;\">O novo treinador e a diretoria do Nacional j\u00e1 est\u00e3o montando o planejamento para o M\u00f3dulo II, mesmo ainda sem a defini\u00e7\u00e3o da data de in\u00edcio da competi\u00e7\u00e3o. O Arbitral vai acontecer em fevereiro.<\/p>\n<p style=\"text-align: justify;\"><strong>FICHA T\u00c9CNICA<\/strong><br \/>\nNome Completo: Rog\u00e9rio Henrique Alves<br \/>\nIdade: 41 anos (21\/03\/1979)<br \/>\nClubes: Atl\u00e9tico TC\/MG (2020); Atibaia\/SP (2020); Pouso Alegre\/MG (19-20); Uberaba\/MG (19 e 18); Ipatinga\/MG (19); Arax\u00e1\/MG (18); Patrocinense\/MG (16-18); Abecat\/GO (17); Jacutinga\/MG (16)<\/p>\n","protected":false},"excerpt":{"rendered":"<p>O Nacional acertou a contrata\u00e7\u00e3o do treinador Rog\u00e9rio Henrique, que vai comandar a equipe na disputa do M\u00f3dulo II do Campeonato Mineiro de 2021. Aos 41 anos, o mineiro de Borda da Mata vai estar pela primeira vez no comando do NAC e traz consigo a experi\u00eancia de \u00f3timas campanhas na competi\u00e7\u00e3o, tendo conquistado o [&hellip;]<\/p>\n","protected":false},"author":6,"featured_media":0,"comment_status":"open","ping_status":"closed","sticky":false,"template":"","format":"standard","meta":{"_joinchat":[],"footnotes":""},"categories":[1],"tags":[],"class_list":["post-73736","post","type-post","status-publish","format-standard","hentry","category-sem-categoria"],"_links":{"self":[{"href":"http:\/\/folhadosudeste.com\/site\/index.php?rest_route=\/wp\/v2\/posts\/73736","targetHints":{"allow":["GET"]}}],"collection":[{"href":"http:\/\/folhadosudeste.com\/site\/index.php?rest_route=\/wp\/v2\/posts"}],"about":[{"href":"http:\/\/folhadosudeste.com\/site\/index.php?rest_route=\/wp\/v2\/types\/post"}],"author":[{"embeddable":true,"href":"http:\/\/folhadosudeste.com\/site\/index.php?rest_route=\/wp\/v2\/users\/6"}],"replies":[{"embeddable":true,"href":"http:\/\/folhadosudeste.com\/site\/index.php?rest_route=%2Fwp%2Fv2%2Fcomments&post=73736"}],"version-history":[{"count":1,"href":"http:\/\/folhadosudeste.com\/site\/index.php?rest_route=\/wp\/v2\/posts\/73736\/revisions"}],"predecessor-version":[{"id":73738,"href":"http:\/\/folhadosudeste.com\/site\/index.php?rest_route=\/wp\/v2\/posts\/73736\/revisions\/73738"}],"wp:attachment":[{"href":"http:\/\/folhadosudeste.com\/site\/index.php?rest_route=%2Fwp%2Fv2%2Fmedia&parent=73736"}],"wp:term":[{"taxonomy":"category","embeddable":true,"href":"http:\/\/folhadosudeste.com\/site\/index.php?rest_route=%2Fwp%2Fv2%2Fcategories&post=73736"},{"taxonomy":"post_tag","embeddable":true,"href":"http:\/\/folhadosudeste.com\/site\/index.php?rest_route=%2Fwp%2Fv2%2Ftags&post=73736"}],"curies":[{"name":"wp","href":"https:\/\/api.w.org\/{rel}","templated":true}]}}